{"id":10954,"date":"2017-04-11T14:14:10","date_gmt":"2017-04-11T12:14:10","guid":{"rendered":"https:\/\/www.travelcircus.de\/urlaubsziele\/?p=10954"},"modified":"2024-06-17T13:29:19","modified_gmt":"2024-06-17T13:29:19","slug":"gardasee-sehenswuerdigkeiten","status":"publish","type":"post","link":"https:\/\/www.travelcircus.de\/urlaubsziele\/gardasee-sehenswuerdigkeiten\/","title":{"rendered":"Gardasee Sehensw\u00fcrdigkeiten \u2013 Die Top 10 der beliebtesten Attraktionen"},"content":{"rendered":"<p style=\"text-align: justify;\">Ein kristallklarer, langgestreckter See, mildes Mittelmeerklima, mediterranes Flair, weite Oliven- und Zitronenhaine umrahmt von einer alpinen Gebirgskulisse. Diese Beschreibung kann nur auf einen Ort in Italien passen \u2013 den wundersch\u00f6nen <strong>Gardasee<\/strong>. <\/p>\n<p style=\"text-align: justify;\">Seit jeher Sehnsuchtsziel f\u00fcr Menschen aus aller Welt, besticht der Gardasee vor allem durch eines: Seine Vielfalt und z\u00e4hlt zu den <strong>Top Ausflugsorten in Italien<\/strong>. <\/p>\n<p style=\"text-align: justify;\">Doch was sollten Sie sich im <a href=\"https:\/\/www.travelcircus.de\/urlaub-gardasee\" rel=\"noopener noreferrer\" target=\"_blank\">Urlaub am Gardasee<\/a> unbedingt anschauen?<br \/>\nWir zeigen Ihnen in unserer <strong>Top 10 Gardasee Sehensw\u00fcrdigkeiten<\/strong> die besten Orte, die Sie sich bei einen Gardasee Besuch auf keinen Fall entgehen lassen sollten!<br \/>\n<!--more--><\/p>\n<div id=\"gyg-widget-1\"><\/div>\n<p><script async defer src=\"\/\/widget.getyourguide.com\/v2\/core.js\" onload=\"GYG.Widget(document.getElementById('gyg-widget-1'),{'q':'Gardasee','cmp':'Gardasee_top','currency':'EUR','localeCode':'de-DE','numberOfItems':'3','partnerId':'RYV446M'});\"><\/script><a href=\"https:\/\/www.getyourguide.de\/s\/?partner_id=RYV446M&#038;cmp= Gardasee_seemore&#038;q=Gardasee\" target=\"_blank\" rel=\"nofollow noopener noreferrer\" class=\"gyg-see-all\">\u00bb Alle Angebote ansehen<\/a><br \/>\n&nbsp;<\/p>\n<h2>Die Top 10 Gardasee Sehensw\u00fcrdigkeiten auf einen Blick<\/h2>\n<ol>\n<li><a href=\"#1\">Isola del Garda<\/a><\/li>\n<li><a href=\"#2\">Malcesine<\/a><\/li>\n<li><a href=\"#3\">Castello Scaligero Malcesine<\/a><\/li>\n<li><a href=\"#4\">Oliven\u00f6lmuseum<\/a><\/li>\n<li><a href=\"#5\">Gardaland<\/a><\/li>\n<li><a href=\"#6\">Grotten des Catull<\/a><\/li>\n<li><a href=\"#7\">Monte Brione<\/a><\/li>\n<li><a href=\"#8\">Punta San Vigilio<\/a><\/li>\n<li><a href=\"#9\">Weinort Bardolino<\/a><\/li>\n<li><a href=\"#10\">Gardasee Schifffahrt<\/a><\/li>\n<\/ol>\n<p><iframe src=\"https:\/\/www.google.com\/maps\/d\/u\/0\/embed?mid=18ScwWGL4yqNPjOMRhnTvqDk0rCvLRZv6\" width=\"640\" height=\"480\"><\/iframe><\/p>\n<h2 id=\"1\">Platz 1: Isola del Garda<\/h2>\n<div align=\"center\">\n<blockquote class=\"instagram-media\" data-instgrm-permalink=\"https:\/\/www.instagram.com\/p\/BmvGXhCnrVH\/?utm_source=ig_embed\" data-instgrm-version=\"9\" style=\" background:#FFF; border:0; border-radius:3px; box-shadow:0 0 1px 0 rgba(0,0,0,0.5),0 1px 10px 0 rgba(0,0,0,0.15); margin: 1px; max-width:540px; min-width:326px; padding:0; width:99.375%; width:-webkit-calc(100% - 2px); width:calc(100% - 2px);\">\n<div style=\"padding:8px;\">\n<div style=\" background:#F8F8F8; line-height:0; margin-top:40px; padding:56.89814814814815% 0; text-align:center; width:100%;\">\n<div style=\" background:url(data:image\/png;base64,iVBORw0KGgoAAAANSUhEUgAAACwAAAAsCAMAAAApWqozAAAABGdBTUEAALGPC\/xhBQAAAAFzUkdCAK7OHOkAAAAMUExURczMzPf399fX1+bm5mzY9AMAAADiSURBVDjLvZXbEsMgCES5\/P8\/t9FuRVCRmU73JWlzosgSIIZURCjo\/ad+EQJJB4Hv8BFt+IDpQoCx1wjOSBFhh2XssxEIYn3ulI\/6MNReE07UIWJEv8UEOWDS88LY97kqyTliJKKtuYBbruAyVh5wOHiXmpi5we58Ek028czwyuQdLKPG1Bkb4NnM+VeAnfHqn1k4+GPT6uGQcvu2h2OVuIf\/gWUFyy8OWEpdyZSa3aVCqpVoVvzZZ2VTnn2wU8qzVjDDetO90GSy9mVLqtgYSy231MxrY6I2gGqjrTY0L8fxCxfCBbhWrsYYAAAAAElFTkSuQmCC); display:block; height:44px; margin:0 auto -44px; position:relative; top:-22px; width:44px;\"><\/div>\n<\/div>\n<p style=\" color:#c9c8cd; font-family:Arial,sans-serif; font-size:14px; line-height:17px; margin-bottom:0; margin-top:8px; overflow:hidden; padding:8px 0 7px; text-align:center; text-overflow:ellipsis; white-space:nowrap;\"><a href=\"https:\/\/www.instagram.com\/p\/BmvGXhCnrVH\/?utm_source=ig_embed\" style=\" color:#c9c8cd; font-family:Arial,sans-serif; font-size:14px; font-style:normal; font-weight:normal; line-height:17px; text-decoration:none;\" target=\"_blank\" rel=\"noopener noreferrer\">Ein Beitrag geteilt von Eva Mommers (@evamommers)<\/a> am <time style=\" font-family:Arial,sans-serif; font-size:14px; line-height:17px;\" datetime=\"2018-08-21T09:29:10+00:00\">Aug 21, 2018 um 2:29 PDT<\/time><\/p>\n<\/div>\n<\/blockquote>\n<p><script async defer src=\"\/\/www.instagram.com\/embed.js\"><\/script><\/div>\n<h3>Die sch\u00f6nste Insel am Gardasee<\/h3>\n<p style=\"text-align: justify;\">Am Gardasee gibt es nur wenige Orte, die so idyllisch und bezaubernd sind, wie die <strong>Isola del Garda <\/strong>\u2013 die <strong>Gardainsel<\/strong>. Sie ist die gr\u00f6\u00dfte Insel des Sees und eine der bezauberndsten Gardasee Sehensw\u00fcrdigkeiten.<\/p>\n<h3>Die Villa<\/h3>\n<p style=\"text-align: justify;\">Entdecker finden die Isola del Garda unweit der Bucht von <strong>San Felice del Benaco<\/strong>. Das romantische Eiland ist heute im Privatbesitz der Grafenfamilie Cavazza und verdankt ihren Charme vor allem der\u00a0<strong>bezaubernden Villa <\/strong>aus dem fr\u00fchen 19. Jahrhundert. <\/p>\n<p style=\"text-align: justify;\">Sie erstrahlt im neugotisch-venezianischen Stil und ist reich an architektonischen Verzierungen. Vor dem prunkvollen Bau erstrecken sich wundervolle Terrassen sowie G\u00e4rten bis ans Ufer des Sees. Letztere sind durch das sonnige Wetter am Gardasee reich an heimischer, exotischer und seltener Vegetation und bieten einen herrlichen Anblick \u2013 und jede Menge Ruhe.<\/p>\n<p style=\"text-align: justify;\">Egal ob Palmen, Zitronen- und Granat\u00e4pfelb\u00e4ume, Rosen und Zypressen \u2013 die Gardainsel besticht durch <strong>unber\u00fchrte Natur<\/strong> in ihrer wohl pr\u00e4chtigsten Form.<\/p>\n<p><a href=\"https:\/\/www.travelcircus.de\/urlaubsziele\/gardasee-sehenswuerdigkeiten\/?utm_source=urlaubsziele&#038;utm_medium=travelcircus-affiliate\" rel=\"noopener\" target=\"_blank\">>> <strong>Jetzt buchen: <\/strong>Erstklassige Urlaubsangebote am Gardasee <<<\/a><\/p>\n<p><strong>Die beliebtesten Unterk\u00fcnfte in der Umgebung:<\/strong><\/p>\n<p><ins class=\"bookingaff\" data-aid=\"1778756\" data-target_aid=\"1778756\" data-prod=\"dfl2\" data-width=\"100%\" data-height=\"auto\" data-lang=\"de\" data-dest_id=\"-127467\" data-dest_type=\"city\" data-df_num_properties=\"3\"><br \/>\n    <!-- Anything inside will go away once widget is loaded. --><br \/>\n        <a href=\"\/\/www.booking.com?aid=1778756\" rel=\"nofollow\">Booking.com<\/a><br \/>\n<\/ins><br \/>\n<script type=\"text\/javascript\">\n    (function(d, sc, u) {\n      var s = d.createElement(sc), p = d.getElementsByTagName(sc)[0];\n      s.type = 'text\/javascript';\n      s.async = true;\n      s.src = u + '?v=' + (+new Date());\n      p.parentNode.insertBefore(s,p);\n      })(document, 'script', '\/\/aff.bstatic.com\/static\/affiliate_base\/js\/flexiproduct.js');\n<\/script><\/p>\n<div class=\"tipp_center\"><strong>Tipp: <\/strong>Sie erreichen die gr\u00fcnste der Gardasee Sehensw\u00fcrdigkeiten u.a. von den folgenden H\u00e4fen: <strong>Sirmione<\/strong>, <strong>Torri del Benaco<\/strong>, <strong>Lazise<\/strong>, <strong>Garda<\/strong>, <strong>San Felice del Benaco<\/strong>. F\u00fchrungen werden von April bis Oktober angeboten, erfordern allerdings eine vorherige Buchung. Infos zu F\u00fchrungen und Preisen, sowie Tickets finden Sie auf der Website der  <a href=\"http:\/\/www.isoladelgarda.com\/gardasee\/Die-Gardainsel.html\" target=\"_blank\" rel=\"nofollow noopener noreferrer\">Isola del Garda<\/a>.<\/div>\n<hr>\n<h2 id=\"2\">Platz 2: Malcesine<\/h2>\n<figure id=\"attachment_10959\" aria-describedby=\"caption-attachment-10959\" style=\"width: 686px\" class=\"wp-caption alignnone\"><img decoding=\"async\" src=\"https:\/\/blog.travelcircus.dev\/urlaubsziele\/wp-content\/uploads\/2017\/04\/Fotolia_9093106_gardasee_malcesine_\u00a9-Heiner-Seidl-1024x664.jpg\" alt=\"Gardasee Sehensw\u00fcrdigkeiten. Malcesine.\" width=\"696\" height=\"451\" class=\"size-large wp-image-10959\" srcset=\"https:\/\/www.travelcircus.de\/urlaubsziele\/wp-content\/uploads\/2017\/04\/Fotolia_9093106_gardasee_malcesine_\u00a9-Heiner-Seidl-1024x664.jpg 1024w, https:\/\/www.travelcircus.de\/urlaubsziele\/wp-content\/uploads\/2017\/04\/Fotolia_9093106_gardasee_malcesine_\u00a9-Heiner-Seidl-300x195.jpg 300w, https:\/\/www.travelcircus.de\/urlaubsziele\/wp-content\/uploads\/2017\/04\/Fotolia_9093106_gardasee_malcesine_\u00a9-Heiner-Seidl-768x498.jpg 768w, https:\/\/www.travelcircus.de\/urlaubsziele\/wp-content\/uploads\/2017\/04\/Fotolia_9093106_gardasee_malcesine_\u00a9-Heiner-Seidl-1536x996.jpg 1536w, https:\/\/www.travelcircus.de\/urlaubsziele\/wp-content\/uploads\/2017\/04\/Fotolia_9093106_gardasee_malcesine_\u00a9-Heiner-Seidl.jpg 1712w\" sizes=\"(max-width: 696px) 100vw, 696px\" \/><figcaption id=\"caption-attachment-10959\" class=\"wp-caption-text\">Top 10 Sehensw\u00fcrdigkeiten Gardasee &#8211; Blick auf Malcesine<\/figcaption><\/figure>\n<p style=\"text-align: justify;\">An das Ufer des Gardasees schmiegen sich zahlreiche malerische St\u00e4dte und Ortschaften. Eine der sch\u00f6nsten St\u00e4dte ist das pittoreske <strong>Malcesine<\/strong>. Sie lockt mit kleinen, verwinkelten G\u00e4sschen, bunten H\u00e4usern sowie typisch italienischem Charme. Zu den architektonischen Sch\u00e4tzen Malcesines geh\u00f6ren sowohl die barocke <strong>Pfarrkirche Santo Stefano<\/strong> als auch der<strong> Palazzo dei Capitani<\/strong>.<\/p>\n<h3>Castello Scaligero<\/h3>\n<p style=\"text-align: justify;\"><strong>Wahrzeichen<\/strong> der Stadt ist jedoch das <strong>Castello Scaligero<\/strong>, das auf einem kantigen Burgfelsen errichtet wurde und eine traumhafte Aussicht bietet. <\/p>\n<h3>Speisen im Hafen<\/h3>\n<p style=\"text-align: justify;\">Wer Malcesine entdecken will, sollte sich einfach treiben lassen. Vielleicht sto\u00dfen Sie dabei ja auch auf den alten, idyllischen Hafen. Hier befindet sich auch das Restaurante Porto Vecchio, in dem Sie ganz hervorragend essen k\u00f6nnen. Auf der Speisekarte stehen erstklassige Fisch- und Pastagerichte.<\/p>\n<div class=\"tipp_center\">\n<p style=\"text-align: justify;\"><strong><strong>Tipp:<\/strong><\/strong> Es lohnt sich, in Malcesine mit der Seilbahn auf den 1760 m hohen <strong>\u201eTratto Spino\u201c<\/strong> zu fahren. Vom Gipfel des Berges ergattern Sie eine grandiose Aussicht auf den Lago di Garda und die umliegenden Berge.<\/p>\n<p style=\"text-align: justify;\">Die Fahrt ist f\u00fcr sich schon ein tolles Erlebnis, denn die Gondeln drehen sich um die eigene Achse und bieten so einen tollen Rundum-Blick.<\/p>\n<\/div>\n<ul>\n<li><strong>Mehr erfahren:<\/strong> <a href=\"https:\/\/www.booking.com\/searchresults.de.html?city=-120793&#038;aid=1773279&#038;no_rooms=1&#038;group_adults=1\" target=\"_blank\" rel=\"nofollow noopener noreferrer\">\u00bb Jetzt die beliebtesten Unterk\u00fcnfte in der Umgebung entdecken.<\/a><\/li>\n<\/ul>\n<hr>\n<h2 id=\"3\">Platz 3: Castello Scaligero Malcesine<\/h2>\n<div align=\"center\">\n<blockquote class=\"instagram-media\" data-instgrm-permalink=\"https:\/\/www.instagram.com\/p\/BTO9so_lb3Z\/?utm_source=ig_embed\" data-instgrm-version=\"9\" style=\" background:#FFF; border:0; border-radius:3px; box-shadow:0 0 1px 0 rgba(0,0,0,0.5),0 1px 10px 0 rgba(0,0,0,0.15); margin: 1px; max-width:540px; min-width:326px; padding:0; width:99.375%; width:-webkit-calc(100% - 2px); width:calc(100% - 2px);\">\n<div style=\"padding:8px;\">\n<div style=\" background:#F8F8F8; line-height:0; margin-top:40px; padding:50.0% 0; text-align:center; width:100%;\">\n<div style=\" background:url(data:image\/png;base64,iVBORw0KGgoAAAANSUhEUgAAACwAAAAsCAMAAAApWqozAAAABGdBTUEAALGPC\/xhBQAAAAFzUkdCAK7OHOkAAAAMUExURczMzPf399fX1+bm5mzY9AMAAADiSURBVDjLvZXbEsMgCES5\/P8\/t9FuRVCRmU73JWlzosgSIIZURCjo\/ad+EQJJB4Hv8BFt+IDpQoCx1wjOSBFhh2XssxEIYn3ulI\/6MNReE07UIWJEv8UEOWDS88LY97kqyTliJKKtuYBbruAyVh5wOHiXmpi5we58Ek028czwyuQdLKPG1Bkb4NnM+VeAnfHqn1k4+GPT6uGQcvu2h2OVuIf\/gWUFyy8OWEpdyZSa3aVCqpVoVvzZZ2VTnn2wU8qzVjDDetO90GSy9mVLqtgYSy231MxrY6I2gGqjrTY0L8fxCxfCBbhWrsYYAAAAAElFTkSuQmCC); display:block; height:44px; margin:0 auto -44px; position:relative; top:-22px; width:44px;\"><\/div>\n<\/div>\n<p style=\" color:#c9c8cd; font-family:Arial,sans-serif; font-size:14px; line-height:17px; margin-bottom:0; margin-top:8px; overflow:hidden; padding:8px 0 7px; text-align:center; text-overflow:ellipsis; white-space:nowrap;\"><a href=\"https:\/\/www.instagram.com\/p\/BTO9so_lb3Z\/?utm_source=ig_embed\" style=\" color:#c9c8cd; font-family:Arial,sans-serif; font-size:14px; font-style:normal; font-weight:normal; line-height:17px; text-decoration:none;\" target=\"_blank\" rel=\"noopener noreferrer\">Ein Beitrag geteilt von Nico \u3030\ufe0f (@30nico05)<\/a> am <time style=\" font-family:Arial,sans-serif; font-size:14px; line-height:17px;\" datetime=\"2017-04-23T16:01:13+00:00\">Apr 23, 2017 um 9:01 PDT<\/time><\/p>\n<\/div>\n<\/blockquote>\n<p><script async defer src=\"\/\/www.instagram.com\/embed.js\"><\/script><\/div>\n<p style=\"text-align: justify;\">Wer in Malcesine ist, sollte unbedingt auch das Wahrzeichen der Stadt erobern. Die <strong>Scaligerburg<\/strong> thront stolz auf einem kantigen Felsen \u00fcber der malerischen Kleinstadt und geh\u00f6rt zu den <strong>beeindruckendsten Gardasee Sehensw\u00fcrdigkeiten<\/strong>. Sie ist aus den kleinen G\u00e4sschen Malcesines heraus \u00fcberall gut zu sehen. <\/p>\n<h3>Kennst du das Land, wo die Zitronen bl\u00fchn?<\/h3>\n<p style=\"text-align: justify;\">Ein Besuch des Castello Scaligero Malcesine lohnt sich aus gleich mehreren Gr\u00fcnden:<\/p>\n<p> Zum einen genie\u00dfen Sie vom Bergfried eine herrliche Aussicht auf den Gardasee, die Berge und die Stadt. Zum anderen Sie den zu Ehren von Goethe gebauten <strong>Goethesaal<\/strong>, in dem Erinnerungsst\u00fccke an den prominenten Besucher ausgestellt sind, besichtigen . <\/p>\n<p style=\"text-align: justify;\">Goethe befand sich im Jahr 1786 auf dem Weg ins sch\u00f6ne Rom und kam dabei an Malcesine vorbei. Das Ensemble aus Burg, See und Stadt gefiel ihm so gut, dass er sie in seinen Reisebericht \u201eitalienische Reise\u201c aufnahm. <\/p>\n<p style=\"text-align: justify;\">Lassen Sie sich das Castello Scaligero Malcesine als eine der sch\u00f6nsten Sehensw\u00fcrdigkeiten am Gardasee und <strong>Top Ausflugsziel am Gardasee<\/strong> nicht entgehen. <\/p>\n<div class=\"tipp_center\"><strong>Schon gewusst?<\/strong> Johann Wolfgang von Goethe war von der Sch\u00f6nheit dieses Fleckchens Erde so begeistert, das er dar\u00fcber in &#8222;Kennst du das Land, wo die Zitronen bl\u00fchn?&#8220; schrieb<\/p>\n<\/div>\n<hr>\n<h2 id=\"4\">Platz 4: Museo dell&#8217;Olio di Oliva &#8211; Oliven\u00f6lmuseum<\/h2>\n<div align=\"center\">\n<blockquote class=\"instagram-media\" data-instgrm-permalink=\"https:\/\/www.instagram.com\/p\/BSCQAefj3nv\/?utm_source=ig_embed\" data-instgrm-version=\"9\" style=\" background:#FFF; border:0; border-radius:3px; box-shadow:0 0 1px 0 rgba(0,0,0,0.5),0 1px 10px 0 rgba(0,0,0,0.15); margin: 1px; max-width:540px; min-width:326px; padding:0; width:99.375%; width:-webkit-calc(100% - 2px); width:calc(100% - 2px);\">\n<div style=\"padding:8px;\">\n<div style=\" background:#F8F8F8; line-height:0; margin-top:40px; padding:46.666666666666664% 0; text-align:center; width:100%;\">\n<div style=\" background:url(data:image\/png;base64,iVBORw0KGgoAAAANSUhEUgAAACwAAAAsCAMAAAApWqozAAAABGdBTUEAALGPC\/xhBQAAAAFzUkdCAK7OHOkAAAAMUExURczMzPf399fX1+bm5mzY9AMAAADiSURBVDjLvZXbEsMgCES5\/P8\/t9FuRVCRmU73JWlzosgSIIZURCjo\/ad+EQJJB4Hv8BFt+IDpQoCx1wjOSBFhh2XssxEIYn3ulI\/6MNReE07UIWJEv8UEOWDS88LY97kqyTliJKKtuYBbruAyVh5wOHiXmpi5we58Ek028czwyuQdLKPG1Bkb4NnM+VeAnfHqn1k4+GPT6uGQcvu2h2OVuIf\/gWUFyy8OWEpdyZSa3aVCqpVoVvzZZ2VTnn2wU8qzVjDDetO90GSy9mVLqtgYSy231MxrY6I2gGqjrTY0L8fxCxfCBbhWrsYYAAAAAElFTkSuQmCC); display:block; height:44px; margin:0 auto -44px; position:relative; top:-22px; width:44px;\"><\/div>\n<\/div>\n<p style=\" color:#c9c8cd; font-family:Arial,sans-serif; font-size:14px; line-height:17px; margin-bottom:0; margin-top:8px; overflow:hidden; padding:8px 0 7px; text-align:center; text-overflow:ellipsis; white-space:nowrap;\"><a href=\"https:\/\/www.instagram.com\/p\/BSCQAefj3nv\/?utm_source=ig_embed\" style=\" color:#c9c8cd; font-family:Arial,sans-serif; font-size:14px; font-style:normal; font-weight:normal; line-height:17px; text-decoration:none;\" target=\"_blank\" rel=\"noopener noreferrer\">Ein Beitrag geteilt von Rene (@inselgriller)<\/a> am <time style=\" font-family:Arial,sans-serif; font-size:14px; line-height:17px;\" datetime=\"2017-03-24T20:59:42+00:00\">M\u00e4r 24, 2017 um 1:59 PDT<\/time><\/p>\n<\/div>\n<\/blockquote>\n<p><script async defer src=\"\/\/www.instagram.com\/embed.js\"><\/script><\/div>\n<p style=\"text-align: justify;\">Wer Urlaub am Lago di Garda macht, sollte unbedingt auch das <strong>Museo dell&#8217;Olio di Oliva<\/strong> besuchen. <\/p>\n<p style=\"text-align: justify;\">Das Oliven\u00f6lmuseum in Cisano bei Bardolino ist eine der beliebtesten Gardasee Sehensw\u00fcrdigkeiten. J\u00e4hrlich erfahren hier <strong>rund 50.000 Besucher<\/strong> viel Wissenswertes \u00fcber das wertvolle Oliven\u00f6l und wie genau die Menschen \u00fcber ein Jahrtausend hinweg fast unver\u00e4ndert ihr bedeutsames \u00d6l produzierten. <\/p>\n<h3>Das Gold Italiens<\/h3>\n<p style=\"text-align: justify;\">Im mediterranen Raum stellte das \u00d6l lange Zeit eines der wichtigsten Lebensmittel und Handelsg\u00fcter dar. Eines der Highlights des Museums ist der eigens produzierte Film \u201eDie Geschichte des \u00d6ls und des Olivenbaums\u201c. Darin wird Ihnen nicht nur die Geschichte des \u00d6ls und des Olivenbaums erl\u00e4utert, sondern auch die einzelnen Museumsexponate anschaulich erkl\u00e4rt. <\/p>\n<p style=\"text-align: justify;\">Der Eintritt ins Museum ist \u00fcbrigens <strong>kostenfrei<\/strong>!<\/p>\n<div class=\"tipp_center\"><strong>Tipp:<\/strong> Im angeschlossenen Museumsshop des Museo dell&#8217;Olio di Oliva k\u00f6nnen Sie auch feines Oliven\u00f6l probieren und nat\u00fcrlich kaufen. Wer mag, kann es sich sogar nach Hause schicken lassen.<\/div>\n<hr>\n<h2 id=\"5\">Platz 5: Gardaland<\/h2>\n<div align=\"center\">\n<blockquote class=\"instagram-media\" data-instgrm-permalink=\"https:\/\/www.instagram.com\/p\/BmyZU1vlAVR\/?utm_source=ig_embed\" data-instgrm-version=\"9\" style=\" background:#FFF; border:0; border-radius:3px; box-shadow:0 0 1px 0 rgba(0,0,0,0.5),0 1px 10px 0 rgba(0,0,0,0.15); margin: 1px; max-width:540px; min-width:326px; padding:0; width:99.375%; width:-webkit-calc(100% - 2px); width:calc(100% - 2px);\">\n<div style=\"padding:8px;\">\n<div style=\" background:#F8F8F8; line-height:0; margin-top:40px; padding:62.5% 0; text-align:center; width:100%;\">\n<div style=\" background:url(data:image\/png;base64,iVBORw0KGgoAAAANSUhEUgAAACwAAAAsCAMAAAApWqozAAAABGdBTUEAALGPC\/xhBQAAAAFzUkdCAK7OHOkAAAAMUExURczMzPf399fX1+bm5mzY9AMAAADiSURBVDjLvZXbEsMgCES5\/P8\/t9FuRVCRmU73JWlzosgSIIZURCjo\/ad+EQJJB4Hv8BFt+IDpQoCx1wjOSBFhh2XssxEIYn3ulI\/6MNReE07UIWJEv8UEOWDS88LY97kqyTliJKKtuYBbruAyVh5wOHiXmpi5we58Ek028czwyuQdLKPG1Bkb4NnM+VeAnfHqn1k4+GPT6uGQcvu2h2OVuIf\/gWUFyy8OWEpdyZSa3aVCqpVoVvzZZ2VTnn2wU8qzVjDDetO90GSy9mVLqtgYSy231MxrY6I2gGqjrTY0L8fxCxfCBbhWrsYYAAAAAElFTkSuQmCC); display:block; height:44px; margin:0 auto -44px; position:relative; top:-22px; width:44px;\"><\/div>\n<\/div>\n<p style=\" color:#c9c8cd; font-family:Arial,sans-serif; font-size:14px; line-height:17px; margin-bottom:0; margin-top:8px; overflow:hidden; padding:8px 0 7px; text-align:center; text-overflow:ellipsis; white-space:nowrap;\"><a href=\"https:\/\/www.instagram.com\/p\/BmyZU1vlAVR\/?utm_source=ig_embed\" style=\" color:#c9c8cd; font-family:Arial,sans-serif; font-size:14px; font-style:normal; font-weight:normal; line-height:17px; text-decoration:none;\" target=\"_blank\" rel=\"noopener noreferrer\">Ein Beitrag geteilt von Caneva The Aquapark (@caneva_officialpage)<\/a> am <time style=\" font-family:Arial,sans-serif; font-size:14px; line-height:17px;\" datetime=\"2018-08-22T16:12:33+00:00\">Aug 22, 2018 um 9:12 PDT<\/time><\/p>\n<\/div>\n<\/blockquote>\n<p><script async defer src=\"\/\/www.instagram.com\/embed.js\"><\/script>\n<\/div>\n<h3>Spa\u00df und Abenteuer auf 46 Hektar<\/h3>\n<p style=\"text-align: justify;\">Gerade f\u00fcr einen <strong>Familienurlaub<\/strong> am Gardasee ist die n\u00e4chste der Top 10 Gardasee Sehensw\u00fcrdigkeiten ein echtes Highlight. <\/p>\n<p style=\"text-align: justify;\">Neben traumhaften Landschaften gibt es am Gardasee auch den gr\u00f6\u00dften und beliebtesten Freizeitpark Italiens &#8211; das <strong>Gardaland<\/strong>. Mit \u00fcber 40 aufregenden Attraktionen sorgt er seit 1975 f\u00fcr strahlende Augen bei seinen Besuchern.<\/p>\n<p style=\"text-align: justify;\">Insgesamt erstreckt sich das zwischen Lazise und Peschiera am S\u00fcdufer gelegene Gardaland auf 46 Hektar und empf\u00e4ngt rund <strong>2,7 Millionen<\/strong> Besucher j\u00e4hrlich. Dabei vereint das Gardaland Abenteuer, Traum und Fantasie in vier themenbezogenen D\u00f6rfern. <\/p>\n<h3>Themend\u00f6rfer im Gardaland<\/h3>\n<p style=\"text-align: justify;\">Beispielsweise k\u00f6nnen Besucher in die Polarwelt eintauchen und auf Expeditionsfahrt am Nordpol gehen oder ins Land der Pharaonen reisen. Sie k\u00f6nnen aber auch inmitten des Dschungels eine wilde Fahrt auf den Stromschnellen wagen und sich im Fuga da Atlantide einer Bootsfahrt durch ein versunkenes Inselreich stellen.<\/p>\n<p style=\"text-align: justify;\">Oder wie w\u00e4re es mit einem <strong>Adrenalinkick<\/strong> in einer Achterbahn mit Doppel-Loop und Highspeed-Finale? Doch egal, ob klein oder gro\u00df \u2013 das Gardaland ist eine der bekanntesten und beliebtesten Gardasee Sehensw\u00fcrdigkeiten.<\/p>\n<div class=\"tipp_center\"><strong>Tipp:<\/strong> Kaufen Sie Ihre Gardaland Tickets vor Ihrem Besuch \u00fcber das Internet. Wer online bucht, kann einige Euro einsparen. Kinder unter 1 m K\u00f6rpergr\u00f6\u00dfe gelangen kostenfrei ins Gardaland.<\/div>\n<hr>\n<h2 id=\"6\">Platz 6: Grotte di Catullo \u2013 Grotten des Catull<\/h2>\n<div align=\"center\">\n<blockquote class=\"instagram-media\" data-instgrm-permalink=\"https:\/\/www.instagram.com\/p\/BmtaqH7B4qU\/?utm_source=ig_embed\" data-instgrm-version=\"9\" style=\" background:#FFF; border:0; border-radius:3px; box-shadow:0 0 1px 0 rgba(0,0,0,0.5),0 1px 10px 0 rgba(0,0,0,0.15); margin: 1px; max-width:540px; min-width:326px; padding:0; width:99.375%; width:-webkit-calc(100% - 2px); width:calc(100% - 2px);\">\n<div style=\"padding:8px;\">\n<div style=\" background:#F8F8F8; line-height:0; margin-top:40px; padding:50% 0; text-align:center; width:100%;\">\n<div style=\" background:url(data:image\/png;base64,iVBORw0KGgoAAAANSUhEUgAAACwAAAAsCAMAAAApWqozAAAABGdBTUEAALGPC\/xhBQAAAAFzUkdCAK7OHOkAAAAMUExURczMzPf399fX1+bm5mzY9AMAAADiSURBVDjLvZXbEsMgCES5\/P8\/t9FuRVCRmU73JWlzosgSIIZURCjo\/ad+EQJJB4Hv8BFt+IDpQoCx1wjOSBFhh2XssxEIYn3ulI\/6MNReE07UIWJEv8UEOWDS88LY97kqyTliJKKtuYBbruAyVh5wOHiXmpi5we58Ek028czwyuQdLKPG1Bkb4NnM+VeAnfHqn1k4+GPT6uGQcvu2h2OVuIf\/gWUFyy8OWEpdyZSa3aVCqpVoVvzZZ2VTnn2wU8qzVjDDetO90GSy9mVLqtgYSy231MxrY6I2gGqjrTY0L8fxCxfCBbhWrsYYAAAAAElFTkSuQmCC); display:block; height:44px; margin:0 auto -44px; position:relative; top:-22px; width:44px;\"><\/div>\n<\/div>\n<p style=\" color:#c9c8cd; font-family:Arial,sans-serif; font-size:14px; line-height:17px; margin-bottom:0; margin-top:8px; overflow:hidden; padding:8px 0 7px; text-align:center; text-overflow:ellipsis; white-space:nowrap;\"><a href=\"https:\/\/www.instagram.com\/p\/BmtaqH7B4qU\/?utm_source=ig_embed\" style=\" color:#c9c8cd; font-family:Arial,sans-serif; font-size:14px; font-style:normal; font-weight:normal; line-height:17px; text-decoration:none;\" target=\"_blank\" rel=\"noopener noreferrer\">Ein Beitrag geteilt von Caterina Muccini (@catemuccini)<\/a> am <time style=\" font-family:Arial,sans-serif; font-size:14px; line-height:17px;\" datetime=\"2018-08-20T17:47:59+00:00\">Aug 20, 2018 um 10:47 PDT<\/time><\/p>\n<\/div>\n<\/blockquote>\n<p><script async defer src=\"\/\/www.instagram.com\/embed.js\"><\/script><\/div>\n<p style=\"text-align: justify;\">Am Ende der Landzunge von Sirmione am S\u00fcdufer des Gardasees befindet sich eine der bedeutendsten Sehensw\u00fcrdigkeiten am Gardasse. <\/p>\n<p style=\"text-align: justify;\">Die <strong>Grotten des Catull<\/strong>, ital. Grotte di Catullo, sind die gr\u00f6\u00dfte und am besten erhaltene r\u00f6mische Villa im Norden Italiens. Bei den Ruinen handelt es sich \u2013 anders als der Name vermuten l\u00e4sst \u2013 also nicht nicht um Grotten im engeren Sinne. Vielmehr umfasst dieses Top Ausflugsziel in Italien die bemerkenswerten \u00dcberreste eines weitl\u00e4ufigen, herrschaftlichen r\u00f6mischen Anwesens samt seiner Thermalb\u00e4der.<\/p>\n<h3>Einst so prachtvoll<\/h3>\n<p style=\"text-align: justify;\">Heute sind von den vermutlich drei Etagen der Anlage nur noch die Untergeschosse \u00fcbrig geblieben. Zahlreiche Mosaike und Fresken lassen aber auch heute noch erahnen, wie pr\u00e4chtig die Grotte di Catullo gewesen sein muss. Daf\u00fcr spricht auch die privilegierte Lage von <strong>Villa und Thermalb\u00e4dern<\/strong> auf einem ausgedehnten Olivenhain \u00fcber dem Gardasee. <\/p>\n<p style=\"text-align: justify;\">Entdecken Sie mit den beeindruckenden Ausgrabungen eine der \u00e4ltesten Gardasee Sehensw\u00fcrdigkeiten.<\/p>\n<p><!-- tc-blog-content-mid --><br \/>\n<ins class=\"adsbygoogle\" style=\"display: block;\" data-ad-client=\"ca-pub-5861780073444146\" data-ad-slot=\"4289677538\" data-ad-format=\"rectangle\"><\/ins><br \/>\n<script>\n(adsbygoogle = window.adsbygoogle || []).push({});\n<\/script><\/p>\n<hr>\n<h2 id=\"7\">Platz 7: Monte Brione<\/h2>\n<div align=\"center\">\n<blockquote class=\"instagram-media\" data-instgrm-permalink=\"https:\/\/www.instagram.com\/p\/Bmk_m5sgsN-\/?utm_source=ig_embed\" data-instgrm-version=\"9\" style=\" background:#FFF; border:0; border-radius:3px; box-shadow:0 0 1px 0 rgba(0,0,0,0.5),0 1px 10px 0 rgba(0,0,0,0.15); margin: 1px; max-width:540px; min-width:326px; padding:0; width:99.375%; width:-webkit-calc(100% - 2px); width:calc(100% - 2px);\">\n<div style=\"padding:8px;\">\n<div style=\" background:#F8F8F8; line-height:0; margin-top:40px; padding:50.0% 0; text-align:center; width:100%;\">\n<div style=\" background:url(data:image\/png;base64,iVBORw0KGgoAAAANSUhEUgAAACwAAAAsCAMAAAApWqozAAAABGdBTUEAALGPC\/xhBQAAAAFzUkdCAK7OHOkAAAAMUExURczMzPf399fX1+bm5mzY9AMAAADiSURBVDjLvZXbEsMgCES5\/P8\/t9FuRVCRmU73JWlzosgSIIZURCjo\/ad+EQJJB4Hv8BFt+IDpQoCx1wjOSBFhh2XssxEIYn3ulI\/6MNReE07UIWJEv8UEOWDS88LY97kqyTliJKKtuYBbruAyVh5wOHiXmpi5we58Ek028czwyuQdLKPG1Bkb4NnM+VeAnfHqn1k4+GPT6uGQcvu2h2OVuIf\/gWUFyy8OWEpdyZSa3aVCqpVoVvzZZ2VTnn2wU8qzVjDDetO90GSy9mVLqtgYSy231MxrY6I2gGqjrTY0L8fxCxfCBbhWrsYYAAAAAElFTkSuQmCC); display:block; height:44px; margin:0 auto -44px; position:relative; top:-22px; width:44px;\"><\/div>\n<\/div>\n<p style=\" color:#c9c8cd; font-family:Arial,sans-serif; font-size:14px; line-height:17px; margin-bottom:0; margin-top:8px; overflow:hidden; padding:8px 0 7px; text-align:center; text-overflow:ellipsis; white-space:nowrap;\"><a href=\"https:\/\/www.instagram.com\/p\/Bmk_m5sgsN-\/?utm_source=ig_embed\" style=\" color:#c9c8cd; font-family:Arial,sans-serif; font-size:14px; font-style:normal; font-weight:normal; line-height:17px; text-decoration:none;\" target=\"_blank\" rel=\"noopener noreferrer\">Ein Beitrag geteilt von Christa (@starlightchrista)<\/a> am <time style=\" font-family:Arial,sans-serif; font-size:14px; line-height:17px;\" datetime=\"2018-08-17T11:17:42+00:00\">Aug 17, 2018 um 4:17 PDT<\/time><\/p>\n<\/div>\n<\/blockquote>\n<p><script async defer src=\"\/\/www.instagram.com\/embed.js\"><\/script><\/div>\n<p style=\"text-align: justify;\">Wer am Nordufer des Gardasees unterwegs ist, wird den markanten <strong>Monte Brione <\/strong>sicherlich kennen. Der H\u00f6henzug erstreckt sich zwischen Riva del Garda und Torbole und ist mit seinen 376 m im Vergleich mit den umliegenden Bergen ein echter Winzling. Nichtsdestotrotz geh\u00f6rt der Monte Brione zu den beeindruckendsten Gardasee Sehensw\u00fcrdigkeiten.<\/p>\n<p style=\"text-align: justify;\">Dies liegt zum einen an seiner besonderen, sichelartigen Form mit steil abfallender Ostflanke. Zum anderen aber auch an seiner exponierten Lage am Nordufer des Gardasee und seinen mehr als 100 Jahre alten Befestigungsanlagen. Letztere stellen die alten Festungsanlagen \u00d6sterreichs vor der einstigen Grenze zu Italien dar.<\/p>\n<h3>Der Aufstieg lohnt sich<\/h3>\n<p style=\"text-align: justify;\">Doch warum sollten Sie sich den Monte Brione am Gardasee aus der N\u00e4he ansehen? Ganz einfach: Wer den Berg erklommen hat, genie\u00dft eine <strong>geniale Aussicht<\/strong>. Und das sowohl auf die Ortschaften Riva und Torbole als auch auf die umliegenden Berge und das Nordende des Sees. <\/p>\n<p style=\"text-align: justify;\">Zu Fu\u00df wandern Sie am besten \u00fcber den ber\u00fchmten \u201eSentiero della Pace\u201c, den <strong>Friedensweg<\/strong>. Sie k\u00f6nnen aber auch mit dem Mountainbike hinauffahren &#8211; und so Ihren <strong><a href=\"https:\/\/www.travelcircus.de\/aktivurlaub\" target=\"_blank\" rel=\"noopener noreferrer\">Aktivurlaub<\/a><\/strong> kr\u00f6nen. Daf\u00fcr erwarten Sie hier m\u00e4\u00dfig steile Teer- und Schotterstra\u00dfen.<\/p>\n<hr>\n<h2 id=\"8\">Platz 8: Punta San Vigilio<\/h2>\n<div align=\"center\">\n<blockquote class=\"instagram-media\" data-instgrm-permalink=\"https:\/\/www.instagram.com\/p\/BmTXW_eBSoS\/?utm_source=ig_embed\" data-instgrm-version=\"9\" style=\" background:#FFF; border:0; border-radius:3px; box-shadow:0 0 1px 0 rgba(0,0,0,0.5),0 1px 10px 0 rgba(0,0,0,0.15); margin: 1px; max-width:540px; min-width:326px; padding:0; width:99.375%; width:-webkit-calc(100% - 2px); width:calc(100% - 2px);\">\n<div style=\"padding:8px;\">\n<div style=\" background:#F8F8F8; line-height:0; margin-top:40px; padding:62.5% 0; text-align:center; width:100%;\">\n<div style=\" background:url(data:image\/png;base64,iVBORw0KGgoAAAANSUhEUgAAACwAAAAsCAMAAAApWqozAAAABGdBTUEAALGPC\/xhBQAAAAFzUkdCAK7OHOkAAAAMUExURczMzPf399fX1+bm5mzY9AMAAADiSURBVDjLvZXbEsMgCES5\/P8\/t9FuRVCRmU73JWlzosgSIIZURCjo\/ad+EQJJB4Hv8BFt+IDpQoCx1wjOSBFhh2XssxEIYn3ulI\/6MNReE07UIWJEv8UEOWDS88LY97kqyTliJKKtuYBbruAyVh5wOHiXmpi5we58Ek028czwyuQdLKPG1Bkb4NnM+VeAnfHqn1k4+GPT6uGQcvu2h2OVuIf\/gWUFyy8OWEpdyZSa3aVCqpVoVvzZZ2VTnn2wU8qzVjDDetO90GSy9mVLqtgYSy231MxrY6I2gGqjrTY0L8fxCxfCBbhWrsYYAAAAAElFTkSuQmCC); display:block; height:44px; margin:0 auto -44px; position:relative; top:-22px; width:44px;\"><\/div>\n<\/div>\n<p style=\" color:#c9c8cd; font-family:Arial,sans-serif; font-size:14px; line-height:17px; margin-bottom:0; margin-top:8px; overflow:hidden; padding:8px 0 7px; text-align:center; text-overflow:ellipsis; white-space:nowrap;\"><a href=\"https:\/\/www.instagram.com\/p\/BmTXW_eBSoS\/?utm_source=ig_embed\" style=\" color:#c9c8cd; font-family:Arial,sans-serif; font-size:14px; font-style:normal; font-weight:normal; line-height:17px; text-decoration:none;\" target=\"_blank\" rel=\"noopener noreferrer\">Ein Beitrag geteilt von Camilla Argentieri (@cami_argentieri)<\/a> am <time style=\" font-family:Arial,sans-serif; font-size:14px; line-height:17px;\" datetime=\"2018-08-10T14:58:54+00:00\">Aug 10, 2018 um 7:58 PDT<\/time><\/p>\n<\/div>\n<\/blockquote>\n<p><script async defer src=\"\/\/www.instagram.com\/embed.js\"><\/script><\/div>\n<p style=\"text-align: justify;\">Ein kleines Idyll finden Urlauber am Gardasee auch auf der <strong>Punta San Vigilio<\/strong>, einer Landzunge zwischen Garda und Torri del Benaco. <\/p>\n<p style=\"text-align: justify;\">Nicht selten wird die Punta San Vigilio auch als einer der sch\u00f6nsten Flecken am Gardasee bezeichnet \u2013 und das zurecht. Der Ausblick auf den See ist hier grandios!<\/p>\n<h3>Baden auf Punta San Vigilio<\/h3>\n<p style=\"text-align: justify;\">Vom Parkplatz der Landzunge gelangen Sie durch eine lange Zypressenallee zur Spitze der Punta San Vigilio. An diese schlie\u00dft sich ein herrlicher Park an, der u.a. mit einer wundersch\u00f6nen <strong>Badebucht (Baia delle Sirene)<\/strong> und einem (f\u00fcr Gardasee-Verh\u00e4ltnisse) breiten Sandstrand lockt.<\/p>\n<p style=\"text-align: justify;\">Geht man weiter bergab, wird man vom gro\u00dfen Tor der <strong>Villa Brenzone<\/strong> begr\u00fc\u00dft, die etwas h\u00f6her gelegen, einen tollen Blick auf die Umgebung bietet.<\/p>\n<h3>Weinlaube im Hafen<\/h3>\n<p style=\"text-align: justify;\">Sehenswert auf der Punta San Vigilio ist aber auch der kleine Hafen. In seiner kleinen Weinlaube finden Sie den besten Platz, um die Idylle am See bei einem guten Glas Bardolino zu genie\u00dfen. Wer einmal hier gewesen ist, versteht, weshalb die Punta San Vigilio zu den bedeutendsten Gardasee Sehensw\u00fcrdigkeiten geh\u00f6rt.<\/p>\n<hr>\n<h2 id=\"9\">Platz 9: Weinort Bardolino<\/h2>\n<div align=\"center\">\n<blockquote class=\"instagram-media\" data-instgrm-permalink=\"https:\/\/www.instagram.com\/p\/BmvO7NrH6eT\/?utm_source=ig_embed\" data-instgrm-version=\"9\" style=\" background:#FFF; border:0; border-radius:3px; box-shadow:0 0 1px 0 rgba(0,0,0,0.5),0 1px 10px 0 rgba(0,0,0,0.15); margin: 1px; max-width:540px; min-width:326px; padding:0; width:99.375%; width:-webkit-calc(100% - 2px); width:calc(100% - 2px);\">\n<div style=\"padding:8px;\">\n<div style=\" background:#F8F8F8; line-height:0; margin-top:40px; padding:62.5% 0; text-align:center; width:100%;\">\n<div style=\" background:url(data:image\/png;base64,iVBORw0KGgoAAAANSUhEUgAAACwAAAAsCAMAAAApWqozAAAABGdBTUEAALGPC\/xhBQAAAAFzUkdCAK7OHOkAAAAMUExURczMzPf399fX1+bm5mzY9AMAAADiSURBVDjLvZXbEsMgCES5\/P8\/t9FuRVCRmU73JWlzosgSIIZURCjo\/ad+EQJJB4Hv8BFt+IDpQoCx1wjOSBFhh2XssxEIYn3ulI\/6MNReE07UIWJEv8UEOWDS88LY97kqyTliJKKtuYBbruAyVh5wOHiXmpi5we58Ek028czwyuQdLKPG1Bkb4NnM+VeAnfHqn1k4+GPT6uGQcvu2h2OVuIf\/gWUFyy8OWEpdyZSa3aVCqpVoVvzZZ2VTnn2wU8qzVjDDetO90GSy9mVLqtgYSy231MxrY6I2gGqjrTY0L8fxCxfCBbhWrsYYAAAAAElFTkSuQmCC); display:block; height:44px; margin:0 auto -44px; position:relative; top:-22px; width:44px;\"><\/div>\n<\/div>\n<p style=\" color:#c9c8cd; font-family:Arial,sans-serif; font-size:14px; line-height:17px; margin-bottom:0; margin-top:8px; overflow:hidden; padding:8px 0 7px; text-align:center; text-overflow:ellipsis; white-space:nowrap;\"><a href=\"https:\/\/www.instagram.com\/p\/BmvO7NrH6eT\/?utm_source=ig_embed\" style=\" color:#c9c8cd; font-family:Arial,sans-serif; font-size:14px; font-style:normal; font-weight:normal; line-height:17px; text-decoration:none;\" target=\"_blank\" rel=\"noopener noreferrer\">Ein Beitrag geteilt von Prokhor Chekhovskoy (@prokhovskoy)<\/a> am <time style=\" font-family:Arial,sans-serif; font-size:14px; line-height:17px;\" datetime=\"2018-08-21T10:43:57+00:00\">Aug 21, 2018 um 3:43 PDT<\/time><\/p>\n<\/div>\n<\/blockquote>\n<p><script async defer src=\"\/\/www.instagram.com\/embed.js\"><\/script><\/div>\n<h3>Die Stadt des Ros\u00e9weins<\/h3>\n<p style=\"text-align: justify;\">Mit Bardolino reiht sich eine weitere Stadt in die Liste der bezaubernden Ortschaften entlang des Gardasees ein. <\/p>\n<p style=\"text-align: justify;\">Bardolino ist ein <strong>lebendiger Weinort<\/strong> an der Olivenriviera am Ostufer. Bekannt ist Bardolino vor allem f\u00fcr seinen leicht spritzigen Ros\u00e9wein, der sich z.B. in einem der vielen Weinkeller der 7000-Einwohnerstadt genie\u00dfen l\u00e4sst.<\/p>\n<h3>Lebendige Altstadt von Bardolino<\/h3>\n<p style=\"text-align: justify;\">Sehenswert ist Bardolino aber auch wegen seiner sch\u00f6nen <strong>Altstadt<\/strong> mit den langen, breiten Gassen, den vielen Gesch\u00e4ften (die bis Mitternacht ge\u00f6ffnet haben) und der langen Uferpromenade. <\/p>\n<p style=\"text-align: justify;\">Lassen Sie sich bei einem Besuch einfach treiben und entdecken Sie die tollen Restaurants, Caf\u00e9s und Bars, in denen Sie lokale K\u00fcche genie\u00dfen.<\/p>\n<p style=\"text-align: justify;\">Links und rechts des Stadtzentrums finden sich dar\u00fcber hinaus sch\u00f6ne Str\u00e4nde und vom Seeufer k\u00f6nnen Sie auf direktem Wege nach Garda und Lazise spazieren. <\/p>\n<p style=\"text-align: justify;\">Nicht entgehen lassen sollten Sie sich auch das <strong>Weinmuseum Zeni<\/strong> oberhalb des Ortes und die neoklassizistische Pfarrkirche <strong>San Nicol\u00f2<\/strong>.<\/p>\n<hr>\n<h2 id=\"10\">Platz 10: Gardasee Schifffahrt<\/h2>\n<p><img decoding=\"async\" src=\"https:\/\/blog.travelcircus.dev\/urlaubsziele\/wp-content\/uploads\/2017\/04\/Fotolia_66340439_gardasee_sirmione-1024x682.jpg\" alt=\"Gardasee Sehensw\u00fcrdigkeiten - Sirmione\" width=\"696\" height=\"464\" class=\"alignnone size-large wp-image-10967\" srcset=\"https:\/\/www.travelcircus.de\/urlaubsziele\/wp-content\/uploads\/2017\/04\/Fotolia_66340439_gardasee_sirmione-1024x682.jpg 1024w, https:\/\/www.travelcircus.de\/urlaubsziele\/wp-content\/uploads\/2017\/04\/Fotolia_66340439_gardasee_sirmione-300x200.jpg 300w, https:\/\/www.travelcircus.de\/urlaubsziele\/wp-content\/uploads\/2017\/04\/Fotolia_66340439_gardasee_sirmione-768x512.jpg 768w, https:\/\/www.travelcircus.de\/urlaubsziele\/wp-content\/uploads\/2017\/04\/Fotolia_66340439_gardasee_sirmione-1536x1024.jpg 1536w, https:\/\/www.travelcircus.de\/urlaubsziele\/wp-content\/uploads\/2017\/04\/Fotolia_66340439_gardasee_sirmione.jpg 1688w\" sizes=\"(max-width: 696px) 100vw, 696px\" \/><\/p>\n<p style=\"text-align: justify;\">Die kleinen und gr\u00f6\u00dferen Ortschaften rund um den Gardasee zu entdecken, macht jede Menge Spa\u00df. Doch ein Urlaub am Gardasee schreit geradezu danach, einfach mal die Perspektive zu wechseln und vom See aus die sch\u00f6ne K\u00fcste zu bestaunen. Gerade auch, da das Wetter am Gardasee sehr best\u00e4ndig ist. Im Mai erreichen die Temperaturen bereits die 25-Grad-Marke. <\/p>\n<h3>Aus einem anderen Blickwinkel<\/h3>\n<p style=\"text-align: justify;\">Beliebt sind vor allem Rundfahrten, die Sie zu den wichtigsten <strong>K\u00fcstenorten<\/strong> wie Limone, Sirmione, Bardolino oder Malcesine f\u00fchren.<\/p>\n<p style=\"text-align: justify;\">Neben einer Gardasee Schiffsrundfahrt k\u00f6nnen Sie den See auch mit einer F\u00e4hre. An nahezu jedem Ort am Ufer des Gardasees gibt es auch einen kleinen Hafen, an dem die F\u00e4hren anlegen.<\/p>\n<p style=\"text-align: justify;\">Beachten Sie: Die F\u00e4hren fahren in der Regel nicht jeden Tag dieselben Routen ab. Einige H\u00e4fen am Gardasee werden sehr regelm\u00e4\u00dfig angesteuert, andere hingegen sehr selten. Lesen Sie daher unbedingt vor der Abfahrt die <a href=\"http:\/\/www.navigazionelaghi.it\/eng\/g_orari.asp\" target=\"_blank\" rel=\"nofollow noopener noreferrer\">Schiffspl\u00e4ne<\/a>.<\/p>\n<div class=\"tipp_center\"><strong>Tipp: <\/strong>Eine M\u00f6glichkeit, den Gardasee einmal komplett zu befahren, ist die zweimal t\u00e4glich ablegende F\u00e4hre von <strong>Desenzano<\/strong> im S\u00fcden nach Riva im Norden. Auf dem Weg dorthin h\u00e4lt das Schiff an vielen beschaulichen Orten. Allerdings dauert die komplette Fahrt 5 Stunden.<\/div>\n<hr>\n<p>&nbsp;<\/p>\n<h2>Die Top 3 der beliebtesten Sehensw\u00fcrdigkeiten in der Umgebung:<\/h2>\n<div id=\"gyg-widget-2\"><\/div>\n<p><script async defer src=\"\/\/widget.getyourguide.com\/v2\/core.js\"onload=\"GYG.Widget(document.getElementById('gyg-widget-2'),{'q':'Gardasee','cmp':'Gardasee_bottom','currency':'EUR','localeCode':'de-DE','numberOfItems':'3','partnerId':'RYV446M'});\"><\/script><a href=\"https:\/\/www.getyourguide.de\/s\/?partner_id=RYV446M&#038;cmp=Island_seemore&#038;q=Island\" target=\"_blank\" rel=\"nofollow noopener noreferrer\" class=\"gyg-see-all\">\u00bb Alle Angebote ansehen<\/a><br \/>\n&nbsp;<\/p>\n<h2>Die Top 10 Gardasee Sehensw\u00fcrdigkeiten auf den Punkt gebracht<\/h2>\n<p style=\"text-align: justify;\">Die Sehensw\u00fcrdigkeiten des Gardasees sind vielf\u00e4ltig und jede f\u00fcr sich einmalig. Entdecken Sie die <strong>vielen malerischen Orte<\/strong>, die sich an das Ufer des Gardasees schmiegen, und lassen Sie sich in die traumhafte Natur rund um den See entf\u00fchren. <\/p>\n<p style=\"text-align: justify;\">Besichtigen Sie die pr\u00e4chtigen Villen und Burgen oder lassen Sie den Tag in einem kleinen Hafenrestaurant bei einem Glas des k\u00f6stlichen italienischen Weins gem\u00fctlich ausklingen. Egal an welchem Ufer Sie sich letztendlich befinden, der See wird Sie verzaubern.<\/p>\n<h2>Gardasee: Die wichtigsten Zahlen und Fakten im \u00dcberblick<\/h2>\n<div class=\"intro\">\n<ul>\n<li><strong>Land:<\/strong> Italien  <\/li>\n<li><strong>Einwohner:<\/strong> ca. 111.000  <\/li>\n<li><strong>Gr\u00f6\u00dfe:<\/strong> 369,98 km\u00b2<\/li>\n<li><strong>Sprache:<\/strong> italienisch <\/li>\n<li><strong>W\u00e4hrung:<\/strong> Euro <\/li>\n<li><strong>Zeitzone:<\/strong> koordinierte Weltzeit (UTC) <\/li>\n<li><strong>Durchschnittstemperatur im Sommer:<\/strong> 19,3\u00b0C <\/li>\n<li><strong>Durchschnittstemperatur im Winter:<\/strong> 6,3\u00b0C <\/li>\n<\/ul>\n<\/div>\n<p>&nbsp;<\/p>\n<hr \/>\n<section itemscope itemtype=\"https:\/\/schema.org\/FAQPage\">\n<h2>FAQ: H\u00e4ufige Fragen und Antworten zu Sehensw\u00fcrdigkeiten am Gardasee<\/h2>\n<div itemscope itemprop=\"mainEntity\" itemtype=\"https:\/\/schema.org\/Question\">\n<h3 itemprop=\"name\">Welche Sehensw\u00fcrdigkeiten befinden sich rund um den Gardasee?<\/h3>\n<div itemscope itemprop=\"acceptedAnswer\" itemtype=\"https:\/\/schema.org\/Answer\">\n<div itemprop=\"text\">\nRund um den <a href=\"\/urlaubsziele\/gardasee-sehenswuerdigkeiten\/\">Gardasee<\/a> befinden sich Sehensw\u00fcrdigkeiten wie: <\/p>\n<ul>\n<li>die Isola del Garda<\/li>\n<li>die Stadt Malcesine<\/li>\n<li>das Castello Scaligero Malcesine<\/li>\n<li>das Oliven\u00f6lmuseum<\/li>\n<li>das Gardaland<\/li>\n<\/ul>\n<\/div><\/div>\n<\/p><\/div>\n<p><\/p>\n<div itemscope itemprop=\"mainEntity\" itemtype=\"https:\/\/schema.org\/Question\">\n<h3 itemprop=\"name\">Welche Attraktionen am Gardasee sind kostenlos?<\/h3>\n<div itemscope itemprop=\"acceptedAnswer\" itemtype=\"https:\/\/schema.org\/Answer\">\n<div itemprop=\"text\">\nWenn Sie Ihren Geldbeutel schonen wollen, k\u00f6nnen Sie sich am Gardasee \u00fcber kostenfreie Sehensw\u00fcrdigkeiten freuen, darunter das Oliven\u00f6lmuseum, die Terrezza del Brivido und die Padenghe sul Garda.\n     <\/div>\n<\/p><\/div>\n<\/p><\/div>\n<p><\/p>\n<div itemscope itemprop=\"mainEntity\" itemtype=\"https:\/\/schema.org\/Question\">\n<h3 itemprop=\"name\">Was gibt es Sehenswertes auf dem Weg zum Gardasee?<\/h3>\n<div itemscope itemprop=\"acceptedAnswer\" itemtype=\"https:\/\/schema.org\/Answer\">\n<div itemprop=\"text\">\nJe nachdem aus welcher Richtung Sie anreisen, k\u00f6nnen Sie auf dem Weg zum <a href=\"\/urlaubsziele\/gardasee-sehenswuerdigkeiten\/\">Gardasee Sehensw\u00fcrdigkeiten<\/a> wie Monte Brione, Castello Scaligero Malcesine und Gardland besuchen.\n     <\/div>\n<\/p><\/div>\n<\/p><\/div>\n<p><\/p>\n<div itemscope itemprop=\"mainEntity\" itemtype=\"https:\/\/schema.org\/Question\">\n<h3 itemprop=\"name\">Welche Sehensw\u00fcrdigkeiten am Gardasee kann ich im Winter besuchen?<\/h3>\n<div itemscope itemprop=\"acceptedAnswer\" itemtype=\"https:\/\/schema.org\/Answer\">\n<div itemprop=\"text\">\nIm Winter k\u00f6nnen Sie am Gardasee zum Beispiel folgende Sehensw\u00fcrdigkeiten besuchen: <\/p>\n<ul>\n<li>Parco Archeologico e Naturalistico<\/li>\n<li>Oliven\u00f6lmuseum<\/li>\n<li>Museo dell&#8217;Aeronautica Gianni Caproni<\/li>\n<\/ul><\/div>\n<\/p><\/div>\n<\/p><\/div>\n<p><\/p>\n<div itemscope itemprop=\"mainEntity\" itemtype=\"https:\/\/schema.org\/Question\">\n<h3 itemprop=\"name\">Welche Sehensw\u00fcrdigkeiten am Gardasee eignen sich f\u00fcr Kinder?<\/h3>\n<div itemscope itemprop=\"acceptedAnswer\" itemtype=\"https:\/\/schema.org\/Answer\">\n<div itemprop=\"text\">\nWenn Sie mit Kindern zum Gardasee reisen, k\u00f6nnen Sie ihnen mit einem Besuch im <a href=\"\/gardaland\">Gardaland<\/a>, im King Rock oder bei einer Fahrt mit der Bimmelbahn eine Freude machen.\n     <\/div>\n<\/p><\/div>\n<\/p><\/div>\n<\/section>\n<hr \/>\n<h2>Diese Sehensw\u00fcrdigkeiten in der Umgebung k\u00f6nnten Sie auch interessieren:<\/h2>\n<ol>\n1. <a href=\"https:\/\/www.travelcircus.de\/urlaubsziele\/verona-sehenswuerdigkeiten\/\" rel=\"noopener noreferrer\" target=\"_blank\">Verona Sehensw\u00fcrdigkeiten<\/a><br \/>\n2. <a href=\"https:\/\/www.travelcircus.de\/urlaubsziele\/top-10-sehenswuerdigkeiten-venedig\/\" rel=\"noopener noreferrer\" target=\"_blank\">Venedig Sehensw\u00fcrdigkeiten<\/a><br \/>\n3. <a href=\"https:\/\/www.travelcircus.de\/urlaubsziele\/florenz-sehenswuerdigkeiten\/\" rel=\"noopener noreferrer\" target=\"_blank\">Florenz Sehensw\u00fcrdigkeiten<\/a><\/p>\n<\/ol>\n","protected":false},"excerpt":{"rendered":"<p>Ein kristallklarer, langgestreckter See, mildes Mittelmeerklima, mediterranes Flair, weite Oliven- und Zitronenhaine umrahmt von einer alpinen Gebirgskulisse. Diese Beschreibung kann nur auf einen Ort in Italien passen \u2013 den wundersch\u00f6nen Gardasee. Seit jeher Sehnsuchtsziel f\u00fcr Menschen aus aller Welt, besticht der Gardasee vor allem durch eines: Seine Vielfalt und z\u00e4hlt zu den Top Ausflugsorten in &#8230; <a title=\"Gardasee Sehensw\u00fcrdigkeiten \u2013 Die Top 10 der beliebtesten Attraktionen\" class=\"read-more\" href=\"https:\/\/www.travelcircus.de\/urlaubsziele\/gardasee-sehenswuerdigkeiten\/\" aria-label=\"Mehr Informationen \u00fcber Gardasee Sehensw\u00fcrdigkeiten \u2013 Die Top 10 der beliebtesten Attraktionen\">mehr lesen.<\/a><\/p>\n","protected":false},"author":6,"featured_media":10970,"comment_status":"open","ping_status":"open","sticky":false,"template":"","format":"standard","meta":{"footnotes":""},"categories":[5,7],"tags":[27,87,88,95,231],"class_list":["post-10954","post","type-post","status-publish","format-standard","has-post-thumbnail","hentry","category-sehenswuerdigkeiten","category-sehenswuerdigkeiten-europa","tag-ausflugsziele-italien","tag-gardasee","tag-gardasee-sehenswuerdigkeiten","tag-gyg","tag-top-10"],"_links":{"self":[{"href":"https:\/\/www.travelcircus.de\/urlaubsziele\/wp-json\/wp\/v2\/posts\/10954","targetHints":{"allow":["GET"]}}],"collection":[{"href":"https:\/\/www.travelcircus.de\/urlaubsziele\/wp-json\/wp\/v2\/posts"}],"about":[{"href":"https:\/\/www.travelcircus.de\/urlaubsziele\/wp-json\/wp\/v2\/types\/post"}],"author":[{"embeddable":true,"href":"https:\/\/www.travelcircus.de\/urlaubsziele\/wp-json\/wp\/v2\/users\/6"}],"replies":[{"embeddable":true,"href":"https:\/\/www.travelcircus.de\/urlaubsziele\/wp-json\/wp\/v2\/comments?post=10954"}],"version-history":[{"count":2,"href":"https:\/\/www.travelcircus.de\/urlaubsziele\/wp-json\/wp\/v2\/posts\/10954\/revisions"}],"predecessor-version":[{"id":24708,"href":"https:\/\/www.travelcircus.de\/urlaubsziele\/wp-json\/wp\/v2\/posts\/10954\/revisions\/24708"}],"wp:featuredmedia":[{"embeddable":true,"href":"https:\/\/www.travelcircus.de\/urlaubsziele\/wp-json\/wp\/v2\/media\/10970"}],"wp:attachment":[{"href":"https:\/\/www.travelcircus.de\/urlaubsziele\/wp-json\/wp\/v2\/media?parent=10954"}],"wp:term":[{"taxonomy":"category","embeddable":true,"href":"https:\/\/www.travelcircus.de\/urlaubsziele\/wp-json\/wp\/v2\/categories?post=10954"},{"taxonomy":"post_tag","embeddable":true,"href":"https:\/\/www.travelcircus.de\/urlaubsziele\/wp-json\/wp\/v2\/tags?post=10954"}],"curies":[{"name":"wp","href":"https:\/\/api.w.org\/{rel}","templated":true}]}}