{"id":11994,"date":"2017-09-06T13:16:30","date_gmt":"2017-09-06T11:16:30","guid":{"rendered":"https:\/\/www.travelcircus.de\/urlaubsziele\/?p=11994"},"modified":"2024-05-08T15:52:19","modified_gmt":"2024-05-08T15:52:19","slug":"freiburg-sehenswuerdigkeiten","status":"publish","type":"post","link":"https:\/\/www.travelcircus.de\/urlaubsziele\/freiburg-sehenswuerdigkeiten\/","title":{"rendered":"Sehensw\u00fcrdigkeiten Freiburg &#8211; Die Top 10 der beliebtesten Attraktionen"},"content":{"rendered":"<p>So viel Vitamin D wie in Freiburg bekommt man sonst nur bei einem <a href=\"https:\/\/www.travelcircus.de\/urlaub-am-meer\" rel=\"noopener noreferrer\" target=\"_blank\">Strandurlaub<\/a>: die Stadt im Breisgau z\u00e4hlt die meisten Sonnenstunden Deutschlands. <\/p>\n<p style=\"text-align: justify;\">Die Schwarzwaldhauptstadt hat neben dem besten Wetter unseres Landes aber auch viele interessante <strong>Sehensw\u00fcrdigkeiten<\/strong> und tolle <strong>Ausflugsziele<\/strong> zu bieten. Die <strong>10 besten Freiburg Sehensw\u00fcrdigkeiten<\/strong> haben wir f\u00fcr Sie hier zusammengestellt.<\/p>\n<div id=\"gyg-widget-1\"><\/div>\n<p><script async defer src=\"\/\/widget.getyourguide.com\/v2\/core.js\" onload=\"GYG.Widget(document.getElementById('gyg-widget-1'),{'q':'Freiburg','cmp':'Freiburg_top','currency':'EUR','localeCode':'de-DE','numberOfItems':'3','partnerId':'RYV446M'});\"><\/script><a href=\"https:\/\/www.getyourguide.de\/s\/?partner_id=RYV446M&#038;cmp= Freiburg_seemore&#038;q=Freiburg\" target=\"_blank\" rel=\"nofollow noopener noreferrer\" class=\"gyg-see-all\">\u00bb Alle Angebote ansehen<\/a><br \/>\n&nbsp;<\/p>\n<h2>Die Top 10 Freiburg Sehensw\u00fcrdigkeiten auf einen Blick<\/h2>\n<p><iframe src=\"https:\/\/www.google.com\/maps\/d\/u\/0\/embed?mid=1MsdDsOBJo1nSUbakQ5ZEUFntridYO2qB\" width=\"640\" height=\"480\"><\/iframe><\/p>\n<h2>Platz 1: Freiburger M\u00fcnster<\/h2>\n<div align=\"center\">\n<blockquote class=\"instagram-media\" data-instgrm-permalink=\"https:\/\/www.instagram.com\/p\/BmwIxrCBt6m\/?utm_source=ig_embed\" data-instgrm-version=\"9\" style=\" background:#FFF; border:0; border-radius:3px; box-shadow:0 0 1px 0 rgba(0,0,0,0.5),0 1px 10px 0 rgba(0,0,0,0.15); margin: 1px; max-width:540px; min-width:326px; padding:0; width:99.375%; width:-webkit-calc(100% - 2px); width:calc(100% - 2px);\">\n<div style=\"padding:8px;\">\n<div style=\" background:#F8F8F8; line-height:0; margin-top:40px; padding:33.35% 0; text-align:center; width:100%;\">\n<div style=\" background:url(data:image\/png;base64,iVBORw0KGgoAAAANSUhEUgAAACwAAAAsCAMAAAApWqozAAAABGdBTUEAALGPC\/xhBQAAAAFzUkdCAK7OHOkAAAAMUExURczMzPf399fX1+bm5mzY9AMAAADiSURBVDjLvZXbEsMgCES5\/P8\/t9FuRVCRmU73JWlzosgSIIZURCjo\/ad+EQJJB4Hv8BFt+IDpQoCx1wjOSBFhh2XssxEIYn3ulI\/6MNReE07UIWJEv8UEOWDS88LY97kqyTliJKKtuYBbruAyVh5wOHiXmpi5we58Ek028czwyuQdLKPG1Bkb4NnM+VeAnfHqn1k4+GPT6uGQcvu2h2OVuIf\/gWUFyy8OWEpdyZSa3aVCqpVoVvzZZ2VTnn2wU8qzVjDDetO90GSy9mVLqtgYSy231MxrY6I2gGqjrTY0L8fxCxfCBbhWrsYYAAAAAElFTkSuQmCC); display:block; height:44px; margin:0 auto -44px; position:relative; top:-22px; width:44px;\"><\/div>\n<\/div>\n<p style=\" color:#c9c8cd; font-family:Arial,sans-serif; font-size:14px; line-height:17px; margin-bottom:0; margin-top:8px; overflow:hidden; padding:8px 0 7px; text-align:center; text-overflow:ellipsis; white-space:nowrap;\"><a href=\"https:\/\/www.instagram.com\/p\/BmwIxrCBt6m\/?utm_source=ig_embed\" style=\" color:#c9c8cd; font-family:Arial,sans-serif; font-size:14px; font-style:normal; font-weight:normal; line-height:17px; text-decoration:none;\" target=\"_blank\" rel=\"noopener noreferrer\">Ein Beitrag geteilt von BilderByBinder (@bilderbybinder)<\/a> am <time style=\" font-family:Arial,sans-serif; font-size:14px; line-height:17px;\" datetime=\"2018-08-21T19:09:27+00:00\">Aug 21, 2018 um 12:09 PDT<\/time><\/p>\n<\/div>\n<\/blockquote>\n<p><script async defer src=\"\/\/www.instagram.com\/embed.js\"><\/script><\/div>\n<p style=\"text-align: justify;\">Das <strong>Freiburger M\u00fcnster<\/strong> ist das <strong>Wahrzeichen<\/strong> der Stadt in <strong>Baden-W\u00fcrttemberg<\/strong>. Und das zurecht: Der 116 Meter hohe Turm des M\u00fcnster gilt bauhistorisch als der sch\u00f6nste Turm der Welt.<\/p>\n<h3>Freiburg von oben<\/h3>\n<p style=\"text-align: justify;\">Von einer Aussichtsplattform in 70 Meter H\u00f6he haben Besucher einen tollen Rundumblick \u00fcber Freiburg. Die gr\u00f6\u00dftenteils im gotischen Stil erbaute Kathedrale, die auch den Namen \u201eUnserer lieben Frau\u201c tr\u00e4gt, wurde von ca. 1220 bis 1513 gebaut und hat wie durch ein Wunder zahlreiche Kriege ohne gr\u00f6\u00dfere Sch\u00e4den \u00fcberstanden.<\/p>\n<h3>Im Inneren des M\u00fcnsters<\/h3>\n<p style=\"text-align: justify;\">Im Innern des Freiburger M\u00fcnster lassen sich unter anderem viele originale Kirchenfenster und ein von einem D\u00fcrer-Sch\u00fcler gefertigter Hochaltar bewundern. <\/p>\n<div class=\"tipp_center\">\n<p style=\"text-align: justify;\"><strong>Tipp:<\/strong>Bei Touristen und Einheimischen gleicherma\u00dfen beliebt ist der das Freiburger M\u00fcnster umgebende <strong>M\u00fcnsterplatz<\/strong>. H\u00e4user mit historischen Fassaden sowie viele nette Caf\u00e9s und Restaurants rahmen den alten Platz. <\/p>\n<p style=\"text-align: justify;\">Von Montag bis Samstag ist der Platz Vormittags voll von St\u00e4nden: hier findet der beliebte <strong>M\u00fcnstermarkt<\/strong> statt, auf dem Kunsthandwerk, Souvenirs und regionale Produkte zu kaufen sind.<\/div>\n<hr>\n<h2>Platz 2: Freiburger B\u00e4chle<\/h2>\n<div align=\"center\">\n<blockquote class=\"instagram-media\" style=\"background: #FFF; border: 0; border-radius: 3px; box-shadow: 0 0 1px 0 rgba(0,0,0,0.5),0 1px 10px 0 rgba(0,0,0,0.15); margin: 1px; max-width: 658px; padding: 0; width: calc(100% - 2px);\" data-instgrm-version=\"7\">\n<div style=\"padding: 8px;\">\n<div style=\"background: #F8F8F8; line-height: 0; margin-top: 40px; padding: 62.5% 0; text-align: center; width: 100%;\"><\/div>\n<p style=\"color: #c9c8cd; font-family: Arial,sans-serif; font-size: 14px; line-height: 17px; margin-bottom: 0; margin-top: 8px; overflow: hidden; padding: 8px 0 7px; text-align: center; text-overflow: ellipsis; white-space: nowrap;\"><a style=\"color: #c9c8cd; font-family: Arial,sans-serif; font-size: 14px; font-style: normal; font-weight: normal; line-height: 17px; text-decoration: none;\" href=\"https:\/\/www.instagram.com\/p\/BYbiuRnnFiQ\/\" target=\"_blank\" rel=\"noopener noreferrer\">Ein Beitrag geteilt von Svenja (@_tzwenni_)<\/a> am <time style=\"font-family: Arial,sans-serif; font-size: 14px; line-height: 17px;\" datetime=\"2017-08-30T19:52:37+00:00\">30. Aug 2017 um 12:52 Uhr<\/time><\/p>\n<\/div>\n<\/blockquote>\n<p><script async defer src=\"\/\/platform.instagram.com\/en_US\/embeds.js\"><\/script><\/div>\n<p>\u00dcber 15 Kilometer kleiner Wasserl\u00e4ufe durchziehen die Stra\u00dfen und Gassen der Innenstadt Freiburgs. Die <strong>Freiburger B\u00e4chle<\/strong> pr\u00e4gten schon im Mittelalter das Stadtbild und waren ein Teil des Wasserversorgungssystems der Stadt. <\/p>\n<h3>Kleine Fl\u00fcsschen mitten in der Stadt<\/h3>\n<p style=\"text-align: justify;\">Auch heute noch flie\u00dft Wasser aus der <strong>Dreisam<\/strong> durch die kleinen Kan\u00e4le und l\u00e4dt t\u00e4glich die von der Sonne verw\u00f6hnten Freiburger zu einer kleinen Erfrischung ein.<\/p>\n<p style=\"text-align: justify;\">Besonders beliebt bei Kindern und auch Erwachsenen sind die kleinen Freiburger <strong>B\u00e4chleboote<\/strong>, die an einem Faden durch die B\u00e4chle gezogen werden k\u00f6nnen.<\/p>\n<div class=\"tipp_center\"><strong>Schon gewusst?<\/strong> Eine alte Freiburger Legende besagt, dass ein Besucher, der aus Versehen in ein B\u00e4chle tritt, sp\u00e4ter einen geb\u00fcrtigen Freiburger heiraten wird.<\/div>\n<hr>\n<h2>Platz 3: Altes Rathaus &amp; Neues Rathaus<\/h2>\n<div align=\"center\">\n<blockquote class=\"instagram-media\" style=\"background: #FFF; border: 0; border-radius: 3px; box-shadow: 0 0 1px 0 rgba(0,0,0,0.5),0 1px 10px 0 rgba(0,0,0,0.15); margin: 1px; max-width: 658px; padding: 0; width: calc(100% - 2px);\" data-instgrm-version=\"7\">\n<div style=\"padding: 8px;\">\n<div style=\"background: #F8F8F8; line-height: 0; margin-top: 40px; padding: 50.0% 0; text-align: center; width: 100%;\"><\/div>\n<p style=\"color: #c9c8cd; font-family: Arial,sans-serif; font-size: 14px; line-height: 17px; margin-bottom: 0; margin-top: 8px; overflow: hidden; padding: 8px 0 7px; text-align: center; text-overflow: ellipsis; white-space: nowrap;\"><a style=\"color: #c9c8cd; font-family: Arial,sans-serif; font-size: 14px; font-style: normal; font-weight: normal; line-height: 17px; text-decoration: none;\" href=\"https:\/\/www.instagram.com\/p\/BTbMbQ2BjA7\/\" target=\"_blank\" rel=\"noopener noreferrer\">Ein Beitrag geteilt von Manager Chang. (@justuschang)<\/a> am <time style=\"font-family: Arial,sans-serif; font-size: 14px; line-height: 17px;\" datetime=\"2017-04-28T10:00:48+00:00\">28. Apr 2017 um 3:00 Uhr<\/time><\/p>\n<\/div>\n<\/blockquote>\n<p><script async defer src=\"\/\/platform.instagram.com\/en_US\/embeds.js\"><\/script><\/div>\n<p style=\"text-align: justify;\">Das <strong>Freiburger Rathaus<\/strong> verteilt sich \u00fcber 16 Standorte in der Stadt. Die wichtigsten und bekanntesten davon sind das <strong>alte<\/strong> und das <strong>neue Rathaus<\/strong> am <strong>Rathausplatz<\/strong>. <\/p>\n<h3>Das alte Rathaus<\/h3>\n<p style=\"text-align: justify;\">Das alte Rathaus in Freiburg wurde wie viele Geb\u00e4ude in der Altstadt im zweiten Weltkrieg fast v\u00f6llig zerst\u00f6rt. Zum Gl\u00fcck entschieden sich die Freiburger daf\u00fcr, die Stadt nach der Zerbombung wieder genau so wie fr\u00fcher aufzubauen. <\/p>\n<p style=\"text-align: justify;\">So wurden auch die erhaltenen Au\u00dfenmauern des Alten Rathauses restauriert und stellen heute die Fassade des Geb\u00e4udes, das f\u00fcr seinen roten Sandsteinputz bekannt ist.<\/p>\n<h3>Das neue Rathaus<\/h3>\n<p style=\"text-align: justify;\">\u00dcber einen \u00dcbergang ist es mit dem neuen Rathaus verbunden, um welches das alte Rathaus wegen Platzmangels erweitert wurde. Das neue Rathaus von Freiburg wurde haupts\u00e4chlich im Stil der Renaissance gebaut und ist in den Sommermonaten Schauplatz vieler Theaterauff\u00fchrungen.<\/p>\n<div class=\"tipp_center\"><strong>Tipp:<\/strong> Die <strong>Attraktionen<\/strong> in der Freiburger Altstadt liegen alle nah beieinander und lassen sich so sehr gut w\u00e4hrend eines bequemen Rundgangs besichtigen. Besonders angenehm f\u00fcr Spazierg\u00e4nger ist, dass in vielen Bereichen der Stadt keine Autos erlaubt sind. <\/p>\n<p style=\"text-align: justify;\">Das liegt an der nachhaltigen Einstellung, die in der \u00f6kologischen Vorzeigestadt Freiburg seit den 1980er Jahren gelebt wird. So hatte die Stadt zum Beispiel den ersten gr\u00fcnen Oberb\u00fcrgermeister Deutschlands.<\/div>\n<hr>\n<h2>Platz 4: Augustinermuseum<\/h2>\n<div align=\"center\">\n<blockquote class=\"instagram-media\" data-instgrm-permalink=\"https:\/\/www.instagram.com\/p\/BxpolR7j8Rx\/?utm_source=ig_embed&amp;utm_campaign=loading\" data-instgrm-version=\"12\" style=\" background:#FFF; border:0; border-radius:3px; box-shadow:0 0 1px 0 rgba(0,0,0,0.5),0 1px 10px 0 rgba(0,0,0,0.15); margin: 1px; max-width:540px; min-width:326px; padding:0; width:99.375%; width:-webkit-calc(100% - 2px); width:calc(100% - 2px);\">\n<div style=\"padding:16px;\"> <a href=\"https:\/\/www.instagram.com\/p\/BxpolR7j8Rx\/?utm_source=ig_embed&amp;utm_campaign=loading\" style=\" background:#FFFFFF; line-height:0; padding:0 0; text-align:center; text-decoration:none; width:100%;\" target=\"_blank\" rel=\"noopener noreferrer\"> <\/p>\n<div style=\" display: flex; flex-direction: row; align-items: center;\">\n<div style=\"background-color: #F4F4F4; border-radius: 50%; flex-grow: 0; height: 40px; margin-right: 14px; width: 40px;\"><\/div>\n<div style=\"display: flex; flex-direction: column; flex-grow: 1; justify-content: center;\">\n<div style=\" background-color: #F4F4F4; border-radius: 4px; flex-grow: 0; height: 14px; margin-bottom: 6px; width: 100px;\"><\/div>\n<div style=\" background-color: #F4F4F4; border-radius: 4px; flex-grow: 0; height: 14px; width: 60px;\"><\/div>\n<\/div>\n<\/div>\n<div style=\"padding: 19% 0;\"><\/div>\n<div style=\"display:block; height:50px; margin:0 auto 12px; width:50px;\"><svg width=\"50px\" height=\"50px\" viewBox=\"0 0 60 60\" version=\"1.1\" xmlns=\"https:\/\/www.w3.org\/2000\/svg\" xmlns:xlink=\"https:\/\/www.w3.org\/1999\/xlink\"><g stroke=\"none\" stroke-width=\"1\" fill=\"none\" fill-rule=\"evenodd\"><g transform=\"translate(-511.000000, -20.000000)\" fill=\"#000000\"><g><path d=\"M556.869,30.41 C554.814,30.41 553.148,32.076 553.148,34.131 C553.148,36.186 554.814,37.852 556.869,37.852 C558.924,37.852 560.59,36.186 560.59,34.131 C560.59,32.076 558.924,30.41 556.869,30.41 M541,60.657 C535.114,60.657 530.342,55.887 530.342,50 C530.342,44.114 535.114,39.342 541,39.342 C546.887,39.342 551.658,44.114 551.658,50 C551.658,55.887 546.887,60.657 541,60.657 M541,33.886 C532.1,33.886 524.886,41.1 524.886,50 C524.886,58.899 532.1,66.113 541,66.113 C549.9,66.113 557.115,58.899 557.115,50 C557.115,41.1 549.9,33.886 541,33.886 M565.378,62.101 C565.244,65.022 564.756,66.606 564.346,67.663 C563.803,69.06 563.154,70.057 562.106,71.106 C561.058,72.155 560.06,72.803 558.662,73.347 C557.607,73.757 556.021,74.244 553.102,74.378 C549.944,74.521 548.997,74.552 541,74.552 C533.003,74.552 532.056,74.521 528.898,74.378 C525.979,74.244 524.393,73.757 523.338,73.347 C521.94,72.803 520.942,72.155 519.894,71.106 C518.846,70.057 518.197,69.06 517.654,67.663 C517.244,66.606 516.755,65.022 516.623,62.101 C516.479,58.943 516.448,57.996 516.448,50 C516.448,42.003 516.479,41.056 516.623,37.899 C516.755,34.978 517.244,33.391 517.654,32.338 C518.197,30.938 518.846,29.942 519.894,28.894 C520.942,27.846 521.94,27.196 523.338,26.654 C524.393,26.244 525.979,25.756 528.898,25.623 C532.057,25.479 533.004,25.448 541,25.448 C548.997,25.448 549.943,25.479 553.102,25.623 C556.021,25.756 557.607,26.244 558.662,26.654 C560.06,27.196 561.058,27.846 562.106,28.894 C563.154,29.942 563.803,30.938 564.346,32.338 C564.756,33.391 565.244,34.978 565.378,37.899 C565.522,41.056 565.552,42.003 565.552,50 C565.552,57.996 565.522,58.943 565.378,62.101 M570.82,37.631 C570.674,34.438 570.167,32.258 569.425,30.349 C568.659,28.377 567.633,26.702 565.965,25.035 C564.297,23.368 562.623,22.342 560.652,21.575 C558.743,20.834 556.562,20.326 553.369,20.18 C550.169,20.033 549.148,20 541,20 C532.853,20 531.831,20.033 528.631,20.18 C525.438,20.326 523.257,20.834 521.349,21.575 C519.376,22.342 517.703,23.368 516.035,25.035 C514.368,26.702 513.342,28.377 512.574,30.349 C511.834,32.258 511.326,34.438 511.181,37.631 C511.035,40.831 511,41.851 511,50 C511,58.147 511.035,59.17 511.181,62.369 C511.326,65.562 511.834,67.743 512.574,69.651 C513.342,71.625 514.368,73.296 516.035,74.965 C517.703,76.634 519.376,77.658 521.349,78.425 C523.257,79.167 525.438,79.673 528.631,79.82 C531.831,79.965 532.853,80.001 541,80.001 C549.148,80.001 550.169,79.965 553.369,79.82 C556.562,79.673 558.743,79.167 560.652,78.425 C562.623,77.658 564.297,76.634 565.965,74.965 C567.633,73.296 568.659,71.625 569.425,69.651 C570.167,67.743 570.674,65.562 570.82,62.369 C570.966,59.17 571,58.147 571,50 C571,41.851 570.966,40.831 570.82,37.631\"><\/path><\/g><\/g><\/g><\/svg><\/div>\n<div style=\"padding-top: 8px;\">\n<div style=\" color:#3897f0; font-family:Arial,sans-serif; font-size:14px; font-style:normal; font-weight:550; line-height:18px;\"> Sieh dir diesen Beitrag auf Instagram an<\/div>\n<\/div>\n<div style=\"padding: 12.5% 0;\"><\/div>\n<div style=\"display: flex; flex-direction: row; margin-bottom: 14px; align-items: center;\">\n<div>\n<div style=\"background-color: #F4F4F4; border-radius: 50%; height: 12.5px; width: 12.5px; transform: translateX(0px) translateY(7px);\"><\/div>\n<div style=\"background-color: #F4F4F4; height: 12.5px; transform: rotate(-45deg) translateX(3px) translateY(1px); width: 12.5px; flex-grow: 0; margin-right: 14px; margin-left: 2px;\"><\/div>\n<div style=\"background-color: #F4F4F4; border-radius: 50%; height: 12.5px; width: 12.5px; transform: translateX(9px) translateY(-18px);\"><\/div>\n<\/div>\n<div style=\"margin-left: 8px;\">\n<div style=\" background-color: #F4F4F4; border-radius: 50%; flex-grow: 0; height: 20px; width: 20px;\"><\/div>\n<div style=\" width: 0; height: 0; border-top: 2px solid transparent; border-left: 6px solid #f4f4f4; border-bottom: 2px solid transparent; transform: translateX(16px) translateY(-4px) rotate(30deg)\"><\/div>\n<\/div>\n<div style=\"margin-left: auto;\">\n<div style=\" width: 0px; border-top: 8px solid #F4F4F4; border-right: 8px solid transparent; transform: translateY(16px);\"><\/div>\n<div style=\" background-color: #F4F4F4; flex-grow: 0; height: 12px; width: 16px; transform: translateY(-4px);\"><\/div>\n<div style=\" width: 0; height: 0; border-top: 8px solid #F4F4F4; border-left: 8px solid transparent; transform: translateY(-4px) translateX(8px);\"><\/div>\n<\/div>\n<\/div>\n<div style=\"display: flex; flex-direction: column; flex-grow: 1; justify-content: center; margin-bottom: 24px;\">\n<div style=\" background-color: #F4F4F4; border-radius: 4px; flex-grow: 0; height: 14px; margin-bottom: 6px; width: 224px;\"><\/div>\n<div style=\" background-color: #F4F4F4; border-radius: 4px; flex-grow: 0; height: 14px; width: 144px;\"><\/div>\n<\/div>\n<p><\/a><\/p>\n<p style=\" color:#c9c8cd; font-family:Arial,sans-serif; font-size:14px; line-height:17px; margin-bottom:0; margin-top:8px; overflow:hidden; padding:8px 0 7px; text-align:center; text-overflow:ellipsis; white-space:nowrap;\"><a href=\"https:\/\/www.instagram.com\/p\/BxpolR7j8Rx\/?utm_source=ig_embed&amp;utm_campaign=loading\" style=\" color:#c9c8cd; font-family:Arial,sans-serif; font-size:14px; font-style:normal; font-weight:normal; line-height:17px; text-decoration:none;\" target=\"_blank\" rel=\"noopener noreferrer\">Ein Beitrag geteilt von Karolina (@rastlosergeist)<\/a> am <time style=\" font-family:Arial,sans-serif; font-size:14px; line-height:17px;\" datetime=\"2019-05-19T16:18:02+00:00\">Mai 19, 2019 um 9:18 PDT<\/time><\/p>\n<\/div>\n<\/blockquote>\n<p> <script async src=\"\/\/www.instagram.com\/embed.js\"><\/script><\/div>\n<p style=\"text-align: justify;\">Als eines der bedeutendsten Museen am Oberrhein f\u00fchrt das <strong>Augustinermuseum<\/strong> eine renommierte Sammlung an Kunst vom Mittelalter bis zum 19. Jahrhundert. <\/p>\n<h3>Das Museum<\/h3>\n<p style=\"text-align: justify;\">Die ehemalige Klosterkirche wurde zu einem modernen Museum umgebaut, dessen Architektur die Besucher ebenso begeistert wie die sehenswerten Dauerausstellungen.<\/p>\n<h3>Beliebter Treffpunkt &#8211; Augustinerplatz<\/h3>\n<p style=\"text-align: justify;\">Auch der <strong>Augustinerplatz<\/strong> ist immer einen Aufenthalt wert. Der Platz, der sich \u00fcber einen kleinen H\u00fcgel ausbreitet, ist wegen seiner Sch\u00f6nheit und der vielen Caf\u00e9s ein beliebter Treffpunkt f\u00fcr die etwa 30.000 Freiburger Studenten, die hier oft auch bis sp\u00e4t in die Nacht sitzen bleiben.<\/p>\n<h3>Gasthof zum Roten B\u00e4ren<\/h3>\n<p style=\"text-align: justify;\">Direkt in der N\u00e4he des Augustinerplatzes, in den Oberlinden, befindet sich der <strong>Gasthof zum Roten B\u00e4ren<\/strong>. Er gilt als eines der \u00e4ltesten Gasth\u00e4user Deutschlands und befindet sich in einem Haus, das noch aus der Gr\u00fcnderzeit stammt. <\/p>\n<p style=\"text-align: justify;\">Der Gasthof war schon immer ein wichtiger Treffpunkt f\u00fcr B\u00fcrger und G\u00e4ste. Auch heute kann hier noch gut gespeist werden.<\/p>\n<div class=\"tipp_center\">\n<p style=\"text-align: justify;\"><strong>Tipp:<\/strong> Bereits 1457 gegr\u00fcndet, gilt die <strong>Albert Ludwigs Universit\u00e4t Freiburg<\/strong> als eine der \u00e4ltesten Universit\u00e4ten Deutschlands. Mit \u00fcber 11.000 Angestellten ist sie heute einer der wichtigsten Arbeitgeber in S\u00fcdbaden. <\/p>\n<p style=\"text-align: justify;\">Die Einrichtungen der Universit\u00e4t Freiburg sind \u00fcber 6 Standorte der Innenstadt verteilt. Ihre historischen Geb\u00e4ude pr\u00e4gen das Stadtbild und es lohnt sich, diese in die Tour durch Freiburg mit aufzunehmen.<\/div>\n<hr>\n<h2>Platz 5: Martinstor &amp; Schwabentor<\/h2>\n<div align=\"center\">\n<blockquote class=\"instagram-media\" style=\"background: #FFF; border: 0; border-radius: 3px; box-shadow: 0 0 1px 0 rgba(0,0,0,0.5),0 1px 10px 0 rgba(0,0,0,0.15); margin: 1px; max-width: 658px; padding: 0; width: calc(100% - 2px);\" data-instgrm-version=\"7\">\n<div style=\"padding: 8px;\">\n<div style=\"background: #F8F8F8; line-height: 0; margin-top: 40px; padding: 62.5% 0; text-align: center; width: 100%;\"><\/div>\n<p style=\"color: #c9c8cd; font-family: Arial,sans-serif; font-size: 14px; line-height: 17px; margin-bottom: 0; margin-top: 8px; overflow: hidden; padding: 8px 0 7px; text-align: center; text-overflow: ellipsis; white-space: nowrap;\"><a style=\"color: #c9c8cd; font-family: Arial,sans-serif; font-size: 14px; font-style: normal; font-weight: normal; line-height: 17px; text-decoration: none;\" href=\"https:\/\/www.instagram.com\/p\/BTfDIC9lXQS\/\" target=\"_blank\" rel=\"noopener noreferrer\">Ein Beitrag geteilt von Thomas Quast (@thomas.quast)<\/a> am <time style=\"font-family: Arial,sans-serif; font-size: 14px; line-height: 17px;\" datetime=\"2017-04-29T21:56:30+00:00\">29. Apr 2017 um 14:56 Uhr<\/time><\/p>\n<\/div>\n<\/blockquote>\n<p><script async defer src=\"\/\/platform.instagram.com\/en_US\/embeds.js\"><\/script><\/div>\n<h3>Die Tore der Stadt Freiburg<\/h3>\n<p style=\"text-align: justify;\">Drei alte Stadttore sind Freiburg erhalten geblieben, deren Architektur durchaus sehenswert ist. <\/p>\n<p style=\"text-align: justify;\">Das <strong>Martinstor<\/strong> im Martinsg\u00e4ssle ist dabei das \u00e4lteste von ihnen und hat eine H\u00f6he von 66 Metern. <\/p>\n<p style=\"text-align: justify;\">Das etwas j\u00fcngere <strong>Schwabentor<\/strong> gilt als sch\u00f6nstes der Freiburger Stadttore. Das Schwabentor ist gleichzeitig der \u00e4lteste Dreisam\u00fcbergang und beherbergt ein kleines Museum.<\/p>\n<div class=\"tipp_center\"><strong>Tipp:<\/strong> F\u00fcr hungrige Besucher des Martinstors bietet sich ein Besuch der nahegelegenen <strong>Markthalle<\/strong> an. Die beliebte Halle bietet eine gro\u00dfe Auswahl an regionaler und internationaler K\u00fcche in einer netten Umgebung.<\/div>\n<hr>\n<h2>Platz 6: Seepark Betzenhausen<\/h2>\n<div align=\"center\">\n<blockquote class=\"instagram-media\" style=\"background: #FFF; border: 0; border-radius: 3px; box-shadow: 0 0 1px 0 rgba(0,0,0,0.5),0 1px 10px 0 rgba(0,0,0,0.15); margin: 1px; max-width: 658px; padding: 0; width: calc(100% - 2px);\" data-instgrm-version=\"7\">\n<div style=\"padding: 8px;\">\n<div style=\"background: #F8F8F8; line-height: 0; margin-top: 40px; padding: 50.0% 0; text-align: center; width: 100%;\"><\/div>\n<p style=\"color: #c9c8cd; font-family: Arial,sans-serif; font-size: 14px; line-height: 17px; margin-bottom: 0; margin-top: 8px; overflow: hidden; padding: 8px 0 7px; text-align: center; text-overflow: ellipsis; white-space: nowrap;\"><a style=\"color: #c9c8cd; font-family: Arial,sans-serif; font-size: 14px; font-style: normal; font-weight: normal; line-height: 17px; text-decoration: none;\" href=\"https:\/\/www.instagram.com\/p\/BEammg3P9qz\/\" target=\"_blank\" rel=\"noopener noreferrer\">Ein Beitrag geteilt von Du\u0161ica Dy\u0107a (@dyca_)<\/a> am <time style=\"font-family: Arial,sans-serif; font-size: 14px; line-height: 17px;\" datetime=\"2016-04-20T08:39:23+00:00\">20. Apr 2016 um 1:39 Uhr<\/time><\/p>\n<\/div>\n<\/blockquote>\n<p><script async defer src=\"\/\/platform.instagram.com\/en_US\/embeds.js\"><\/script><\/div>\n<p style=\"text-align: justify;\">Das ehemalige Gel\u00e4nde der Landesgartenschau von 1986 ist R\u00fcckzugsort f\u00fcr viele Einheimische. Auch f\u00fcr Freiburg-Besucher lohnt sich ein Ausflug zu dem etwa 35 Hektar gro\u00dfen Erholungsgebiet. <\/p>\n<p style=\"text-align: justify;\">Das Gel\u00e4nde verbindet vier Stadtteile im Freiburger Westen und ist mit \u00f6ffentlichen Verkehrsmitteln von der Altstadt in etwa 20 Minuten zu erreichen. <\/p>\n<h3>Naherholung in Freiburg<\/h3>\n<p style=\"text-align: justify;\">Wer sich nach etwas <strong>Ruhe<\/strong> sehnt oder einfach gern das hervorragende Freiburger Wetter genie\u00dfen will, kann sich hier am Ufer des Sees entspannen, im <strong>Rosengarten<\/strong> spazieren gehen oder die Sch\u00f6nheit des <strong>japanischen Gartens<\/strong> bestaunen, der 1990 in Zusammenarbeit mit der Partnerstadt Matsuyama entstanden ist.<\/p>\n<div class=\"tipp_center\"><strong>Tipp:<\/strong> Vor dem Besichtigen der <strong>Freiburg Sehensw\u00fcrdigkeiten<\/strong> lohnt sich ein Besuch des <strong>Schlossbergs<\/strong>. Der Berg liegt im Stadtgebiet \u00f6stlich der Altstadt und bietet einen tollen \u00dcberblick \u00fcber Freiburg. Besonders beliebt ist der <strong>Panoramablick von dem Kanonenplatz<\/strong> oder dem <strong>Schlossbergturm<\/strong>.<\/div>\n<hr>\n<h2>Platz 7: Colombischl\u00f6ssle<\/h2>\n<div align=\"center\">\n<blockquote class=\"instagram-media\" data-instgrm-version=\"7\" style=\" background:#FFF; border:0; border-radius:3px; box-shadow:0 0 1px 0 rgba(0,0,0,0.5),0 1px 10px 0 rgba(0,0,0,0.15); margin: 1px; max-width:658px; padding:0; width:99.375%; width:-webkit-calc(100% - 2px); width:calc(100% - 2px);\">\n<div style=\"padding:8px;\">\n<div style=\" background:#F8F8F8; line-height:0; margin-top:40px; padding:28.14814814814815% 0; text-align:center; width:100%;\">\n<p><p style=\" color:#c9c8cd; font-family:Arial,sans-serif; font-size:14px; line-height:17px; margin-bottom:0; margin-top:8px; overflow:hidden; padding:8px 0 7px; text-align:center; text-overflow:ellipsis; white-space:nowrap;\"><a href=\"https:\/\/www.instagram.com\/p\/BMYoHoMgRvt\/\" style=\" color:#c9c8cd; font-family:Arial,sans-serif; font-size:14px; font-style:normal; font-weight:normal; line-height:17px; text-decoration:none;\" target=\"_blank\" rel=\"noopener noreferrer\">Ein Beitrag geteilt von Vincent (@vincent.gallo.779)<\/a> am <time style=\" font-family:Arial,sans-serif; font-size:14px; line-height:17px;\" datetime=\"2016-11-04T10:25:19+00:00\">4. Nov 2016 um 3:25 Uhr<\/time><\/p>\n<\/div>\n<\/blockquote>\n<p><script async defer src=\"\/\/platform.instagram.com\/en_US\/embeds.js\"><\/script><\/div>\n<h3>Auf dem Gel\u00e4nde der ehemaligen Bastion Saint Louis<\/h3>\n<p style=\"text-align: justify;\">Das 1861 im Tudorstil erbaute Herrenhaus beherbergt heute die absolut lohnenswerte Dauerausstellung des <strong>arch\u00e4ologischen Museums Freiburg<\/strong>. <\/p>\n<p style=\"text-align: justify;\">Neben der Ausstellung und der sch\u00f6nen Architektur des <strong>Colombischl\u00f6ssle<\/strong> zieht auch der umgebende <strong>Colombipark<\/strong> immer wieder Besucher an. Exotische Pflanzen und B\u00e4ume schm\u00fccken den im Stil eines englischen Landschaftsgartens angelegten Park, der schon ein Jahr vor dem Colombischl\u00f6ssle fertiggestellt wurde. <\/p>\n<p style=\"text-align: justify;\">Der Park sowie das Geb\u00e4ude sind seit 2003 als <strong>Kulturdenkmal<\/strong> ausgewiesen.<\/p>\n<div class=\"tipp_center\"><strong>Schon gewusst?<\/strong> Laut einer Vereinbarung aus dem 16. Jahrhundert muss in Freiburg jedes Haus einen Namen tragen \u2013 so finden sich an den meisten H\u00e4usern kleine Schilder mit den alten Namen der Geb\u00e4ude.<\/div>\n<hr>\n<h2>Platz 8: Historisches Kaufhaus &amp; Alte Wache<\/h2>\n<blockquote class=\"instagram-media\" data-instgrm-permalink=\"https:\/\/www.instagram.com\/p\/BwOsc6IncdW\/\" data-instgrm-version=\"12\" style=\" background:#FFF; border:0; border-radius:3px; box-shadow:0 0 1px 0 rgba(0,0,0,0.5),0 1px 10px 0 rgba(0,0,0,0.15); margin: 1px; max-width:540px; min-width:326px; padding:0; width:99.375%; width:-webkit-calc(100% - 2px); width:calc(100% - 2px);\">\n<div style=\"padding:16px;\"> <a href=\"https:\/\/www.instagram.com\/p\/BwOsc6IncdW\/\" style=\" background:#FFFFFF; line-height:0; padding:0 0; text-align:center; text-decoration:none; width:100%;\" target=\"_blank\" rel=\"noopener noreferrer\"> <\/p>\n<div style=\" display: flex; flex-direction: row; align-items: center;\">\n<div style=\"background-color: #F4F4F4; border-radius: 50%; flex-grow: 0; height: 40px; margin-right: 14px; width: 40px;\"><\/div>\n<div style=\"display: flex; flex-direction: column; flex-grow: 1; justify-content: center;\">\n<div style=\" background-color: #F4F4F4; border-radius: 4px; flex-grow: 0; height: 14px; margin-bottom: 6px; width: 100px;\"><\/div>\n<div style=\" background-color: #F4F4F4; border-radius: 4px; flex-grow: 0; height: 14px; width: 60px;\"><\/div>\n<\/div>\n<\/div>\n<div style=\"padding: 19% 0;\"><\/div>\n<div style=\"display:block; height:50px; margin:0 auto 12px; width:50px;\"><svg width=\"50px\" height=\"50px\" viewBox=\"0 0 60 60\" version=\"1.1\" xmlns=\"https:\/\/www.w3.org\/2000\/svg\" xmlns:xlink=\"https:\/\/www.w3.org\/1999\/xlink\"><g stroke=\"none\" stroke-width=\"1\" fill=\"none\" fill-rule=\"evenodd\"><g transform=\"translate(-511.000000, -20.000000)\" fill=\"#000000\"><g><path d=\"M556.869,30.41 C554.814,30.41 553.148,32.076 553.148,34.131 C553.148,36.186 554.814,37.852 556.869,37.852 C558.924,37.852 560.59,36.186 560.59,34.131 C560.59,32.076 558.924,30.41 556.869,30.41 M541,60.657 C535.114,60.657 530.342,55.887 530.342,50 C530.342,44.114 535.114,39.342 541,39.342 C546.887,39.342 551.658,44.114 551.658,50 C551.658,55.887 546.887,60.657 541,60.657 M541,33.886 C532.1,33.886 524.886,41.1 524.886,50 C524.886,58.899 532.1,66.113 541,66.113 C549.9,66.113 557.115,58.899 557.115,50 C557.115,41.1 549.9,33.886 541,33.886 M565.378,62.101 C565.244,65.022 564.756,66.606 564.346,67.663 C563.803,69.06 563.154,70.057 562.106,71.106 C561.058,72.155 560.06,72.803 558.662,73.347 C557.607,73.757 556.021,74.244 553.102,74.378 C549.944,74.521 548.997,74.552 541,74.552 C533.003,74.552 532.056,74.521 528.898,74.378 C525.979,74.244 524.393,73.757 523.338,73.347 C521.94,72.803 520.942,72.155 519.894,71.106 C518.846,70.057 518.197,69.06 517.654,67.663 C517.244,66.606 516.755,65.022 516.623,62.101 C516.479,58.943 516.448,57.996 516.448,50 C516.448,42.003 516.479,41.056 516.623,37.899 C516.755,34.978 517.244,33.391 517.654,32.338 C518.197,30.938 518.846,29.942 519.894,28.894 C520.942,27.846 521.94,27.196 523.338,26.654 C524.393,26.244 525.979,25.756 528.898,25.623 C532.057,25.479 533.004,25.448 541,25.448 C548.997,25.448 549.943,25.479 553.102,25.623 C556.021,25.756 557.607,26.244 558.662,26.654 C560.06,27.196 561.058,27.846 562.106,28.894 C563.154,29.942 563.803,30.938 564.346,32.338 C564.756,33.391 565.244,34.978 565.378,37.899 C565.522,41.056 565.552,42.003 565.552,50 C565.552,57.996 565.522,58.943 565.378,62.101 M570.82,37.631 C570.674,34.438 570.167,32.258 569.425,30.349 C568.659,28.377 567.633,26.702 565.965,25.035 C564.297,23.368 562.623,22.342 560.652,21.575 C558.743,20.834 556.562,20.326 553.369,20.18 C550.169,20.033 549.148,20 541,20 C532.853,20 531.831,20.033 528.631,20.18 C525.438,20.326 523.257,20.834 521.349,21.575 C519.376,22.342 517.703,23.368 516.035,25.035 C514.368,26.702 513.342,28.377 512.574,30.349 C511.834,32.258 511.326,34.438 511.181,37.631 C511.035,40.831 511,41.851 511,50 C511,58.147 511.035,59.17 511.181,62.369 C511.326,65.562 511.834,67.743 512.574,69.651 C513.342,71.625 514.368,73.296 516.035,74.965 C517.703,76.634 519.376,77.658 521.349,78.425 C523.257,79.167 525.438,79.673 528.631,79.82 C531.831,79.965 532.853,80.001 541,80.001 C549.148,80.001 550.169,79.965 553.369,79.82 C556.562,79.673 558.743,79.167 560.652,78.425 C562.623,77.658 564.297,76.634 565.965,74.965 C567.633,73.296 568.659,71.625 569.425,69.651 C570.167,67.743 570.674,65.562 570.82,62.369 C570.966,59.17 571,58.147 571,50 C571,41.851 570.966,40.831 570.82,37.631\"><\/path><\/g><\/g><\/g><\/svg><\/div>\n<div style=\"padding-top: 8px;\">\n<div style=\" color:#3897f0; font-family:Arial,sans-serif; font-size:14px; font-style:normal; font-weight:550; line-height:18px;\"> Sieh dir diesen Beitrag auf Instagram an<\/div>\n<\/div>\n<div style=\"padding: 12.5% 0;\"><\/div>\n<div style=\"display: flex; flex-direction: row; margin-bottom: 14px; align-items: center;\">\n<div>\n<div style=\"background-color: #F4F4F4; border-radius: 50%; height: 12.5px; width: 12.5px; transform: translateX(0px) translateY(7px);\"><\/div>\n<div style=\"background-color: #F4F4F4; height: 12.5px; transform: rotate(-45deg) translateX(3px) translateY(1px); width: 12.5px; flex-grow: 0; margin-right: 14px; margin-left: 2px;\"><\/div>\n<div style=\"background-color: #F4F4F4; border-radius: 50%; height: 12.5px; width: 12.5px; transform: translateX(9px) translateY(-18px);\"><\/div>\n<\/div>\n<div style=\"margin-left: 8px;\">\n<div style=\" background-color: #F4F4F4; border-radius: 50%; flex-grow: 0; height: 20px; width: 20px;\"><\/div>\n<div style=\" width: 0; height: 0; border-top: 2px solid transparent; border-left: 6px solid #f4f4f4; border-bottom: 2px solid transparent; transform: translateX(16px) translateY(-4px) rotate(30deg)\"><\/div>\n<\/div>\n<div style=\"margin-left: auto;\">\n<div style=\" width: 0px; border-top: 8px solid #F4F4F4; border-right: 8px solid transparent; transform: translateY(16px);\"><\/div>\n<div style=\" background-color: #F4F4F4; flex-grow: 0; height: 12px; width: 16px; transform: translateY(-4px);\"><\/div>\n<div style=\" width: 0; height: 0; border-top: 8px solid #F4F4F4; border-left: 8px solid transparent; transform: translateY(-4px) translateX(8px);\"><\/div>\n<\/div>\n<\/div>\n<div style=\"display: flex; flex-direction: column; flex-grow: 1; justify-content: center; margin-bottom: 24px;\">\n<div style=\" background-color: #F4F4F4; border-radius: 4px; flex-grow: 0; height: 14px; margin-bottom: 6px; width: 224px;\"><\/div>\n<div style=\" background-color: #F4F4F4; border-radius: 4px; flex-grow: 0; height: 14px; width: 144px;\"><\/div>\n<\/div>\n<p><\/a><\/p>\n<p style=\" color:#c9c8cd; font-family:Arial,sans-serif; font-size:14px; line-height:17px; margin-bottom:0; margin-top:8px; overflow:hidden; padding:8px 0 7px; text-align:center; text-overflow:ellipsis; white-space:nowrap;\"><a href=\"https:\/\/www.instagram.com\/p\/BwOsc6IncdW\/\" style=\" color:#c9c8cd; font-family:Arial,sans-serif; font-size:14px; font-style:normal; font-weight:normal; line-height:17px; text-decoration:none;\" target=\"_blank\" rel=\"noopener noreferrer\">Ein Beitrag geteilt von Yaelle Nimue (@yvepharma17)<\/a> am <time style=\" font-family:Arial,sans-serif; font-size:14px; line-height:17px;\" datetime=\"2019-04-14T08:40:57+00:00\">Apr 14, 2019 um 1:40 PDT<\/time><\/p>\n<\/div>\n<\/blockquote>\n<p> <script async src=\"\/\/www.instagram.com\/embed.js\"><\/script><\/p>\n<p style=\"text-align: justify;\">Auf der S\u00fcdseite des <strong>M\u00fcnsterplatzes<\/strong> befindet sich das auff\u00e4llige Geb\u00e4ude aus dem 16. Jahrhundert, dass allgemein als <strong>historisches Kaufhaus<\/strong> bezeichnet wird. <\/p>\n<p style=\"text-align: justify;\">Seine glanzvolle rote Fassade ist ein bei Touristen beliebtes Fotomotiv. Das Haus kann aber auch hinter der Fassade \u00fcberzeugen: neben dem h\u00fcbschen Innenhof sind z.B. die prunkvollen R\u00e4umlichkeiten absolut sehenswert.<\/p>\n<h3>Nichts zu Kaufen in dem Kaufhaus<\/h3>\n<p style=\"text-align: justify;\">Entgegen dem Schein ist das Kaufhaus kein Einkaufszentrum, sondern ein <strong>Veranstaltungsort<\/strong>. Bei einer Reise nach Freiburg lohnt es sich, vorher auf der <a href=\"http:\/\/www.historischeskaufhaus.freiburg.de\/startseite\/29\/de\/home.html\" target=\"_blank\" rel=\"nofollow noopener noreferrer\">Seite des Unternehmens<\/a> zu schauen, ob eine der Veranstaltungen interessant ist. Besonders der <strong>Kaisersaal<\/strong> ist als bedeutendster Veranstaltungsraum des Hauses eine wirkliche Attraktion.<\/p>\n<h3>Die Alte Wache<\/h3>\n<p style=\"text-align: justify;\">Die nahegelegene <strong>Alte Wache Freiburg<\/strong> stellt ein \u00e4hnlich interessantes st\u00e4dtisches Geb\u00e4ude dar. Das 1733 erbaute Haus war zun\u00e4chst Sitz der Hauptwache der \u00f6sterreichischen Wachgarnison und diente danach zivilen Zwecken wie zum Beispiel bis 1888 dem Freiburger Kunstverein. <\/p>\n<p style=\"text-align: justify;\">Heute findet sich in der Alten Wache Freiburg das <strong>\u201eHaus der Badischen Weine\u201c<\/strong>, in dem diverse Weine und Br\u00e4nde aus der Umgebung verkostet und gekauft werden k\u00f6nnen. <\/p>\n<div class=\"tipp_center\"><strong>Tipp:<\/strong> Wein? Mit mehr als 300 Weing\u00fctern ist das klimatisch beg\u00fcnstigte Baden das einzige deutsche Weinbaugebiet, das zur <a href=\"https:\/\/de.wikipedia.org\/wiki\/Weinbauzone\" rel=\"noopener noreferrer\" target=\"_blank\">Zone B<\/a> z\u00e4hlt. Besonders bekannt ist die Region f\u00fcr Burgunder-Sorten.<\/div>\n<hr>\n<h2>Platz 9: Schauinsland<\/h2>\n<div align=\"center\">\n<blockquote class=\"instagram-media\" style=\"background: #FFF; border: 0; border-radius: 3px; box-shadow: 0 0 1px 0 rgba(0,0,0,0.5),0 1px 10px 0 rgba(0,0,0,0.15); margin: 1px; max-width: 658px; padding: 0; width: calc(100% - 2px);\" data-instgrm-permalink=\"https:\/\/www.instagram.com\/p\/Bjsf0h_Hjs-\/\" data-instgrm-version=\"8\">\n<div style=\"padding: 8px;\">\n<div style=\"background: #F8F8F8; line-height: 0; margin-top: 40px; padding: 62.5% 0; text-align: center; width: 100%;\">\n<div style=\"background: url(data:image\/png; base64,ivborw0kggoaaaansuheugaaacwaaaascamaaaapwqozaaaabgdbtueaalgpc\/xhbqaaaafzukdcak7ohokaaaamuexurczmzpf399fx1+bm5mzy9amaaadisurbvdjlvzxbesmgces5\/p8\/t9furvcrmu73jwlzosgsiizurcjo\/ad+eqjjb4hv8bft+idpqocx1wjosbfhh2xssxeiyn3uli\/6mnree07uiwjev8ueowds88ly97kqytlijkktuybbruayvh5wohixmpi5we58ek028czwyuqdlkpg1bkb4nnm+veanfhqn1k4+gpt6ugqcvu2h2ovuif\/gwufyy8owepdyzsa3avcqpvovvzzz2vtnn2wu8qzvjddeto90gsy9mvlqtgysy231mxry6i2ggqjrty0l8fxcxfcbbhwrsyyaaaaaelftksuqmcc); display: block; height: 44px; margin: 0 auto -44px; position: relative; top: -22px; width: 44px;\"><\/div>\n<\/div>\n<p style=\"color: #c9c8cd; font-family: Arial,sans-serif; font-size: 14px; line-height: 17px; margin-bottom: 0; margin-top: 8px; overflow: hidden; padding: 8px 0 7px; text-align: center; text-overflow: ellipsis; white-space: nowrap;\"><a style=\"color: #c9c8cd; font-family: Arial,sans-serif; font-size: 14px; font-style: normal; font-weight: normal; line-height: 17px; text-decoration: none;\" href=\"https:\/\/www.instagram.com\/p\/Bjsf0h_Hjs-\/\" target=\"_blank\" rel=\"noopener noreferrer\">Ein Beitrag geteilt von Amrita Dasgupta (@amritadasgupta)<\/a> am <time style=\"font-family: Arial,sans-serif; font-size: 14px; line-height: 17px;\" datetime=\"2018-06-06T19:39:41+00:00\">Jun 6, 2018 um 12:39 PDT<\/time><\/p>\n<\/div>\n<\/blockquote>\n<p><script async defer src=\"\/\/www.instagram.com\/embed.js\"><\/script><\/div>\n<h3>Der Hausberg Freiburgs<\/h3>\n<p style=\"text-align: justify;\">Wandern im Sommer, Skifahren im Winter: Mit dem Freiburger Hausberg <strong>Schauinsland<\/strong> haben sportbegeisterte Freiburger rund um das Jahr einen ganz nah gelegenen Lieblings-Ausflugsort. <\/p>\n<p style=\"text-align: justify;\">Vom Gipfel des Berges bietet sich eine unvergleichliche Aussicht auf den <strong>Feldberg<\/strong> und den <strong>Schwarzwald<\/strong>. Sogar die Alpen lassen sich von hier sehen!<\/p>\n<div class=\"tipp_center\"><strong>Tipp:<\/strong> Ein Ausflug zu dem beliebten Berg bietet sich vor allem f\u00fcr Aktiv-Fans und Familien an. Dieser liegt nur etwa 40 Autominuten von Freiburgs Zentrum entfernt. Wer keine Lust auf eine Wanderung hat, kann sich mit Deutschlands l\u00e4ngster Umlaufseilbahn in 1.284 Meter H\u00f6he kutschieren lassen. <\/div>\n<hr>\n<h2>Platz 10: Europa-Park Rust<\/h2>\n<div align=\"center\">\n<blockquote class=\"instagram-media\" style=\"background: #FFF; border: 0; border-radius: 3px; box-shadow: 0 0 1px 0 rgba(0,0,0,0.5),0 1px 10px 0 rgba(0,0,0,0.15); margin: 1px; max-width: 658px; padding: 0; width: calc(100% - 2px);\" data-instgrm-version=\"7\">\n<div style=\"padding: 8px;\">\n<div style=\"background: #F8F8F8; line-height: 0; margin-top: 40px; padding: 50.0% 0; text-align: center; width: 100%;\"><\/div>\n<p style=\"color: #c9c8cd; font-family: Arial,sans-serif; font-size: 14px; line-height: 17px; margin-bottom: 0; margin-top: 8px; overflow: hidden; padding: 8px 0 7px; text-align: center; text-overflow: ellipsis; white-space: nowrap;\"><a style=\"color: #c9c8cd; font-family: Arial,sans-serif; font-size: 14px; font-style: normal; font-weight: normal; line-height: 17px; text-decoration: none;\" href=\"https:\/\/www.instagram.com\/p\/BXYAa_mgKDd\/\" target=\"_blank\" rel=\"noopener noreferrer\">Ein Beitrag geteilt von Europa-Park (@europapark)<\/a> am <time style=\"font-family: Arial,sans-serif; font-size: 14px; line-height: 17px;\" datetime=\"2017-08-04T14:23:46+00:00\">4. Aug 2017 um 7:23 Uhr<\/time><\/p>\n<\/div>\n<\/blockquote>\n<p><script async defer src=\"\/\/platform.instagram.com\/en_US\/embeds.js\"><\/script><\/div>\n<h3>Mehrfach ausgezeichnet<\/h3>\n<p style=\"text-align: justify;\">Ein nicht nur bei einem <a href=\"https:\/\/www.travelcircus.de\/familienurlaub\" target=\"_blank\" rel=\"noopener noreferrer\">Familienurlaub<\/a> beliebtes <strong>Ausflugsziel in der Freiburger Umgebung<\/strong> ist der <strong>Europa-Park Rust<\/strong>. <\/p>\n<p style=\"text-align: justify;\">Deutschlands gr\u00f6\u00dfter Freizeitpark wurde bereits mit dem <strong>Tripadvisor Travellers Choice Award<\/strong> und dem <strong>Golden Ticket Award<\/strong> f\u00fcr den besten Freizeitpark der Welt ausgezeichnet. <\/p>\n<h3>Nur 30 Kilometer von Freiburg<\/h3>\n<p style=\"text-align: justify;\">Auf einer Fl\u00e4che von 850.000 Quadratmetern bietet der Europa-Park etliche Europa-Themenbereiche, Parks und nat\u00fcrlich Fahrattraktionen. \u201ePoseiden\u201c, \u201eBlue Fire\u201c und die \u201eSilver Star\u201c, die in Zusammenarbeit mit Mercedes-Benz entwickelt wurde \u2013 und das sind nur die Highlights der beliebten Achterbahnen im Europa-Park. <\/p>\n<p style=\"text-align: justify;\">Mit nur 30 Kilometern Entfernung zu Freiburg ist der Europa-Park ein <strong>beliebtes Ziel f\u00fcr Tagesausfl\u00fcge<\/strong>. Mit dem Auto ist der Park in etwa 30 Minuten erreicht. F\u00fcr alle, die auf den \u00f6ffentlichen Transport angewiesen sind, lohnt sich das \u201eEuropa-Park Kombi Ticket\u201c der deutschen Bahn bis zum Bahnhof Ringsheim.<\/p>\n<hr>\n<p>&nbsp;<\/p>\n<h2>Die Top 10 Freiburg Sehensw\u00fcrdigkeiten auf den Punkt gebracht<\/h2>\n<p>Freiburg bezeichnet sich selbst als Schmuckst\u00fcck mitten im Schwarzwald. Und ja, das ist die Stadt auch. Die s\u00fcdlichste Stadt Deutschlands verzaubert mit einem besonderen historischen Flair gepr\u00e4gt durch die typischen B\u00e4chle und G\u00e4ssle. <\/p>\n<p style=\"text-align: justify;\">W\u00e4hrend der vielen sonnigen Tage l\u00e4sst sich nat\u00fcrlich auch die wundersch\u00f6ne Natur in und rund um Freiburg bestens genie\u00dfen. Besuchen Sie Freiburg und sp\u00fcren Sie selbst das &#8222;FreiburgGef\u00fchl&#8220; mit dem die Stadt f\u00fcr sich wirbt.<\/p>\n<div id=\"gyg-widget-2\"><\/div>\n<p><script async defer src=\"\/\/widget.getyourguide.com\/v2\/core.js\"onload=\"GYG.Widget(document.getElementById('gyg-widget-2'),{'q':'Freiburg ','cmp':'Freiburg _bottom','currency':'EUR','localeCode':'de-DE','numberOfItems':'3','partnerId':'RYV446M'});\"><\/script><a href=\"https:\/\/www.getyourguide.de\/s\/?partner_id=RYV446M&#038;cmp=Freiburg _seemore&#038;q=Freiburg \" target=\"_blank\" rel=\"nofollow noopener noreferrer\" class=\"gyg-see-all\">\u00bb Alle Angebote ansehen<\/a><br \/>\n&nbsp;<\/p>\n<h2>Freiburg: Die wichtigsten Zahlen und Fakten im \u00dcberblick<\/h2>\n<div class=\"intro\">\n<ul>\n<li><strong>Bundesland:<\/strong> Baden-W\u00fcrttemberg <\/li>\n<li><strong>Einwohner:<\/strong> ca. 228.000  <\/li>\n<li><strong>Gr\u00f6\u00dfe:<\/strong>  153,06 km\u00b2<\/li>\n<li><strong>Sprache:<\/strong> deutsch <\/li>\n<li><strong>W\u00e4hrung:<\/strong> Euro <\/li>\n<li><strong>Zeitzone:<\/strong> Mitteleurop\u00e4ische Zeit (UTC +1) <\/li>\n<li><strong>Durchschnittstemperatur im Sommer:<\/strong> 16,2 \u00b0C <\/li>\n<li><strong>Durchschnittstemperatur im Winter:<\/strong> 4,6 \u00b0C <\/li>\n<\/ul>\n<\/div>\n<p>&nbsp;<\/p>\n<hr \/>\n<section itemscope itemtype=\"https:\/\/schema.org\/FAQPage\">\n<h2>FAQ: H\u00e4ufige Fragen und Antworten zu Sehensw\u00fcrdigkeiten in Freiburg<\/h2>\n<div itemscope itemprop=\"mainEntity\" itemtype=\"https:\/\/schema.org\/Question\">\n<h3 itemprop=\"name\">Welches sind die beliebtesten Freiburg Sehensw\u00fcrdigkeiten?<\/h3>\n<div itemscope itemprop=\"acceptedAnswer\" itemtype=\"https:\/\/schema.org\/Answer\">\n<div itemprop=\"text\">\nFolgende Sehensw\u00fcrdigkeiten in Freiburg sind besonders beliebt: <\/p>\n<ul>\n<li>Freiburger M\u00fcnster<\/li>\n<li>Freiburger B\u00e4chle<\/li>\n<li>Altes Rathaus &#038; Neues Rathaus<\/li>\n<li>Augustinermuseum<\/li>\n<li>Martinstor &#038; Schwabentor<\/li>\n<\/ul>\n<\/div><\/div>\n<\/p><\/div>\n<p><\/p>\n<div itemscope itemprop=\"mainEntity\" itemtype=\"https:\/\/schema.org\/Question\">\n<h3 itemprop=\"name\">Welche Freiburg Sehensw\u00fcrdigkeiten kann ich bei Regen besuchen?<\/h3>\n<div itemscope itemprop=\"acceptedAnswer\" itemtype=\"https:\/\/schema.org\/Answer\">\n<div itemprop=\"text\">\nBei schlechtem Wetter k\u00f6nnen Sie in Freiburg das Augustinermuseum, den Freiburger M\u00fcnster und die Markthalle besuchen.\n     <\/div>\n<\/p><\/div>\n<\/p><\/div>\n<p><\/p>\n<div itemscope itemprop=\"mainEntity\" itemtype=\"https:\/\/schema.org\/Question\">\n<h3 itemprop=\"name\">Welche Sehensw\u00fcrdigkeiten in Freiburg eignen sich f\u00fcr Kinder?<\/h3>\n<div itemscope itemprop=\"acceptedAnswer\" itemtype=\"https:\/\/schema.org\/Answer\">\n<div itemprop=\"text\">\nWenn Sie mit Kindern nach Freiburg reisen, machen folgende Sehensw\u00fcrdigkeiten Ihren <a href=\"\/familienurlaub\">Familienurlaub<\/a> perfekt: <\/p>\n<ul>\n<li>Freiburger B\u00e4chle<\/li>\n<li>Seepark Betzenhausen<\/li>\n<li>Colombischl\u00f6ssle<\/li>\n<li>Europa-Park Rust<\/li>\n<li>Kinderabenteuerhof VAUBAN<\/li>\n<\/ul><\/div>\n<\/p><\/div>\n<\/p><\/div>\n<p><\/p>\n<div itemscope itemprop=\"mainEntity\" itemtype=\"https:\/\/schema.org\/Question\">\n<h3 itemprop=\"name\">Ist Freiburg sehenswert?<\/h3>\n<div itemscope itemprop=\"acceptedAnswer\" itemtype=\"https:\/\/schema.org\/Answer\">\n<div itemprop=\"text\">\nJa, als <a href=\"\/wellnesshotel-schwarzwald\">Schwarzwald<\/a>-Hauptstadt ist Freiburg absolut sehenswert! Erkunden Sie die Altstadt und spazieren Sie entlang von saftig-gr\u00fcnen Wiesen!\n     <\/div>\n<\/p><\/div>\n<\/p><\/div>\n<p><\/p>\n<div itemscope itemprop=\"mainEntity\" itemtype=\"https:\/\/schema.org\/Question\">\n<h3 itemprop=\"name\">Was gibt es f\u00fcr Museen in Freiburg?<\/h3>\n<div itemscope itemprop=\"acceptedAnswer\" itemtype=\"https:\/\/schema.org\/Answer\">\n<div itemprop=\"text\">\nIn Freiburg gibt es eine Vielzahl Museen, zum Beispiel: <\/p>\n<ul>\n<li>Augustinermuseum<\/li>\n<li>Museum f\u00fcr Stadtgeschichte<\/li>\n<li>Arch\u00e4ologisches Museum Colombischl\u00f6ssle Freiburg<\/li>\n<li>Planetarium Freiburg<\/li>\n<li>Museum Natur und Mensch<\/li>\n<\/ul><\/div>\n<\/p><\/div>\n<\/p><\/div>\n<p><\/p>\n<div itemscope itemprop=\"mainEntity\" itemtype=\"https:\/\/schema.org\/Question\">\n<h3 itemprop=\"name\">Welche Sehensw\u00fcrdigkeiten befinden sich in der Umgebung von Freiburg?<\/h3>\n<div itemscope itemprop=\"acceptedAnswer\" itemtype=\"https:\/\/schema.org\/Answer\">\n<div itemprop=\"text\">\nIn der Umgebung von Freiburg finden sich spannende Sehensw\u00fcrdigkeiten wie der Schauinsland, der <a href=\"\/europa-park-rust\">Europa-Park Rust<\/a> und der Feldberg.\n     <\/div>\n<\/p><\/div>\n<\/p><\/div>\n<\/section>\n<hr \/>\n<p>&nbsp;<\/p>\n<h2>Diese Sehensw\u00fcrdigkeiten in der Umgebung k\u00f6nnten Sie auch interessieren:<\/h2>\n<ol>\n1. <a href=\"https:\/\/www.travelcircus.de\/urlaubsziele\/top-10-sehenswuerdigkeiten-schwarzwald\/\" rel=\"noopener noreferrer\" target=\"_blank\">Sehensw\u00fcrdigkeiten Schwarzwald<\/a><br \/>\n2. <a href=\"https:\/\/www.travelcircus.de\/urlaubsziele\/ulm-sehenswuerdigkeiten\/\" rel=\"noopener noreferrer\" target=\"_blank\">Sehensw\u00fcrdigkeiten Ulm<\/a><br \/>\n3. <a href=\"https:\/\/www.travelcircus.de\/urlaubsziele\/schweiz-sehenswuerdigkeiten\/\" rel=\"noopener noreferrer\" target=\"_blank\">Sehensw\u00fcrdigkeiten Schweiz<\/a>\n<\/ol>\n","protected":false},"excerpt":{"rendered":"<p>So viel Vitamin D wie in Freiburg bekommt man sonst nur bei einem Strandurlaub: die Stadt im Breisgau z\u00e4hlt die meisten Sonnenstunden Deutschlands. Die Schwarzwaldhauptstadt hat neben dem besten Wetter unseres Landes aber auch viele interessante Sehensw\u00fcrdigkeiten und tolle Ausflugsziele zu bieten. Die 10 besten Freiburg Sehensw\u00fcrdigkeiten haben wir f\u00fcr Sie hier zusammengestellt. \u00bb Alle &#8230; <a title=\"Sehensw\u00fcrdigkeiten Freiburg &#8211; Die Top 10 der beliebtesten Attraktionen\" class=\"read-more\" href=\"https:\/\/www.travelcircus.de\/urlaubsziele\/freiburg-sehenswuerdigkeiten\/\" aria-label=\"Mehr Informationen \u00fcber Sehensw\u00fcrdigkeiten Freiburg &#8211; Die Top 10 der beliebtesten Attraktionen\">mehr lesen.<\/a><\/p>\n","protected":false},"author":9,"featured_media":12033,"comment_status":"open","ping_status":"open","sticky":false,"template":"","format":"standard","meta":{"footnotes":""},"categories":[5,6],"tags":[85,86,95,231],"class_list":["post-11994","post","type-post","status-publish","format-standard","has-post-thumbnail","hentry","category-sehenswuerdigkeiten","category-sehenswuerdigkeiten-deutschland","tag-freiburg","tag-freiburg-sehenswuerdigkeiten","tag-gyg","tag-top-10"],"_links":{"self":[{"href":"https:\/\/www.travelcircus.de\/urlaubsziele\/wp-json\/wp\/v2\/posts\/11994","targetHints":{"allow":["GET"]}}],"collection":[{"href":"https:\/\/www.travelcircus.de\/urlaubsziele\/wp-json\/wp\/v2\/posts"}],"about":[{"href":"https:\/\/www.travelcircus.de\/urlaubsziele\/wp-json\/wp\/v2\/types\/post"}],"author":[{"embeddable":true,"href":"https:\/\/www.travelcircus.de\/urlaubsziele\/wp-json\/wp\/v2\/users\/9"}],"replies":[{"embeddable":true,"href":"https:\/\/www.travelcircus.de\/urlaubsziele\/wp-json\/wp\/v2\/comments?post=11994"}],"version-history":[{"count":0,"href":"https:\/\/www.travelcircus.de\/urlaubsziele\/wp-json\/wp\/v2\/posts\/11994\/revisions"}],"wp:featuredmedia":[{"embeddable":true,"href":"https:\/\/www.travelcircus.de\/urlaubsziele\/wp-json\/wp\/v2\/media\/12033"}],"wp:attachment":[{"href":"https:\/\/www.travelcircus.de\/urlaubsziele\/wp-json\/wp\/v2\/media?parent=11994"}],"wp:term":[{"taxonomy":"category","embeddable":true,"href":"https:\/\/www.travelcircus.de\/urlaubsziele\/wp-json\/wp\/v2\/categories?post=11994"},{"taxonomy":"post_tag","embeddable":true,"href":"https:\/\/www.travelcircus.de\/urlaubsziele\/wp-json\/wp\/v2\/tags?post=11994"}],"curies":[{"name":"wp","href":"https:\/\/api.w.org\/{rel}","templated":true}]}}