{"id":12757,"date":"2017-10-05T09:23:21","date_gmt":"2017-10-05T07:23:21","guid":{"rendered":"https:\/\/www.travelcircus.de\/urlaubsziele\/?p=12757"},"modified":"2025-05-07T09:13:56","modified_gmt":"2025-05-07T09:13:56","slug":"lueneburg-sehenswuerdigkeiten","status":"publish","type":"post","link":"https:\/\/www.travelcircus.de\/urlaubsziele\/lueneburg-sehenswuerdigkeiten\/","title":{"rendered":"L\u00fcneburg Sehensw\u00fcrdigkeiten &#8211; Die Top 10 der beliebtesten Attraktionen"},"content":{"rendered":"<p style=\"text-align: justify;\">Vor \u00fcber 1000 Jahren wurde die h\u00fcbsche Stadt L\u00fcneburg mitten auf einem <strong>Salzstock<\/strong> gebaut und kam im Mittelalter mit dem sogenannten \u201ewei\u00dfen Gold\u201c zu gro\u00dfem Reichtum. <\/p>\n<p style=\"text-align: justify;\">An diese Zeit erinnert das Stadtbild auch heute noch: Gepr\u00e4gt von den historischen Giebeln und romantischer Backsteingotik ist die <strong>Hansestadt<\/strong> ein echtes Juwel im Norden. <\/p>\n<p style=\"text-align: justify;\">Die Mischung aus den historischen Fassaden des romantischen St\u00e4dtchens und der bunten und gro\u00dfen <strong>Studentenszene<\/strong> machen L\u00fcneburg zu einem beliebten Ziel f\u00fcr entspannte <a href=\"https:\/\/www.travelcircus.de\/staedtereisen\" rel=\"noopener noreferrer\" target=\"_blank\">St\u00e4dtereisen<\/a> abseits des Gro\u00dfstadttrubels. Hier kommen unsere <strong>Top 10 Sehensw\u00fcrdigkeiten in L\u00fcneburg<\/strong>!<\/p>\n<p><a href=\"https:\/\/www.travelcircus.de\/kurzurlaub-lueneburger-heide?utm_source=urlaubsziele&#038;utm_medium=travelcircus-affiliate\" rel=\"noopener\" target=\"_blank\">>> <strong>Jetzt Traumurlaub finden: <\/strong>Hier warten Top Angeboten in der L\u00fcneburger Heide <<<\/a><\/p>\n<p><!--more--><\/p>\n<h2>Die Top 10 L\u00fcneburg Sehensw\u00fcrdigkeiten auf einen Blick<\/h2>\n<p><iframe src=\"https:\/\/www.google.com\/maps\/d\/u\/0\/embed?mid=1FzSdvLzGGI-5s7uPfhYwqVDMqgFs0LKM\" width=\"640\" height=\"480\"><\/iframe><br \/>\n&nbsp;<\/p>\n<h2>Platz 1: Am Sande<\/h2>\n<div align=\"center\">\n<blockquote class=\"instagram-media\" style=\"background: #FFF; border: 0; border-radius: 3px; box-shadow: 0 0 1px 0 rgba(0,0,0,0.5),0 1px 10px 0 rgba(0,0,0,0.15); margin: 1px; max-width: 658px; padding: 0; width: calc(100% - 2px);\" data-instgrm-version=\"7\">\n<div style=\"padding: 8px;\">\n<div style=\"background: #F8F8F8; line-height: 0; margin-top: 40px; padding: 33.24074074074074% 0; text-align: center; width: 100%;\">\n<div style=\"background: url(data:image\/png; base64,ivborw0kggoaaaansuheugaaacwaaaascamaaaapwqozaaaabgdbtueaalgpc\/xhbqaaaafzukdcak7ohokaaaamuexurczmzpf399fx1+bm5mzy9amaaadisurbvdjlvzxbesmgces5\/p8\/t9furvcrmu73jwlzosgsiizurcjo\/ad+eqjjb4hv8bft+idpqocx1wjosbfhh2xssxeiyn3uli\/6mnree07uiwjev8ueowds88ly97kqytlijkktuybbruayvh5wohixmpi5we58ek028czwyuqdlkpg1bkb4nnm+veanfhqn1k4+gpt6ugqcvu2h2ovuif\/gwufyy8owepdyzsa3avcqpvovvzzz2vtnn2wu8qzvjddeto90gsy9mvlqtgysy231mxry6i2ggqjrty0l8fxcxfcbbhwrsyyaaaaaelftksuqmcc); display: block; height: 44px; margin: 0 auto -44px; position: relative; top: -22px; width: 44px;\"><\/div>\n<\/div>\n<p style=\"color: #c9c8cd; font-family: Arial,sans-serif; font-size: 14px; line-height: 17px; margin-bottom: 0; margin-top: 8px; overflow: hidden; padding: 8px 0 7px; text-align: center; text-overflow: ellipsis; white-space: nowrap;\"><a style=\"color: #c9c8cd; font-family: Arial,sans-serif; font-size: 14px; font-style: normal; font-weight: normal; line-height: 17px; text-decoration: none;\" href=\"https:\/\/www.instagram.com\/p\/BZkk1YOheIz\/\" target=\"_blank\" rel=\"noopener noreferrer\">Ein Beitrag geteilt von Patrick (@tiedt_)<\/a> am <time style=\"font-family: Arial,sans-serif; font-size: 14px; line-height: 17px;\" datetime=\"2017-09-28T04:35:37+00:00\">27. Sep 2017 um 21:35 Uhr<\/time><\/p>\n<\/div>\n<\/blockquote>\n<p><script async defer src=\"\/\/platform.instagram.com\/en_US\/embeds.js\"><\/script><\/div>\n<h3>Hanse, Heide und Salz: das sch\u00f6ne L\u00fcneburg<\/h3>\n<p style=\"text-align: justify;\">Fast alle <strong>L\u00fcneburg Sehensw\u00fcrdigkeiten<\/strong> lassen sich bei einem Spaziergang gut zu Fu\u00df erreichen. Der beste Startpunkt daf\u00fcr ist gleichzeitig unser Platz 1 der Attraktionen in L\u00fcneburg.<\/p>\n<p style=\"text-align: justify;\">Der gro\u00dfe Platz <strong>\u201eAm Sande\u201c<\/strong> ist der \u00e4lteste Platz der Stadt und markiert gleichzeitig das Zentrum der Altstadt. Der Platz ist gerahmt von unz\u00e4hligen alten H\u00e4usern, deren Fassaden mit den f\u00fcr die Stadt bekannten <strong>Treppen-, Schnecken- und Spitzgiebeln<\/strong> verziert sind. <\/p>\n<p style=\"text-align: justify;\">Von ihm ab gehen die Haupteinkaufsstra\u00dfen der Stadt, in den Sie auch viele nette Caf\u00e9s finden.<\/p>\n<hr>\n<h2>Platz 2: L\u00fcneburger Wasserturm<\/h2>\n<div align=\"center\">\n<blockquote class=\"instagram-media\" style=\"background: #FFF; border: 0; border-radius: 3px; box-shadow: 0 0 1px 0 rgba(0,0,0,0.5),0 1px 10px 0 rgba(0,0,0,0.15); margin: 1px; max-width: 658px; padding: 0; width: calc(100% - 2px);\" data-instgrm-version=\"7\">\n<div style=\"padding: 8px;\">\n<div style=\"background: #F8F8F8; line-height: 0; margin-top: 40px; padding: 50.0% 0; text-align: center; width: 100%;\">\n<div style=\"background: url(data:image\/png; base64,ivborw0kggoaaaansuheugaaacwaaaascamaaaapwqozaaaabgdbtueaalgpc\/xhbqaaaafzukdcak7ohokaaaamuexurczmzpf399fx1+bm5mzy9amaaadisurbvdjlvzxbesmgces5\/p8\/t9furvcrmu73jwlzosgsiizurcjo\/ad+eqjjb4hv8bft+idpqocx1wjosbfhh2xssxeiyn3uli\/6mnree07uiwjev8ueowds88ly97kqytlijkktuybbruayvh5wohixmpi5we58ek028czwyuqdlkpg1bkb4nnm+veanfhqn1k4+gpt6ugqcvu2h2ovuif\/gwufyy8owepdyzsa3avcqpvovvzzz2vtnn2wu8qzvjddeto90gsy9mvlqtgysy231mxry6i2ggqjrty0l8fxcxfcbbhwrsyyaaaaaelftksuqmcc); display: block; height: 44px; margin: 0 auto -44px; position: relative; top: -22px; width: 44px;\"><\/div>\n<\/div>\n<p style=\"color: #c9c8cd; font-family: Arial,sans-serif; font-size: 14px; line-height: 17px; margin-bottom: 0; margin-top: 8px; overflow: hidden; padding: 8px 0 7px; text-align: center; text-overflow: ellipsis; white-space: nowrap;\"><a style=\"color: #c9c8cd; font-family: Arial,sans-serif; font-size: 14px; font-style: normal; font-weight: normal; line-height: 17px; text-decoration: none;\" href=\"https:\/\/www.instagram.com\/p\/BXXbxcAFymW\/\" target=\"_blank\" rel=\"noopener noreferrer\">Ein Beitrag geteilt von Tom Franke (@moetilein)<\/a> am <time style=\"font-family: Arial,sans-serif; font-size: 14px; line-height: 17px;\" datetime=\"2017-08-04T09:03:31+00:00\">4. Aug 2017 um 2:03 Uhr<\/time><\/p>\n<\/div>\n<\/blockquote>\n<p><script async defer src=\"\/\/platform.instagram.com\/en_US\/embeds.js\"><\/script><\/div>\n<p style=\"text-align: justify;\">Hoch hinaus \u00fcber die D\u00e4cher der Stadt ragt dieser beeindruckende Turm aus dem Jahr 1907. Der ehemalige Wasserturm ist heute Museum und <strong>Aussichtsturm<\/strong> f\u00fcr L\u00fcneburger und Besucher. <\/p>\n<p style=\"text-align: justify;\">Ein Fahrstuhl bringt Sie in die 6. Ebene des Turms \u2013 von hier aus haben Sie einen atemberaubenden Blick \u00fcber die h\u00fcbsche Stadt an der Ilmenau.<\/p>\n<div class=\"tipp_center\"><strong>Tipp:<\/strong> Fans von Telenovelas werden das romantische <strong>L\u00fcneburg<\/strong> schon l\u00e4ngst aus dem Fernsehen kennen: Denn hier spielt die beliebte Serie <strong>\u201eRote Rosen\u201c<\/strong>.<\/div>\n<hr>\n<h2>Platz 3: Stintmarkt<\/h2>\n<div align=\"center\">\n<blockquote class=\"instagram-media\" style=\"background: #FFF; border: 0; border-radius: 3px; box-shadow: 0 0 1px 0 rgba(0,0,0,0.5),0 1px 10px 0 rgba(0,0,0,0.15); margin: 1px; max-width: 658px; padding: 0; width: calc(100% - 2px);\" data-instgrm-version=\"7\">\n<div style=\"padding: 8px;\">\n<div style=\"background: #F8F8F8; line-height: 0; margin-top: 40px; padding: 49.800796812749006% 0; text-align: center; width: 100%;\">\n<div style=\"background: url(data:image\/png; base64,ivborw0kggoaaaansuheugaaacwaaaascamaaaapwqozaaaabgdbtueaalgpc\/xhbqaaaafzukdcak7ohokaaaamuexurczmzpf399fx1+bm5mzy9amaaadisurbvdjlvzxbesmgces5\/p8\/t9furvcrmu73jwlzosgsiizurcjo\/ad+eqjjb4hv8bft+idpqocx1wjosbfhh2xssxeiyn3uli\/6mnree07uiwjev8ueowds88ly97kqytlijkktuybbruayvh5wohixmpi5we58ek028czwyuqdlkpg1bkb4nnm+veanfhqn1k4+gpt6ugqcvu2h2ovuif\/gwufyy8owepdyzsa3avcqpvovvzzz2vtnn2wu8qzvjddeto90gsy9mvlqtgysy231mxry6i2ggqjrty0l8fxcxfcbbhwrsyyaaaaaelftksuqmcc); display: block; height: 44px; margin: 0 auto -44px; position: relative; top: -22px; width: 44px;\"><\/div>\n<\/div>\n<p style=\"color: #c9c8cd; font-family: Arial,sans-serif; font-size: 14px; line-height: 17px; margin-bottom: 0; margin-top: 8px; overflow: hidden; padding: 8px 0 7px; text-align: center; text-overflow: ellipsis; white-space: nowrap;\"><a style=\"color: #c9c8cd; font-family: Arial,sans-serif; font-size: 14px; font-style: normal; font-weight: normal; line-height: 17px; text-decoration: none;\" href=\"https:\/\/www.instagram.com\/p\/BZzY36Ggso1\/\" target=\"_blank\" rel=\"noopener noreferrer\">Ein Beitrag geteilt von Manfred Hartmann (@lichtzauberwerk)<\/a> am <time style=\"font-family: Arial,sans-serif; font-size: 14px; line-height: 17px;\" datetime=\"2017-10-03T22:39:43+00:00\">3. Okt 2017 um 15:39 Uhr<\/time><\/p>\n<\/div>\n<\/blockquote>\n<p><script async defer src=\"\/\/platform.instagram.com\/en_US\/embeds.js\"><\/script><\/div>\n<p style=\"text-align: justify;\">Im gem\u00fctlichen L\u00fcneburger Hafen liegt die bunte Stra\u00dfe <strong>Am Stintmarkt<\/strong>. <\/p>\n<h3>Kneipenstra\u00dfe an der Ilmenau<\/h3>\n<p style=\"text-align: justify;\">Fr\u00fcher war der Stintmarkt <strong>Handelsplatz<\/strong> der Hanse \u2013 heute Reihen sich hier urige und belebte Kneipen aneinander. Besonders bei den vielen Studenten der Stadt ist diese kleine <strong>Kneipengasse<\/strong> beliebt. <\/p>\n<p style=\"text-align: justify;\">Im Sommer sitzen Sie hier zwischen etlichen anderen bei einem Bier oder Wein ganz romantisch direkt an der Ilmenau.<\/p>\n<hr>\n<h2>Platz 4: Altes Rathaus<\/h2>\n<div align=\"center\">\n<blockquote class=\"instagram-media\" style=\"background: #FFF; border: 0; border-radius: 3px; box-shadow: 0 0 1px 0 rgba(0,0,0,0.5),0 1px 10px 0 rgba(0,0,0,0.15); margin: 1px; max-width: 658px; padding: 0; width: calc(100% - 2px);\" data-instgrm-version=\"7\">\n<div style=\"padding: 8px;\">\n<div style=\"background: #F8F8F8; line-height: 0; margin-top: 40px; padding: 33.28703703703704% 0; text-align: center; width: 100%;\">\n<div style=\"background: url(data:image\/png; base64,ivborw0kggoaaaansuheugaaacwaaaascamaaaapwqozaaaabgdbtueaalgpc\/xhbqaaaafzukdcak7ohokaaaamuexurczmzpf399fx1+bm5mzy9amaaadisurbvdjlvzxbesmgces5\/p8\/t9furvcrmu73jwlzosgsiizurcjo\/ad+eqjjb4hv8bft+idpqocx1wjosbfhh2xssxeiyn3uli\/6mnree07uiwjev8ueowds88ly97kqytlijkktuybbruayvh5wohixmpi5we58ek028czwyuqdlkpg1bkb4nnm+veanfhqn1k4+gpt6ugqcvu2h2ovuif\/gwufyy8owepdyzsa3avcqpvovvzzz2vtnn2wu8qzvjddeto90gsy9mvlqtgysy231mxry6i2ggqjrty0l8fxcxfcbbhwrsyyaaaaaelftksuqmcc); display: block; height: 44px; margin: 0 auto -44px; position: relative; top: -22px; width: 44px;\"><\/div>\n<\/div>\n<p style=\"color: #c9c8cd; font-family: Arial,sans-serif; font-size: 14px; line-height: 17px; margin-bottom: 0; margin-top: 8px; overflow: hidden; padding: 8px 0 7px; text-align: center; text-overflow: ellipsis; white-space: nowrap;\"><a style=\"color: #c9c8cd; font-family: Arial,sans-serif; font-size: 14px; font-style: normal; font-weight: normal; line-height: 17px; text-decoration: none;\" href=\"https:\/\/www.instagram.com\/p\/BWYK6RQlQqk\/\" target=\"_blank\" rel=\"noopener noreferrer\">Ein Beitrag geteilt von Oliver Jensen (@o.jensen.photography)<\/a> am <time style=\"font-family: Arial,sans-serif; font-size: 14px; line-height: 17px;\" datetime=\"2017-07-10T19:24:02+00:00\">10. Jul 2017 um 12:24 Uhr<\/time><\/p>\n<\/div>\n<\/blockquote>\n<p><script async defer src=\"\/\/platform.instagram.com\/en_US\/embeds.js\"><\/script><\/div>\n<p style=\"text-align: justify;\">Das alte <strong>Rathaus<\/strong> ist ein echtes Highlight der L\u00fcneburg Sehensw\u00fcrdigkeiten. Der Rathauskomplex aus verschiedenen Einzelbauten wurde bereits im 13. Jahrhundert errichtet und ist ein gutes Beispiel f\u00fcr die mittelalterliche Architektur, die in der Stadt vorherrscht. <\/p>\n<p style=\"text-align: justify;\">Der Gro\u00dfteil des Rathauses kann heute besichtigt werden, wobei viele interessante Infos zu entdecken sind.<\/p>\n<hr>\n<h2>Platz 5: St. Johannis Kirche &amp; St. Michaelis Kirche<\/h2>\n<div align=\"center\">\n<blockquote class=\"instagram-media\" data-instgrm-permalink=\"https:\/\/www.instagram.com\/p\/BXbmSM0goHb\/\" data-instgrm-version=\"8\" style=\" background:#FFF; border:0; border-radius:3px; box-shadow:0 0 1px 0 rgba(0,0,0,0.5),0 1px 10px 0 rgba(0,0,0,0.15); margin: 1px; max-width:658px; padding:0; width:99.375%; width:-webkit-calc(100% - 2px); width:calc(100% - 2px);\">\n<div style=\"padding:8px;\">\n<div style=\" background:#F8F8F8; line-height:0; margin-top:40px; padding:50.0% 0; text-align:center; width:100%;\">\n<div style=\" background:url(data:image\/png;base64,iVBORw0KGgoAAAANSUhEUgAAACwAAAAsCAMAAAApWqozAAAABGdBTUEAALGPC\/xhBQAAAAFzUkdCAK7OHOkAAAAMUExURczMzPf399fX1+bm5mzY9AMAAADiSURBVDjLvZXbEsMgCES5\/P8\/t9FuRVCRmU73JWlzosgSIIZURCjo\/ad+EQJJB4Hv8BFt+IDpQoCx1wjOSBFhh2XssxEIYn3ulI\/6MNReE07UIWJEv8UEOWDS88LY97kqyTliJKKtuYBbruAyVh5wOHiXmpi5we58Ek028czwyuQdLKPG1Bkb4NnM+VeAnfHqn1k4+GPT6uGQcvu2h2OVuIf\/gWUFyy8OWEpdyZSa3aVCqpVoVvzZZ2VTnn2wU8qzVjDDetO90GSy9mVLqtgYSy231MxrY6I2gGqjrTY0L8fxCxfCBbhWrsYYAAAAAElFTkSuQmCC); display:block; height:44px; margin:0 auto -44px; position:relative; top:-22px; width:44px;\"><\/div>\n<\/div>\n<p style=\" color:#c9c8cd; font-family:Arial,sans-serif; font-size:14px; line-height:17px; margin-bottom:0; margin-top:8px; overflow:hidden; padding:8px 0 7px; text-align:center; text-overflow:ellipsis; white-space:nowrap;\"><a href=\"https:\/\/www.instagram.com\/p\/BXbmSM0goHb\/\" style=\" color:#c9c8cd; font-family:Arial,sans-serif; font-size:14px; font-style:normal; font-weight:normal; line-height:17px; text-decoration:none;\" target=\"_blank\" rel=\"noopener noreferrer\">Ein Beitrag geteilt von Tony Daly (@tonyda61)<\/a> am <time style=\" font-family:Arial,sans-serif; font-size:14px; line-height:17px;\" datetime=\"2017-08-05T23:52:20+00:00\">Aug 5, 2017 um 4:52 PDT<\/time><\/p>\n<\/div>\n<\/blockquote>\n<p> <script async defer src=\"\/\/www.instagram.com\/embed.js\"><\/script>\n<\/div>\n<h3>St. Johannis Kirche<\/h3>\n<p>Sie ist vielleicht das bekannteste <strong>Wahrzeichen L\u00fcneburgs<\/strong>: Die <strong>St. Johannis Kirche<\/strong> mit ihrem schiefen Turm ist eine der \u00e4ltesten Taufkirchen Niedersachsens. Hier k\u00f6nnen Sie auf den Spuren von <strong>Johann Sebastian Bach<\/strong> wandeln, der in dieser Kirche das Komponieren lernte.<\/p>\n<h3>St. Michaelis Kirche<\/h3>\n<p>Auch die St. Michaelis Kirche ist ein echtes Highlight der L\u00fcneburg Sehensw\u00fcrdigkeiten. Deren barocke Kuppel k\u00f6nnen Sie schon von Weitem entdecken. Nehmen Sie auf dem Weg zur Kirche unbedingt die Stra\u00dfe <strong>\u201eAuf dem Meere\u201c<\/strong> \u2013 die malerische Gasse ist eine der sch\u00f6nsten Stra\u00dfen L\u00fcneburgs.<\/p>\n<hr>\n<h2>Platz 6: Kloster L\u00fcne<\/h2>\n<div align=\"center\">\n<blockquote class=\"instagram-media\" style=\"background: #FFF; border: 0; border-radius: 3px; box-shadow: 0 0 1px 0 rgba(0,0,0,0.5),0 1px 10px 0 rgba(0,0,0,0.15); margin: 1px; max-width: 658px; padding: 0; width: calc(100% - 2px);\" data-instgrm-version=\"7\">\n<div style=\"padding: 8px;\">\n<div style=\"background: #F8F8F8; line-height: 0; margin-top: 40px; padding: 50.0% 0; text-align: center; width: 100%;\">\n<div style=\"background: url(data:image\/png; base64,ivborw0kggoaaaansuheugaaacwaaaascamaaaapwqozaaaabgdbtueaalgpc\/xhbqaaaafzukdcak7ohokaaaamuexurczmzpf399fx1+bm5mzy9amaaadisurbvdjlvzxbesmgces5\/p8\/t9furvcrmu73jwlzosgsiizurcjo\/ad+eqjjb4hv8bft+idpqocx1wjosbfhh2xssxeiyn3uli\/6mnree07uiwjev8ueowds88ly97kqytlijkktuybbruayvh5wohixmpi5we58ek028czwyuqdlkpg1bkb4nnm+veanfhqn1k4+gpt6ugqcvu2h2ovuif\/gwufyy8owepdyzsa3avcqpvovvzzz2vtnn2wu8qzvjddeto90gsy9mvlqtgysy231mxry6i2ggqjrty0l8fxcxfcbbhwrsyyaaaaaelftksuqmcc); display: block; height: 44px; margin: 0 auto -44px; position: relative; top: -22px; width: 44px;\"><\/div>\n<\/div>\n<p style=\"color: #c9c8cd; font-family: Arial,sans-serif; font-size: 14px; line-height: 17px; margin-bottom: 0; margin-top: 8px; overflow: hidden; padding: 8px 0 7px; text-align: center; text-overflow: ellipsis; white-space: nowrap;\"><a style=\"color: #c9c8cd; font-family: Arial,sans-serif; font-size: 14px; font-style: normal; font-weight: normal; line-height: 17px; text-decoration: none;\" href=\"https:\/\/www.instagram.com\/p\/BVZyld_jeA5\/\" target=\"_blank\" rel=\"noopener noreferrer\">Ein Beitrag geteilt von Lars Rohrandt (@lars_laro_rohrandt)<\/a> am <time style=\"font-family: Arial,sans-serif; font-size: 14px; line-height: 17px;\" datetime=\"2017-06-16T13:58:33+00:00\">16. Jun 2017 um 6:58 Uhr<\/time><\/p>\n<\/div>\n<\/blockquote>\n<p><script async defer src=\"\/\/platform.instagram.com\/en_US\/embeds.js\"><\/script><\/div>\n<p style=\"text-align: justify;\">Das ehemalige <strong>Benediktinerinnenkloster<\/strong> liegt nur einen kleinen Spaziergang von L\u00fcneburgs Altstadt entfernt und ist eine echte Oase der Ruhe. <\/p>\n<p style=\"text-align: justify;\">Auf dem heutigen Stift liegen die alten Geb\u00e4ude aus dem Jahre 1172 mitten zwischen Streuobstwiesen und uralten B\u00e4umen. Hier finden Sie auch das <strong>Textilmuseum <\/strong>L\u00fcneburg.<\/p>\n<hr>\n<h2>Platz 7: Deutsches Salzmuseum<\/h2>\n<div align=\"center\">\n<blockquote class=\"instagram-media\" style=\"background: #FFF; border: 0; border-radius: 3px; box-shadow: 0 0 1px 0 rgba(0,0,0,0.5),0 1px 10px 0 rgba(0,0,0,0.15); margin: 1px; max-width: 658px; padding: 0; width: calc(100% - 2px);\" data-instgrm-version=\"7\">\n<div style=\"padding: 8px;\">\n<div style=\"background: #F8F8F8; line-height: 0; margin-top: 40px; padding: 62.5% 0; text-align: center; width: 100%;\">\n<div style=\"background: url(data:image\/png; base64,ivborw0kggoaaaansuheugaaacwaaaascamaaaapwqozaaaabgdbtueaalgpc\/xhbqaaaafzukdcak7ohokaaaamuexurczmzpf399fx1+bm5mzy9amaaadisurbvdjlvzxbesmgces5\/p8\/t9furvcrmu73jwlzosgsiizurcjo\/ad+eqjjb4hv8bft+idpqocx1wjosbfhh2xssxeiyn3uli\/6mnree07uiwjev8ueowds88ly97kqytlijkktuybbruayvh5wohixmpi5we58ek028czwyuqdlkpg1bkb4nnm+veanfhqn1k4+gpt6ugqcvu2h2ovuif\/gwufyy8owepdyzsa3avcqpvovvzzz2vtnn2wu8qzvjddeto90gsy9mvlqtgysy231mxry6i2ggqjrty0l8fxcxfcbbhwrsyyaaaaaelftksuqmcc); display: block; height: 44px; margin: 0 auto -44px; position: relative; top: -22px; width: 44px;\"><\/div>\n<\/div>\n<p style=\"color: #c9c8cd; font-family: Arial,sans-serif; font-size: 14px; line-height: 17px; margin-bottom: 0; margin-top: 8px; overflow: hidden; padding: 8px 0 7px; text-align: center; text-overflow: ellipsis; white-space: nowrap;\"><a style=\"color: #c9c8cd; font-family: Arial,sans-serif; font-size: 14px; font-style: normal; font-weight: normal; line-height: 17px; text-decoration: none;\" href=\"https:\/\/www.instagram.com\/p\/BDshw7mI1nC\/\" target=\"_blank\" rel=\"noopener noreferrer\">Ein Beitrag geteilt von Swen Wacker (@swenwacker)<\/a> am <time style=\"font-family: Arial,sans-serif; font-size: 14px; line-height: 17px;\" datetime=\"2016-04-02T11:12:03+00:00\">2. Apr 2016 um 4:12 Uhr<\/time><\/p>\n<\/div>\n<\/blockquote>\n<p><script async defer src=\"\/\/platform.instagram.com\/en_US\/embeds.js\"><\/script><\/div>\n<p style=\"text-align: justify;\">Im Mittelalter wurde L\u00fcneburg mit Salzhandel zu einer reichen Stadt. An diese Zeit erinnert heute auch das Deutsche Salzmuseum. Bis 1980 befand sich hier die <strong>L\u00fcneburger Saline<\/strong> &#8211; und heute k\u00f6nnen Sie hier alles \u00fcber Salz, Salzgewinnung und den Handel erfahren.<\/p>\n<hr>\n<h2>Platz 8: Kalkberg<\/h2>\n<div align=\"center\">\n<blockquote class=\"instagram-media\" style=\"background: #FFF; border: 0; border-radius: 3px; box-shadow: 0 0 1px 0 rgba(0,0,0,0.5),0 1px 10px 0 rgba(0,0,0,0.15); margin: 1px; max-width: 658px; padding: 0; width: calc(100% - 2px);\" data-instgrm-version=\"7\">\n<div style=\"padding: 8px;\">\n<div style=\"background: #F8F8F8; line-height: 0; margin-top: 40px; padding: 50.0% 0; text-align: center; width: 100%;\">\n<div style=\"background: url(data:image\/png; base64,ivborw0kggoaaaansuheugaaacwaaaascamaaaapwqozaaaabgdbtueaalgpc\/xhbqaaaafzukdcak7ohokaaaamuexurczmzpf399fx1+bm5mzy9amaaadisurbvdjlvzxbesmgces5\/p8\/t9furvcrmu73jwlzosgsiizurcjo\/ad+eqjjb4hv8bft+idpqocx1wjosbfhh2xssxeiyn3uli\/6mnree07uiwjev8ueowds88ly97kqytlijkktuybbruayvh5wohixmpi5we58ek028czwyuqdlkpg1bkb4nnm+veanfhqn1k4+gpt6ugqcvu2h2ovuif\/gwufyy8owepdyzsa3avcqpvovvzzz2vtnn2wu8qzvjddeto90gsy9mvlqtgysy231mxry6i2ggqjrty0l8fxcxfcbbhwrsyyaaaaaelftksuqmcc); display: block; height: 44px; margin: 0 auto -44px; position: relative; top: -22px; width: 44px;\"><\/div>\n<\/div>\n<p style=\"color: #c9c8cd; font-family: Arial,sans-serif; font-size: 14px; line-height: 17px; margin-bottom: 0; margin-top: 8px; overflow: hidden; padding: 8px 0 7px; text-align: center; text-overflow: ellipsis; white-space: nowrap;\"><a style=\"color: #c9c8cd; font-family: Arial,sans-serif; font-size: 14px; font-style: normal; font-weight: normal; line-height: 17px; text-decoration: none;\" href=\"https:\/\/www.instagram.com\/p\/BWNIjexjdeR\/\" target=\"_blank\" rel=\"noopener noreferrer\">Ein Beitrag geteilt von photography_s__ (@photography_s__)<\/a> am <time style=\"font-family: Arial,sans-serif; font-size: 14px; line-height: 17px;\" datetime=\"2017-07-06T12:31:48+00:00\">6. Jul 2017 um 5:31 Uhr<\/time><\/p>\n<\/div>\n<\/blockquote>\n<p><script async defer src=\"\/\/platform.instagram.com\/en_US\/embeds.js\"><\/script><\/div>\n<p style=\"text-align: justify;\">In einem wundersch\u00f6nen Park unmittelbar an Altstadt winkt die n\u00e4chste L\u00fcneburg Sehensw\u00fcrdigkeit. Hier k\u00f6nnen Sie den sogenannten \u201e<strong>Kalkberg<\/strong>\u201c besteigen \u2013 ein Berg aus Gips, der durch den darunterliegenden Salzstock an die Oberfl\u00e4che gedr\u00fcckt wurde. <\/p>\n<p style=\"text-align: justify;\">In 58 Metern H\u00f6he k\u00f6nnen Sie von hier aus einen tollen Panoramablick \u00fcber die Hansestadt und die Umgebung genie\u00dfen.<\/p>\n<hr>\n<h2>Platz 9: Alter Kran<\/h2>\n<div align=\"center\">\n<blockquote class=\"instagram-media\" style=\"background: #FFF; border: 0; border-radius: 3px; box-shadow: 0 0 1px 0 rgba(0,0,0,0.5),0 1px 10px 0 rgba(0,0,0,0.15); margin: 1px; max-width: 658px; padding: 0; width: calc(100% - 2px);\" data-instgrm-version=\"7\">\n<div style=\"padding: 8px;\">\n<div style=\"background: #F8F8F8; line-height: 0; margin-top: 40px; padding: 50.0% 0; text-align: center; width: 100%;\">\n<div style=\"background: url(data:image\/png; base64,ivborw0kggoaaaansuheugaaacwaaaascamaaaapwqozaaaabgdbtueaalgpc\/xhbqaaaafzukdcak7ohokaaaamuexurczmzpf399fx1+bm5mzy9amaaadisurbvdjlvzxbesmgces5\/p8\/t9furvcrmu73jwlzosgsiizurcjo\/ad+eqjjb4hv8bft+idpqocx1wjosbfhh2xssxeiyn3uli\/6mnree07uiwjev8ueowds88ly97kqytlijkktuybbruayvh5wohixmpi5we58ek028czwyuqdlkpg1bkb4nnm+veanfhqn1k4+gpt6ugqcvu2h2ovuif\/gwufyy8owepdyzsa3avcqpvovvzzz2vtnn2wu8qzvjddeto90gsy9mvlqtgysy231mxry6i2ggqjrty0l8fxcxfcbbhwrsyyaaaaaelftksuqmcc); display: block; height: 44px; margin: 0 auto -44px; position: relative; top: -22px; width: 44px;\"><\/div>\n<\/div>\n<p style=\"color: #c9c8cd; font-family: Arial,sans-serif; font-size: 14px; line-height: 17px; margin-bottom: 0; margin-top: 8px; overflow: hidden; padding: 8px 0 7px; text-align: center; text-overflow: ellipsis; white-space: nowrap;\"><a style=\"color: #c9c8cd; font-family: Arial,sans-serif; font-size: 14px; font-style: normal; font-weight: normal; line-height: 17px; text-decoration: none;\" href=\"https:\/\/www.instagram.com\/p\/BK3SrzbDxhd\/\" target=\"_blank\" rel=\"noopener noreferrer\">Ein Beitrag geteilt von Nico (@niggomat)<\/a> am <time style=\"font-family: Arial,sans-serif; font-size: 14px; line-height: 17px;\" datetime=\"2016-09-27T15:11:41+00:00\">27. Sep 2016 um 8:11 Uhr<\/time><\/p>\n<\/div>\n<\/blockquote>\n<p><script async defer src=\"\/\/platform.instagram.com\/en_US\/embeds.js\"><\/script><\/div>\n<p style=\"text-align: justify;\">Im alten Hafen der Hansestadt herrschte fr\u00fcher reges Treiben \u2013 war dieser doch der Umschlagplatz f\u00fcr das Salz der Saline. <\/p>\n<p style=\"text-align: justify;\">Auch heute ist das Leben hier nicht ruhiger geworden \u2013 allerdings wird es bestimmt von den vielen Restaurants und Kneipen, die sich hier aneinanderreihen. Hier finden Se auch das historische <strong>Industriedenkmal<\/strong>: den <strong>alten Kran<\/strong>. Bis heute pr\u00e4gt der 1797 erbaute Kran das Stadtbild \u2013 und ist immer noch funktionst\u00fcchtig.<\/p>\n<hr>\n<h2>Platz 10: Die L\u00fcneburger Heide<\/h2>\n<div align=\"center\">\n<blockquote class=\"instagram-media\" style=\"background: #FFF; border: 0; border-radius: 3px; box-shadow: 0 0 1px 0 rgba(0,0,0,0.5),0 1px 10px 0 rgba(0,0,0,0.15); margin: 1px; max-width: 658px; padding: 0; width: calc(100% - 2px);\" data-instgrm-version=\"7\">\n<div style=\"padding: 8px;\">\n<div style=\"background: #F8F8F8; line-height: 0; margin-top: 40px; padding: 33.24074074074074% 0; text-align: center; width: 100%;\">\n<div style=\"background: url(data:image\/png; base64,ivborw0kggoaaaansuheugaaacwaaaascamaaaapwqozaaaabgdbtueaalgpc\/xhbqaaaafzukdcak7ohokaaaamuexurczmzpf399fx1+bm5mzy9amaaadisurbvdjlvzxbesmgces5\/p8\/t9furvcrmu73jwlzosgsiizurcjo\/ad+eqjjb4hv8bft+idpqocx1wjosbfhh2xssxeiyn3uli\/6mnree07uiwjev8ueowds88ly97kqytlijkktuybbruayvh5wohixmpi5we58ek028czwyuqdlkpg1bkb4nnm+veanfhqn1k4+gpt6ugqcvu2h2ovuif\/gwufyy8owepdyzsa3avcqpvovvzzz2vtnn2wu8qzvjddeto90gsy9mvlqtgysy231mxry6i2ggqjrty0l8fxcxfcbbhwrsyyaaaaaelftksuqmcc); display: block; height: 44px; margin: 0 auto -44px; position: relative; top: -22px; width: 44px;\"><\/div>\n<\/div>\n<p style=\"color: #c9c8cd; font-family: Arial,sans-serif; font-size: 14px; line-height: 17px; margin-bottom: 0; margin-top: 8px; overflow: hidden; padding: 8px 0 7px; text-align: center; text-overflow: ellipsis; white-space: nowrap;\"><a style=\"color: #c9c8cd; font-family: Arial,sans-serif; font-size: 14px; font-style: normal; font-weight: normal; line-height: 17px; text-decoration: none;\" href=\"https:\/\/www.instagram.com\/p\/BZqFPr-hJzh\/\" target=\"_blank\" rel=\"noopener noreferrer\">Ein Beitrag geteilt von Daniel French Fotografie (@d.french.photoart)<\/a> am <time style=\"font-family: Arial,sans-serif; font-size: 14px; line-height: 17px;\" datetime=\"2017-09-30T07:55:02+00:00\">30. Sep 2017 um 0:55 Uhr<\/time><\/p>\n<\/div>\n<\/blockquote>\n<p><script async defer src=\"\/\/platform.instagram.com\/en_US\/embeds.js\"><\/script><\/div>\n<p style=\"text-align: justify;\">Last but not least: die <strong>L\u00fcneburger Heide<\/strong>. Diese wundersch\u00f6ne <strong>Landschaft <\/strong>befindet sich s\u00fcdwestlich von L\u00fcneburg und ist in etwa 40 Minuten mit dem Auto erreicht. <\/p>\n<p style=\"text-align: justify;\">Lila bl\u00fchende Heide, sanfte H\u00fcgel und wei\u00dfe Birken pr\u00e4gen diese einzigartige Region. Auch der <strong>Wildpark L\u00fcneburger Heide<\/strong> ist definitiv einen Besuch wert! Erfahren Sie in unserem Blogartikel zur <a href=\"https:\/\/www.travelcircus.de\/urlaubsziele\/reiseziel-lueneburger-heide\/\">L\u00fcneburger Heide<\/a> mehr \u00fcber die etwa 5000 Jahre alte Kulturlandschaft.<\/p>\n<hr>\n<p>&nbsp;<\/p>\n<h2>Die Top 10 L\u00fcneburg Sehensw\u00fcrdigkeiten auf den Punkt gebracht<\/h2>\n<p>Die Hansestadt L\u00fcneburg ist bekannt f\u00fcr ihre mittelalterliche Architektur mit historischen Giebel, die vom Krieg weitestgehend  verschont blieb. <\/p>\n<p style=\"text-align: justify;\">Einst wurde die Stadt durch den Salzabbau reich, heute ist sie sehr beliebt bei jungen Studenten. Und nat\u00fcrlich k\u00f6nnen Sie nicht von L\u00fcneburg sprechen ohne die L\u00fcneburger Heide zu erw\u00e4hnen. Die wundersch\u00f6ne und wertvolle Heidenlandschaft ist definitiv ein Muss bei einem Ausflug nach L\u00fcneburg.<\/p>\n<p>&nbsp;<\/p>\n<h2>L\u00fcneburg: Die wichtigsten Zahlen und Fakten im \u00dcberblick<\/h2>\n<div class=\"intro\">\n<ul>\n<li><strong>Bundesland:<\/strong> Niedersachsen <\/li>\n<li><strong>Einwohner:<\/strong> ca. 74.494  <\/li>\n<li><strong>Gr\u00f6\u00dfe:<\/strong> 70,34 km\u00b2<\/li>\n<li><strong>Sprache:<\/strong> deutsch <\/li>\n<li><strong>W\u00e4hrung:<\/strong> Euro <\/li>\n<li><strong>Zeitzone:<\/strong> Mitteleurop\u00e4ische Zeit (UTC +1) <\/li>\n<li><strong>Durchschnittstemperatur im Sommer:<\/strong> 14,3\u00b0C <\/li>\n<li><strong>Durchschnittstemperatur im Winter:<\/strong> 2,8\u00b0C <\/li>\n<\/ul>\n<\/div>\n<p>&nbsp;<\/p>\n<h2>Diese Sehensw\u00fcrdigkeiten in der Umgebung k\u00f6nnten Sie auch interessieren:<\/h2>\n<ol>\n1. <a href=\"https:\/\/www.travelcircus.de\/urlaubsziele\/sehenswuerdigkeiten-in-hamburg\/\" rel=\"noopener noreferrer\" target=\"_blank\">Sehensw\u00fcrdigkeiten Hamburg<\/a><br \/>\n2. <a href=\"https:\/\/www.travelcircus.de\/urlaubsziele\/luebeck-sehenswuerdigkeiten\/\" rel=\"noopener noreferrer\" target=\"_blank\">Sehensw\u00fcrdigkeiten L\u00fcbeck <\/a><br \/>\n3. <a href=\"https:\/\/www.travelcircus.de\/urlaubsziele\/bremen-sehenswuerdigkeiten\/\" rel=\"noopener noreferrer\" target=\"_blank\">Sehensw\u00fcrdigkeiten Bremen<\/a>\n<\/ol>\n","protected":false},"excerpt":{"rendered":"<p>Vor \u00fcber 1000 Jahren wurde die h\u00fcbsche Stadt L\u00fcneburg mitten auf einem Salzstock gebaut und kam im Mittelalter mit dem sogenannten \u201ewei\u00dfen Gold\u201c zu gro\u00dfem Reichtum. An diese Zeit erinnert das Stadtbild auch heute noch: Gepr\u00e4gt von den historischen Giebeln und romantischer Backsteingotik ist die Hansestadt ein echtes Juwel im Norden. Die Mischung aus den &#8230; <a title=\"L\u00fcneburg Sehensw\u00fcrdigkeiten &#8211; Die Top 10 der beliebtesten Attraktionen\" class=\"read-more\" href=\"https:\/\/www.travelcircus.de\/urlaubsziele\/lueneburg-sehenswuerdigkeiten\/\" aria-label=\"Mehr Informationen \u00fcber L\u00fcneburg Sehensw\u00fcrdigkeiten &#8211; Die Top 10 der beliebtesten Attraktionen\">mehr lesen.<\/a><\/p>\n","protected":false},"author":9,"featured_media":12761,"comment_status":"open","ping_status":"open","sticky":false,"template":"","format":"standard","meta":{"footnotes":""},"categories":[5,6],"tags":[137,138,205,231],"class_list":["post-12757","post","type-post","status-publish","format-standard","has-post-thumbnail","hentry","category-sehenswuerdigkeiten","category-sehenswuerdigkeiten-deutschland","tag-lueneburg","tag-lueneburger-heide","tag-sehenswuerdigkeiten-lueneburg","tag-top-10"],"_links":{"self":[{"href":"https:\/\/www.travelcircus.de\/urlaubsziele\/wp-json\/wp\/v2\/posts\/12757","targetHints":{"allow":["GET"]}}],"collection":[{"href":"https:\/\/www.travelcircus.de\/urlaubsziele\/wp-json\/wp\/v2\/posts"}],"about":[{"href":"https:\/\/www.travelcircus.de\/urlaubsziele\/wp-json\/wp\/v2\/types\/post"}],"author":[{"embeddable":true,"href":"https:\/\/www.travelcircus.de\/urlaubsziele\/wp-json\/wp\/v2\/users\/9"}],"replies":[{"embeddable":true,"href":"https:\/\/www.travelcircus.de\/urlaubsziele\/wp-json\/wp\/v2\/comments?post=12757"}],"version-history":[{"count":1,"href":"https:\/\/www.travelcircus.de\/urlaubsziele\/wp-json\/wp\/v2\/posts\/12757\/revisions"}],"predecessor-version":[{"id":24903,"href":"https:\/\/www.travelcircus.de\/urlaubsziele\/wp-json\/wp\/v2\/posts\/12757\/revisions\/24903"}],"wp:featuredmedia":[{"embeddable":true,"href":"https:\/\/www.travelcircus.de\/urlaubsziele\/wp-json\/wp\/v2\/media\/12761"}],"wp:attachment":[{"href":"https:\/\/www.travelcircus.de\/urlaubsziele\/wp-json\/wp\/v2\/media?parent=12757"}],"wp:term":[{"taxonomy":"category","embeddable":true,"href":"https:\/\/www.travelcircus.de\/urlaubsziele\/wp-json\/wp\/v2\/categories?post=12757"},{"taxonomy":"post_tag","embeddable":true,"href":"https:\/\/www.travelcircus.de\/urlaubsziele\/wp-json\/wp\/v2\/tags?post=12757"}],"curies":[{"name":"wp","href":"https:\/\/api.w.org\/{rel}","templated":true}]}}