{"id":20002,"date":"2019-09-24T15:02:51","date_gmt":"2019-09-24T13:02:51","guid":{"rendered":"https:\/\/www.travelcircus.de\/urlaubsziele\/?p=20002"},"modified":"2024-06-07T04:17:38","modified_gmt":"2024-06-07T04:17:38","slug":"ausgleichsfeiertag","status":"publish","type":"post","link":"https:\/\/www.travelcircus.de\/urlaubsziele\/ausgleichsfeiertag\/","title":{"rendered":"Petition &#8211; Jetzt Ausgleichsfeiertag einfordern!"},"content":{"rendered":"<p>Wir fordern Sie auf, <strong>unsere Petition<\/strong> in Form einer Zustimmung auf Change.org zu unterst\u00fctzen. Unser Ziel ist es, mit <strong>mindestens 50.000 Teilnehmern<\/strong> das Begehren f\u00fcr einen zus\u00e4tzlichen Feiertag zu belegen und damit die Vorteile eines <strong>gewonnenen Ausgleichsfeiertags<\/strong> f\u00fcr die gesamte Gesellschaft zu unterstreichen.<\/p>\n<blockquote><p>Wieso?<\/p><\/blockquote>\n<p><strong>2020 wird kein gutes Reisejahr, wenn man nach den gesetzlichen Feiertagen geht!<\/strong><\/p>\n<div id='gallery-1' class='gallery galleryid-20002 gallery-columns-3 gallery-size-thumbnail'><figure class='gallery-item'>\n\t\t\t<div class='gallery-icon landscape'>\n\t\t\t\t<a href='https:\/\/www.travelcircus.de\/urlaubsziele\/ausgleichsfeiertag\/ausgleichsfeiertag_brueckentage-petition_s\/#main'><img decoding=\"async\" width=\"150\" height=\"150\" src=\"https:\/\/www.travelcircus.de\/urlaubsziele\/wp-content\/uploads\/2019\/09\/Ausgleichsfeiertag_Bruckentage-Petition_S-150x150.jpg\" class=\"attachment-thumbnail size-thumbnail\" alt=\"Ausgleichsfeiertag_Br\u00fcckentage-Petition\" \/><\/a>\n\t\t\t<\/div><\/figure><figure class='gallery-item'>\n\t\t\t<div class='gallery-icon landscape'>\n\t\t\t\t<a href='https:\/\/www.travelcircus.de\/urlaubsziele\/sehenswuerdigkeiten-berlin\/top_10_berlin_mauer\/#main'><img decoding=\"async\" width=\"150\" height=\"150\" src=\"https:\/\/www.travelcircus.de\/urlaubsziele\/wp-content\/uploads\/2016\/05\/Top_10_Berlin_Mauer-150x150.jpg\" class=\"attachment-thumbnail size-thumbnail\" alt=\"Tag der Deutschen Einheit (03.10.) = Samstag\" aria-describedby=\"gallery-1-4070\" \/><\/a>\n\t\t\t<\/div>\n\t\t\t\t<figcaption class='wp-caption-text gallery-caption' id='gallery-1-4070'>\n\t\t\t\tTag der Deutschen Einheit\n\n\t\t\t\t<\/figcaption><\/figure><figure class='gallery-item'>\n\t\t\t<div class='gallery-icon landscape'>\n\t\t\t\t<a href='https:\/\/www.travelcircus.de\/urlaubsziele\/thueringen-sehenswuerdigkeiten\/fotolia_120190683_panorama-thueringer-wald-wartburg-eisenach-henry-czauderna-993\/#main'><img decoding=\"async\" width=\"150\" height=\"150\" src=\"https:\/\/www.travelcircus.de\/urlaubsziele\/wp-content\/uploads\/2019\/02\/Fotolia_120190683_Panorama-Thuringer-Wald-Wartburg-Eisenach-\u00a9-Henry-Czauderna-993-150x150.jpg\" class=\"attachment-thumbnail size-thumbnail\" alt=\"Reformationstag (31.10.) = Samstag\" aria-describedby=\"gallery-1-18659\" \/><\/a>\n\t\t\t<\/div>\n\t\t\t\t<figcaption class='wp-caption-text gallery-caption' id='gallery-1-18659'>\n\t\t\t\tReformationstag\n\n\t\t\t\t<\/figcaption><\/figure><figure class='gallery-item'>\n\t\t\t<div class='gallery-icon landscape'>\n\t\t\t\t<a href='https:\/\/www.travelcircus.de\/urlaubsziele\/ausgleichsfeiertag\/bigstock-winter-sunrise-snow-baltic-bea-226013395\/#main'><img decoding=\"async\" width=\"150\" height=\"150\" src=\"https:\/\/www.travelcircus.de\/urlaubsziele\/wp-content\/uploads\/2019\/09\/bigstock-Winter-Sunrise-Snow-Baltic-Bea-226013395-150x150.jpg\" class=\"attachment-thumbnail size-thumbnail\" alt=\"Allerheiligen (01.11.) = Sonntag\" aria-describedby=\"gallery-1-20016\" \/><\/a>\n\t\t\t<\/div>\n\t\t\t\t<figcaption class='wp-caption-text gallery-caption' id='gallery-1-20016'>\n\t\t\t\tAllerheiligen\n\n\t\t\t\t<\/figcaption><\/figure><figure class='gallery-item'>\n\t\t\t<div class='gallery-icon landscape'>\n\t\t\t\t<a href='https:\/\/www.travelcircus.de\/urlaubsziele\/ausgleichsfeiertag\/christmasmarket-gendarmenmarkt-shutterstock_84772216\/#main'><img decoding=\"async\" width=\"150\" height=\"150\" src=\"https:\/\/www.travelcircus.de\/urlaubsziele\/wp-content\/uploads\/2019\/09\/christmasmarket-gendarmenmarkt-shutterstock_84772216-150x150.jpg\" class=\"attachment-thumbnail size-thumbnail\" alt=\"Weihnachten\" aria-describedby=\"gallery-1-20017\" \/><\/a>\n\t\t\t<\/div>\n\t\t\t\t<figcaption class='wp-caption-text gallery-caption' id='gallery-1-20017'>\n\t\t\t\t2. Weihnachtsfeiertag \n\t\t\t\t<\/figcaption><\/figure>\n\t\t<\/div>\n\n<div><\/div>\n<div class=\"button-small\"><a href=\"brueckentage-2020\/\" target=\"\u201d_blank\u201d\" rel=\"dofollow noopener noreferrer\">Alles \u00fcber die optimale Planung Ihrer Br\u00fcckentage<\/a><\/div>\n<p>&nbsp;<\/p>\n<p><strong>Warum Sie diese Petition unterschreiben sollten, wenn Sie Arbeitgeber sind:<\/strong><\/p>\n<ol>\n<li>Mehr Feiertage bringen f\u00fcr alle wirtschaftlichen Zweige wie Hotellerie und Co. enorm viele monet\u00e4re Vorteile.<\/li>\n<li>Mitarbeiter erhalten zus\u00e4tzliche Regenerierungszeit und k\u00f6nnen somit produktiver arbeiten.<\/li>\n<li>Gerade in der Hotellerie wird der zus\u00e4tzliche Feiertag Ihre Saison verl\u00e4ngern und Ihre Auslastung steigern.<\/li>\n<\/ol>\n<figure id=\"attachment_20066\" aria-describedby=\"caption-attachment-20066\" style=\"width: 1910px\" class=\"wp-caption aligncenter\"><img decoding=\"async\" class=\"wp-image-20066 size-full\" src=\"https:\/\/blog.travelcircus.dev\/urlaubsziele\/wp-content\/uploads\/2019\/09\/team-3373638_1920.jpg\" alt=\"\" width=\"1920\" height=\"1255\" srcset=\"https:\/\/www.travelcircus.de\/urlaubsziele\/wp-content\/uploads\/2019\/09\/team-3373638_1920.jpg 1920w, https:\/\/www.travelcircus.de\/urlaubsziele\/wp-content\/uploads\/2019\/09\/team-3373638_1920-300x196.jpg 300w, https:\/\/www.travelcircus.de\/urlaubsziele\/wp-content\/uploads\/2019\/09\/team-3373638_1920-1024x669.jpg 1024w, https:\/\/www.travelcircus.de\/urlaubsziele\/wp-content\/uploads\/2019\/09\/team-3373638_1920-768x502.jpg 768w, https:\/\/www.travelcircus.de\/urlaubsziele\/wp-content\/uploads\/2019\/09\/team-3373638_1920-1536x1004.jpg 1536w\" sizes=\"(max-width: 1920px) 100vw, 1920px\" \/><figcaption id=\"caption-attachment-20066\" class=\"wp-caption-text\">Gemeinsam f\u00fcr einen Ausgleichsfeiertag abstimmen!<\/figcaption><\/figure>\n<p><strong>Warum Sie diese Petition unterschreiben sollten, wenn Sie Arbeitnehmer sind:<\/strong><\/p>\n<ol>\n<li>Ihre Work-Life-Balance liegt uns am Herzen! Medizinische Untersuchungen haben ergeben, dass Erholungsurlaub nachhaltig Erkrankungsrisiken vorbeugt.<\/li>\n<li>Mehr Freizeit bedeutet mehr Zeit f\u00fcr Familie, Freunde und mehr Reisen mit Travelcircus.<\/li>\n<li>Wird der Feiertag erfolgreich eingef\u00fchrt, wird er der offizielle Travelcircus-Tag. Jeder der \u00fcber diesen Tag eine Reise bucht, bekommt einen Gutschein.<\/li>\n<\/ol>\n<h2>Ablauf der Gutschein-Aktion<\/h2>\n<ol>\n<li>Auf Change.org die Petition in Form einer <strong>Unterschrift<\/strong> unterst\u00fctzen.<\/li>\n<li>Die Petition auf <strong>Facebook oder Instagram<\/strong> teilen.<\/li>\n<li>Beide Vorraussetzungen <strong>per Screenshot<\/strong> dokumentieren.<\/li>\n<li>Sobald der zus\u00e4tzliche Feiertag genehmigt wird, verschenkt Travelcircus an <strong>ALLE<\/strong> Teilnehmer der Aktion, die f\u00fcr den Feiertag eine Reise gebucht haben, <strong>einen zus\u00e4tzlichen Reisegutschein<\/strong> in Abh\u00e4ngigkeit des eingesetzen Reisepreises.<\/li>\n<\/ol>\n<figure id=\"attachment_20055\" aria-describedby=\"caption-attachment-20055\" style=\"width: 1970px\" class=\"wp-caption alignnone\"><img decoding=\"async\" class=\"size-full wp-image-20055\" src=\"https:\/\/blog.travelcircus.dev\/urlaubsziele\/wp-content\/uploads\/2019\/09\/christine-roy-ir5MHI6rPg0-unsplash.jpg\" alt=\"Reisen und Geld sparen\" width=\"1980\" height=\"1325\" srcset=\"https:\/\/www.travelcircus.de\/urlaubsziele\/wp-content\/uploads\/2019\/09\/christine-roy-ir5MHI6rPg0-unsplash.jpg 1980w, https:\/\/www.travelcircus.de\/urlaubsziele\/wp-content\/uploads\/2019\/09\/christine-roy-ir5MHI6rPg0-unsplash-300x201.jpg 300w, https:\/\/www.travelcircus.de\/urlaubsziele\/wp-content\/uploads\/2019\/09\/christine-roy-ir5MHI6rPg0-unsplash-1024x685.jpg 1024w, https:\/\/www.travelcircus.de\/urlaubsziele\/wp-content\/uploads\/2019\/09\/christine-roy-ir5MHI6rPg0-unsplash-768x514.jpg 768w, https:\/\/www.travelcircus.de\/urlaubsziele\/wp-content\/uploads\/2019\/09\/christine-roy-ir5MHI6rPg0-unsplash-1536x1028.jpg 1536w\" sizes=\"(max-width: 1980px) 100vw, 1980px\" \/><figcaption id=\"caption-attachment-20055\" class=\"wp-caption-text\">Reisen und Geld sparen leicht gemacht!<\/figcaption><\/figure>\n<p><strong>Der Gutscheinwert wird in Abh\u00e4ngigkeit des Gesamtpreises der Reise festgelegt.<\/strong><\/p>\n<div class=\"intro\">\n<ul>\n<li>Bis 300 \u20ac = 50 \u20ac Gutschein<\/li>\n<li>300 \u20ac- 400 \u20ac = 75 \u20ac Gutschein<\/li>\n<li>ab 450 \u20ac = 100 \u20ac Gutschein<\/li>\n<\/ul>\n<\/div>\n<div><\/div>\n<div class=\"tipp_center\"><strong>Kleines Rechenbeispiel: <\/strong>Ein Kurzurlaub im Disneyland Paris kostet f\u00fcr 2 Erwachsene + zwei Kinder (12 und 10 Jahre alt) nun statt 499 \u20ac durch den Gutschein nur 399 \u20ac<\/div>\n<div><\/div>\n<div>\n<p><strong>\u00dcbrigens finden Sie hier eine gro\u00dfe Liste an passenden Ausgleichsfeiertagen:<\/strong><\/p>\n<style type=\"text\/css\">\n.tg  {border-collapse:collapse;border-spacing:0;}\n.tg td{font-family:Arial, sans-serif;font-size:14px;padding:10px 5px;border-style:solid;border-width:1px;overflow:hidden;word-break:normal;border-color:black;}\n.tg th{font-family:Arial, sans-serif;font-size:14px;font-weight:normal;padding:10px 5px;border-style:solid;border-width:1px;overflow:hidden;word-break:normal;border-color:black;}\n.tg .tg-imy9{background-color:#31bbac;border-color:inherit;text-align:left;vertical-align:top}\n.tg .tg-kwiq{color:#000000;border-color:inherit;text-align:left;vertical-align:top}\n<\/style>\n<table class=\"tg\" style=\"undefined;table-layout: fixed; width: 632px\">\n<colgroup>\n<col style=\"width: 382px\">\n<col style=\"width: 250px\">\n<\/colgroup>\n<tr>\n<th class=\"tg-imy9\">M\u00f6gliche Auswahl f\u00fcr Feiertage<\/th>\n<th class=\"tg-imy9\">Datum<\/th>\n<\/tr>\n<tr>\n<td class=\"tg-kwiq\">Tag des Gedenkens an die Opfer des Nationalsozialismus<\/td>\n<td class=\"tg-kwiq\">27. Januar (Montag)<\/td>\n<\/tr>\n<tr>\n<td class=\"tg-kwiq\">Valentinstag<\/td>\n<td class=\"tg-kwiq\">14. Februar (Freitag)<\/td>\n<\/tr>\n<tr>\n<td class=\"tg-kwiq\">Aschermittwoch<\/td>\n<td class=\"tg-kwiq\">26. Februar (Mittwoch)<\/td>\n<\/tr>\n<tr>\n<td class=\"tg-kwiq\">Tag des Gl\u00fccks<\/td>\n<td class=\"tg-kwiq\">20. M\u00e4rz (Freitag)<\/td>\n<\/tr>\n<tr>\n<td class=\"tg-kwiq\">Earth Day (50-j\u00e4hriges Jubil\u00e4um)<\/td>\n<td class=\"tg-kwiq\">22. April (Mittwoch)<\/td>\n<\/tr>\n<tr>\n<td class=\"tg-kwiq\">Internationaler Tag der Familie<\/td>\n<td class=\"tg-kwiq\">15. Mai (Freitag)<\/td>\n<\/tr>\n<tr>\n<td class=\"tg-kwiq\">Aufstand vom 17. Juni 1953<\/td>\n<td class=\"tg-kwiq\">17. Juni (Mittwoch)<\/td>\n<\/tr>\n<tr>\n<td class=\"tg-kwiq\">Tag der Gleichstellung<\/td>\n<td class=\"tg-kwiq\">26. August (Mittwoch)<\/td>\n<\/tr>\n<tr>\n<td class=\"tg-kwiq\">Weltfriedenstag<\/td>\n<td class=\"tg-kwiq\">21. September (Montag)<\/td>\n<\/tr>\n<tr>\n<td class=\"tg-kwiq\">Mauerfall<\/td>\n<td class=\"tg-kwiq\">09. November (Montag)<\/td>\n<\/tr>\n<tr>\n<td class=\"tg-kwiq\">Sankt Martin<\/td>\n<td class=\"tg-kwiq\">11. November (Mittwoch)<\/td>\n<\/tr>\n<tr>\n<td class=\"tg-kwiq\">Internationaler M\u00e4nnertag<\/td>\n<td class=\"tg-kwiq\">19. November (Donnerstag)<\/td>\n<\/tr>\n<tr>\n<td class=\"tg-kwiq\">Silvester<\/td>\n<td class=\"tg-kwiq\">31. Dezember (Donnerstag)<\/td>\n<\/tr>\n<\/table>\n<blockquote><p>Sind Sie \u00fcberzeugt? Dann z\u00f6gern Sie nicht, die Petition in Form einer Unterschrift zu unterst\u00fctzen.<\/p><\/blockquote>\n<p><strong><a href=\"http:\/\/chng.it\/vtXzTZ4kvW\" target=\"_blank\" rel=\"noopener\">Hier geht es zur Petition<\/a><\/strong><\/p>\n","protected":false},"excerpt":{"rendered":"<p>Wir fordern Sie auf, unsere Petition in Form einer Zustimmung auf Change.org zu unterst\u00fctzen. Unser Ziel ist es, mit mindestens 50.000 Teilnehmern das Begehren f\u00fcr einen zus\u00e4tzlichen Feiertag zu belegen und damit die Vorteile eines gewonnenen Ausgleichsfeiertags f\u00fcr die gesamte Gesellschaft zu unterstreichen. Wieso? 2020 wird kein gutes Reisejahr, wenn man nach den gesetzlichen Feiertagen &#8230; <a title=\"Petition &#8211; Jetzt Ausgleichsfeiertag einfordern!\" class=\"read-more\" href=\"https:\/\/www.travelcircus.de\/urlaubsziele\/ausgleichsfeiertag\/\" aria-label=\"Mehr Informationen \u00fcber Petition &#8211; Jetzt Ausgleichsfeiertag einfordern!\">mehr lesen.<\/a><\/p>\n","protected":false},"author":11,"featured_media":20036,"comment_status":"open","ping_status":"open","sticky":false,"template":"","format":"standard","meta":{"footnotes":""},"categories":[4],"tags":[],"class_list":["post-20002","post","type-post","status-publish","format-standard","has-post-thumbnail","hentry","category-reisetipps"],"_links":{"self":[{"href":"https:\/\/www.travelcircus.de\/urlaubsziele\/wp-json\/wp\/v2\/posts\/20002","targetHints":{"allow":["GET"]}}],"collection":[{"href":"https:\/\/www.travelcircus.de\/urlaubsziele\/wp-json\/wp\/v2\/posts"}],"about":[{"href":"https:\/\/www.travelcircus.de\/urlaubsziele\/wp-json\/wp\/v2\/types\/post"}],"author":[{"embeddable":true,"href":"https:\/\/www.travelcircus.de\/urlaubsziele\/wp-json\/wp\/v2\/users\/11"}],"replies":[{"embeddable":true,"href":"https:\/\/www.travelcircus.de\/urlaubsziele\/wp-json\/wp\/v2\/comments?post=20002"}],"version-history":[{"count":0,"href":"https:\/\/www.travelcircus.de\/urlaubsziele\/wp-json\/wp\/v2\/posts\/20002\/revisions"}],"wp:featuredmedia":[{"embeddable":true,"href":"https:\/\/www.travelcircus.de\/urlaubsziele\/wp-json\/wp\/v2\/media\/20036"}],"wp:attachment":[{"href":"https:\/\/www.travelcircus.de\/urlaubsziele\/wp-json\/wp\/v2\/media?parent=20002"}],"wp:term":[{"taxonomy":"category","embeddable":true,"href":"https:\/\/www.travelcircus.de\/urlaubsziele\/wp-json\/wp\/v2\/categories?post=20002"},{"taxonomy":"post_tag","embeddable":true,"href":"https:\/\/www.travelcircus.de\/urlaubsziele\/wp-json\/wp\/v2\/tags?post=20002"}],"curies":[{"name":"wp","href":"https:\/\/api.w.org\/{rel}","templated":true}]}}