{"id":2015,"date":"2016-02-05T10:20:50","date_gmt":"2016-02-05T09:20:50","guid":{"rendered":"http:\/\/www.travelcircus.de\/urlaubsziele\/?p=2015"},"modified":"2024-06-19T13:18:54","modified_gmt":"2024-06-19T13:18:54","slug":"madrid-sehenswuerdigkeiten","status":"publish","type":"post","link":"https:\/\/www.travelcircus.de\/urlaubsziele\/madrid-sehenswuerdigkeiten\/","title":{"rendered":"Sehensw\u00fcrdigkeiten Madrid \u2013 Top 10 der beliebtesten Attraktionen"},"content":{"rendered":"<p style=\"text-align: justify;\">Madrid ist das kulturelle, gesellschaftliche, kulinarische und k\u00fcnstlerische Zentrum <strong>Spaniens<\/strong>. <\/p>\n<p style=\"text-align: justify;\">Die Metropole schl\u00e4ft nie und besticht inmitten der iberischen Halbinsel durch pure Lebenslust. Sie bietet beeindruckende Bauwerke, eine vorz\u00fcgliche K\u00fcche, wundersch\u00f6ne Parks und ein pulsierendes Nachtleben. Welche Attraktionen Sie in der Stadt nicht verpassen d\u00fcrfen, verr\u00e4t Ihnen unsere <strong>Top 10 Sehensw\u00fcrdigkeiten Madrid<\/strong>.<\/p>\n<h2>Die Top 10 Madrid Sehensw\u00fcrdigkeiten auf einen Blick<\/h2>\n<p><iframe src=\"https:\/\/www.google.com\/maps\/d\/u\/0\/embed?mid=1KVYpg9Mm68Eks-T5BwzB0lsKcmU0-YmQ\" width=\"640\" height=\"480\"><\/iframe><\/p>\n<div id=\"gyg-widget-1\"><\/div>\n<p><script async defer src=\"\/\/widget.getyourguide.com\/v2\/core.js\" onload=\"GYG.Widget(document.getElementById('gyg-widget-1'),{'q':'Madrid','cmp':'Madrid_top','currency':'EUR','localeCode':'de-DE','numberOfItems':'3','partnerId':'RYV446M'});\"><\/script><a href=\"https:\/\/www.getyourguide.de\/s\/?partner_id=RYV446M&#038;cmp= Madrid_seemore&#038;q=Madrid\" target=\"_blank\" rel=\"nofollow noopener noreferrer\" class=\"gyg-see-all\">\u00bb Alle Angebote ansehen<\/a><br \/>\n&nbsp;<\/p>\n<h2>Platz 1: Plaza Mayor<\/h2>\n<div align=\"center\">\n<blockquote class=\"instagram-media\" data-instgrm-permalink=\"https:\/\/www.instagram.com\/p\/BnTjf73HUV6\/?utm_source=ig_embed\" data-instgrm-version=\"9\" style=\" background:#FFF; border:0; border-radius:3px; box-shadow:0 0 1px 0 rgba(0,0,0,0.5),0 1px 10px 0 rgba(0,0,0,0.15); margin: 1px; max-width:540px; min-width:326px; padding:0; width:99.375%; width:-webkit-calc(100% - 2px); width:calc(100% - 2px);\">\n<div style=\"padding:8px;\">\n<div style=\" background:#F8F8F8; line-height:0; margin-top:40px; padding:62.31481481481481% 0; text-align:center; width:100%;\">\n<div style=\" background:url(data:image\/png;base64,iVBORw0KGgoAAAANSUhEUgAAACwAAAAsCAMAAAApWqozAAAABGdBTUEAALGPC\/xhBQAAAAFzUkdCAK7OHOkAAAAMUExURczMzPf399fX1+bm5mzY9AMAAADiSURBVDjLvZXbEsMgCES5\/P8\/t9FuRVCRmU73JWlzosgSIIZURCjo\/ad+EQJJB4Hv8BFt+IDpQoCx1wjOSBFhh2XssxEIYn3ulI\/6MNReE07UIWJEv8UEOWDS88LY97kqyTliJKKtuYBbruAyVh5wOHiXmpi5we58Ek028czwyuQdLKPG1Bkb4NnM+VeAnfHqn1k4+GPT6uGQcvu2h2OVuIf\/gWUFyy8OWEpdyZSa3aVCqpVoVvzZZ2VTnn2wU8qzVjDDetO90GSy9mVLqtgYSy231MxrY6I2gGqjrTY0L8fxCxfCBbhWrsYYAAAAAElFTkSuQmCC); display:block; height:44px; margin:0 auto -44px; position:relative; top:-22px; width:44px;\"><\/div>\n<\/div>\n<p style=\" color:#c9c8cd; font-family:Arial,sans-serif; font-size:14px; line-height:17px; margin-bottom:0; margin-top:8px; overflow:hidden; padding:8px 0 7px; text-align:center; text-overflow:ellipsis; white-space:nowrap;\"><a href=\"https:\/\/www.instagram.com\/p\/BnTjf73HUV6\/?utm_source=ig_embed\" style=\" color:#c9c8cd; font-family:Arial,sans-serif; font-size:14px; font-style:normal; font-weight:normal; line-height:17px; text-decoration:none;\" target=\"_blank\" rel=\"noopener noreferrer\">Ein Beitrag geteilt von \u00a1Madrid Joven! (@madrid_joven)<\/a> am <time style=\" font-family:Arial,sans-serif; font-size:14px; line-height:17px;\" datetime=\"2018-09-04T13:16:23+00:00\">Sep 4, 2018 um 6:16 PDT<\/time><\/p>\n<\/div>\n<\/blockquote>\n<p><script async defer src=\"\/\/www.instagram.com\/embed.js\"><\/script><\/div>\n<p style=\"text-align: justify;\">Den ersten Platz der <strong>Madrid Sehensw\u00fcrdigkeiten<\/strong> belegt der <strong>Plaza Mayor<\/strong>. Er ist eines der <strong>Wahrzeichen der Stadt<\/strong> und sollte unbedingt zu ihrem Sightseeingprogramm durch die Metropole geh\u00f6ren.<\/p>\n<h3>Im Auftrag der K\u00f6nigs<\/h3>\n<p style=\"text-align: justify;\">Der Plaza Mayor befindet sich im Herzen Madrids an der <strong>Calle Mayor<\/strong> (der Hauptstra\u00dfe von Madrid). Der weitl\u00e4ufige, rechteckige Platz wurde im 16. Jahrhundert auf Anordnung von K\u00f6nig Philip III. errichtet. Noch heute ist sein in Bronze gegossenes Reiterstandbild in der Mitte des Platzes zu bewundern.<\/p>\n<h3>Nutzung des Platzes<\/h3>\n<p style=\"text-align: justify;\">Plaza Mayor wurde fr\u00fcher f\u00fcr unterschiedliche \u00f6ffentliche Anl\u00e4sse genutzt \u2013 so etwa f\u00fcr Feste, Prozessionen, Stierk\u00e4mpfe oder Theaterauff\u00fchrungen. Auch heute ist auf dem Platz immer etwas los. Hier befinden sich zahlreiche Bars und Restaurants sowie traditionelle Gesch\u00e4fte. <\/p>\n<p style=\"text-align: justify;\">Im Dezember erstrahlt Plaza Mayor zudem allj\u00e4hrlich im Glanze des Madrider Weihnachtsmarktes. Zurecht also Platz 1 der Sehensw\u00fcrdigkeiten Madrid.<\/p>\n<hr>\n<h2>Platz 2: Gran Via<\/h2>\n<figure id=\"attachment_5156\" aria-describedby=\"caption-attachment-5156\" style=\"width: 686px\" class=\"wp-caption aligncenter\"><img decoding=\"async\" class=\"size-full wp-image-5156\" src=\"https:\/\/blog.travelcircus.dev\/urlaubsziele\/wp-content\/uploads\/2016\/05\/Sehenswurdigkeiten-Madrid-Gran-Via.jpg\" alt=\"Top 10 Sehensw\u00fcrdigkeiten Madrid. Gran Via.\" width=\"696\" height=\"491\" srcset=\"https:\/\/www.travelcircus.de\/urlaubsziele\/wp-content\/uploads\/2016\/05\/Sehenswurdigkeiten-Madrid-Gran-Via.jpg 696w, https:\/\/www.travelcircus.de\/urlaubsziele\/wp-content\/uploads\/2016\/05\/Sehenswurdigkeiten-Madrid-Gran-Via-300x212.jpg 300w\" sizes=\"(max-width: 696px) 100vw, 696px\" \/><figcaption id=\"caption-attachment-5156\" class=\"wp-caption-text\">Top 10 Sehensw\u00fcrdigkeiten Madrid &#8211; Gran Via<\/figcaption><\/figure>\n<p style=\"text-align: justify;\">Wer Madrid besucht, sollte auch einen Abstecher zur <strong>Gran Via<\/strong> machen. Die Gran Via ist wohl eine der prachtvollsten und beeindruckendsten Stra\u00dfen der Metropole. Sie bietet <strong>Shoppingerlebnis<\/strong> pur und h\u00e4lt zugleich auch <strong>kulturelle Highlights<\/strong> bereit.<\/p>\n<h3>Was das Herz begehrt<\/h3>\n<p style=\"text-align: justify;\">Die ber\u00fchmte Gran Via im Herzen der Stadt ist bekannt f\u00fcr ihre zahlreichen Gesch\u00e4fte, ihre Bars und Restaurants sowie f\u00fcr ihre kulturellen Einrichtungen wie Kinos, Theater, Musicals oder Nachtclubs, die wie ein Magnet tagt\u00e4glich unz\u00e4hlige Menschen anziehen. <\/p>\n<p style=\"text-align: justify;\">Die Errichtung der Prachtstra\u00dfe begann 1910. Architektonisch orientierte man sich an einer barocken und neoklassizistischen Bauweise, die mit einigen modernen Bauelementen kombiniert sind.<\/p>\n<p style=\"text-align: justify;\">Auch Platz 2 sollte auf Ihrer To-do-Liste f\u00fcr die Sehensw\u00fcrdigkeiten-Madrid nicht fehlen.<\/p>\n<hr>\n<h2>Platz 3: Puerta del Sol<\/h2>\n<div align=\"center\">\n<blockquote class=\"instagram-media\" data-instgrm-permalink=\"https:\/\/www.instagram.com\/p\/BnTzDgdnyd3\/?utm_source=ig_embed\" data-instgrm-version=\"9\" style=\" background:#FFF; border:0; border-radius:3px; box-shadow:0 0 1px 0 rgba(0,0,0,0.5),0 1px 10px 0 rgba(0,0,0,0.15); margin: 1px; max-width:540px; min-width:326px; padding:0; width:99.375%; width:-webkit-calc(100% - 2px); width:calc(100% - 2px);\">\n<div style=\"padding:8px;\">\n<div style=\" background:#F8F8F8; line-height:0; margin-top:40px; padding:26.15740740740741% 0; text-align:center; width:100%;\">\n<div style=\" background:url(data:image\/png;base64,iVBORw0KGgoAAAANSUhEUgAAACwAAAAsCAMAAAApWqozAAAABGdBTUEAALGPC\/xhBQAAAAFzUkdCAK7OHOkAAAAMUExURczMzPf399fX1+bm5mzY9AMAAADiSURBVDjLvZXbEsMgCES5\/P8\/t9FuRVCRmU73JWlzosgSIIZURCjo\/ad+EQJJB4Hv8BFt+IDpQoCx1wjOSBFhh2XssxEIYn3ulI\/6MNReE07UIWJEv8UEOWDS88LY97kqyTliJKKtuYBbruAyVh5wOHiXmpi5we58Ek028czwyuQdLKPG1Bkb4NnM+VeAnfHqn1k4+GPT6uGQcvu2h2OVuIf\/gWUFyy8OWEpdyZSa3aVCqpVoVvzZZ2VTnn2wU8qzVjDDetO90GSy9mVLqtgYSy231MxrY6I2gGqjrTY0L8fxCxfCBbhWrsYYAAAAAElFTkSuQmCC); display:block; height:44px; margin:0 auto -44px; position:relative; top:-22px; width:44px;\"><\/div>\n<\/div>\n<p style=\" color:#c9c8cd; font-family:Arial,sans-serif; font-size:14px; line-height:17px; margin-bottom:0; margin-top:8px; overflow:hidden; padding:8px 0 7px; text-align:center; text-overflow:ellipsis; white-space:nowrap;\"><a href=\"https:\/\/www.instagram.com\/p\/BnTzDgdnyd3\/?utm_source=ig_embed\" style=\" color:#c9c8cd; font-family:Arial,sans-serif; font-size:14px; font-style:normal; font-weight:normal; line-height:17px; text-decoration:none;\" target=\"_blank\" rel=\"noopener noreferrer\">Ein Beitrag geteilt von Gustavo Balderas (@gusbalca73)<\/a> am <time style=\" font-family:Arial,sans-serif; font-size:14px; line-height:17px;\" datetime=\"2018-09-04T15:32:19+00:00\">Sep 4, 2018 um 8:32 PDT<\/time><\/p>\n<\/div>\n<\/blockquote>\n<p><script async defer src=\"\/\/www.instagram.com\/embed.js\"><\/script><\/div>\n<p style=\"text-align: justify;\">Platz 3 der 10 Madrid Sehensw\u00fcrdigkeiten schl\u00e4ft nie. Der <strong>Puerta del Sol<\/strong> an der Calle Alcala ist einer der bedeutendsten Knotenpunkte von Madrid und beliebter Treffpunkt in der Stadt. <\/p>\n<p style=\"text-align: justify;\">Die ersten Geb\u00e4ude entstanden hier bereits im 16. Jahrhundert. Bei einem radikalen Umbau im 19. Jahrhundert wurden jedoch einige historische Bauten abgerissen und der Platz erhielt sein heutiges Gesicht.<\/p>\n<h3>Kilometer Null<\/h3>\n<p style=\"text-align: justify;\">Heute ist Puerta del Sol vor allem auch als \u201eKilometer Null\u201c bekannt, denn hier liegt der Ursprung aller spanischen Landstra\u00dfen. Vom Nullkilometerstein gehen die 6 Hauptnationalstra\u00dfen Spaniens aus, zahlreiche Bus- und Metrolinien kreuzen sich hier. Erleben Sie den Mittelpunkt Madrids!<\/p>\n<div class=\"tipp_center\"><strong>Schon gewusst?<\/strong> In den vergangenen Jahrhunderten war der Platz des Sonnentores oft Schauplatz historischer Begebenheiten wie etwa 1766 vom Aufstand von Esquilache und beim Aufstand gegen die Truppen von Napoleon.<\/div>\n<h2>Platz 4: Retiropark<\/h2>\n<div align=\"center\">\n<blockquote class=\"instagram-media\" data-instgrm-permalink=\"https:\/\/www.instagram.com\/p\/BnUFvkXjDZQ\/?utm_source=ig_embed\" data-instgrm-version=\"9\" style=\" background:#FFF; border:0; border-radius:3px; box-shadow:0 0 1px 0 rgba(0,0,0,0.5),0 1px 10px 0 rgba(0,0,0,0.15); margin: 1px; max-width:540px; min-width:326px; padding:0; width:99.375%; width:-webkit-calc(100% - 2px); width:calc(100% - 2px);\">\n<div style=\"padding:8px;\">\n<div style=\" background:#F8F8F8; line-height:0; margin-top:40px; padding:50.0% 0; text-align:center; width:100%;\">\n<div style=\" background:url(data:image\/png;base64,iVBORw0KGgoAAAANSUhEUgAAACwAAAAsCAMAAAApWqozAAAABGdBTUEAALGPC\/xhBQAAAAFzUkdCAK7OHOkAAAAMUExURczMzPf399fX1+bm5mzY9AMAAADiSURBVDjLvZXbEsMgCES5\/P8\/t9FuRVCRmU73JWlzosgSIIZURCjo\/ad+EQJJB4Hv8BFt+IDpQoCx1wjOSBFhh2XssxEIYn3ulI\/6MNReE07UIWJEv8UEOWDS88LY97kqyTliJKKtuYBbruAyVh5wOHiXmpi5we58Ek028czwyuQdLKPG1Bkb4NnM+VeAnfHqn1k4+GPT6uGQcvu2h2OVuIf\/gWUFyy8OWEpdyZSa3aVCqpVoVvzZZ2VTnn2wU8qzVjDDetO90GSy9mVLqtgYSy231MxrY6I2gGqjrTY0L8fxCxfCBbhWrsYYAAAAAElFTkSuQmCC); display:block; height:44px; margin:0 auto -44px; position:relative; top:-22px; width:44px;\"><\/div>\n<\/div>\n<p style=\" color:#c9c8cd; font-family:Arial,sans-serif; font-size:14px; line-height:17px; margin-bottom:0; margin-top:8px; overflow:hidden; padding:8px 0 7px; text-align:center; text-overflow:ellipsis; white-space:nowrap;\"><a href=\"https:\/\/www.instagram.com\/p\/BnUFvkXjDZQ\/?utm_source=ig_embed\" style=\" color:#c9c8cd; font-family:Arial,sans-serif; font-size:14px; font-style:normal; font-weight:normal; line-height:17px; text-decoration:none;\" target=\"_blank\" rel=\"noopener noreferrer\">Ein Beitrag geteilt von Galangal (@galangalroots)<\/a> am <time style=\" font-family:Arial,sans-serif; font-size:14px; line-height:17px;\" datetime=\"2018-09-04T18:15:37+00:00\">Sep 4, 2018 um 11:15 PDT<\/time><\/p>\n<\/div>\n<\/blockquote>\n<p><script async defer src=\"\/\/www.instagram.com\/embed.js\"><\/script><\/div>\n<p style=\"text-align: justify;\">Der <strong>Retiropark<\/strong> in Madrid ist wohl der sch\u00f6nste Park der Stadt \u2013 und sichert sich damit einen verdienten 4. Platz auf der Liste der Top 10 Madrid Sehensw\u00fcrdigkeiten. <\/p>\n<p style=\"text-align: justify;\">Der <strong>Parque del Buen Retiro<\/strong> ist heute ein beliebter Erholungsort inmitten der pulsierenden Metropole. In der gr\u00fcnen Lunge der Stadt herrscht regelm\u00e4\u00dfig buntes Treiben. Der Retiro zieht Sonnenanbeter, Leseratten, Sportler, Musiker und Verliebte gleicherma\u00dfen in seinen Bann.<\/p>\n<h3>Naherholungsgebiet von Madrid<\/h3>\n<p style=\"text-align: justify;\">Das Naturparadies war einst k\u00f6niglicher Park der Erholung. Die Errichtung des Sommerschlosses und die st\u00e4ndigen Bauarbeiten im Park unter Felipe IV. verschlangen aber derma\u00dfen viel Geld, dass sogar die Steuern angehoben werden mussten. <\/p>\n<p style=\"text-align: justify;\">Mitunter wurde der Retiropark aber auch als Truppen\u00fcbungsplatz der Franzosen verwendet. Zum Beispiel w\u00e4hrend des Unabh\u00e4ngigkeitskrieges, wobei viele der sch\u00f6nen Bauten im Park zerst\u00f6rt wurden. <\/p>\n<p style=\"text-align: justify;\">Als der Retiropark wieder Eigentum der Stadt und damit \u00f6ffentlich wurde, zogen die Madrilenen ihren Park liebevoll wieder heran. Das Ergebnis ihrer Arbeit spiegelt sich auf Platz 4 unserer Top 10 Madrid Sehensw\u00fcrdigkeiten perfekt wider.<\/p>\n<hr>\n<h2>Platz 5: Calle Mayor<\/h2>\n<blockquote class=\"instagram-media\" data-instgrm-permalink=\"https:\/\/www.instagram.com\/p\/Bm0-ie6AzK0\/?utm_source=ig_embed&amp;utm_campaign=loading\" data-instgrm-version=\"12\" style=\" background:#FFF; border:0; border-radius:3px; box-shadow:0 0 1px 0 rgba(0,0,0,0.5),0 1px 10px 0 rgba(0,0,0,0.15); margin: 1px; max-width:540px; min-width:326px; padding:0; width:99.375%; width:-webkit-calc(100% - 2px); width:calc(100% - 2px);\">\n<div style=\"padding:16px;\"> <a href=\"https:\/\/www.instagram.com\/p\/Bm0-ie6AzK0\/?utm_source=ig_embed&amp;utm_campaign=loading\" style=\" background:#FFFFFF; line-height:0; padding:0 0; text-align:center; text-decoration:none; width:100%;\" target=\"_blank\" rel=\"noopener noreferrer\"> <\/p>\n<div style=\" display: flex; flex-direction: row; align-items: center;\">\n<div style=\"background-color: #F4F4F4; border-radius: 50%; flex-grow: 0; height: 40px; margin-right: 14px; width: 40px;\"><\/div>\n<div style=\"display: flex; flex-direction: column; flex-grow: 1; justify-content: center;\">\n<div style=\" background-color: #F4F4F4; border-radius: 4px; flex-grow: 0; height: 14px; margin-bottom: 6px; width: 100px;\"><\/div>\n<div style=\" background-color: #F4F4F4; border-radius: 4px; flex-grow: 0; height: 14px; width: 60px;\"><\/div>\n<\/div>\n<\/div>\n<div style=\"padding: 19% 0;\"><\/div>\n<div style=\"display:block; height:50px; margin:0 auto 12px; width:50px;\"><svg width=\"50px\" height=\"50px\" viewBox=\"0 0 60 60\" version=\"1.1\" xmlns=\"https:\/\/www.w3.org\/2000\/svg\" xmlns:xlink=\"https:\/\/www.w3.org\/1999\/xlink\"><g stroke=\"none\" stroke-width=\"1\" fill=\"none\" fill-rule=\"evenodd\"><g transform=\"translate(-511.000000, -20.000000)\" fill=\"#000000\"><g><path d=\"M556.869,30.41 C554.814,30.41 553.148,32.076 553.148,34.131 C553.148,36.186 554.814,37.852 556.869,37.852 C558.924,37.852 560.59,36.186 560.59,34.131 C560.59,32.076 558.924,30.41 556.869,30.41 M541,60.657 C535.114,60.657 530.342,55.887 530.342,50 C530.342,44.114 535.114,39.342 541,39.342 C546.887,39.342 551.658,44.114 551.658,50 C551.658,55.887 546.887,60.657 541,60.657 M541,33.886 C532.1,33.886 524.886,41.1 524.886,50 C524.886,58.899 532.1,66.113 541,66.113 C549.9,66.113 557.115,58.899 557.115,50 C557.115,41.1 549.9,33.886 541,33.886 M565.378,62.101 C565.244,65.022 564.756,66.606 564.346,67.663 C563.803,69.06 563.154,70.057 562.106,71.106 C561.058,72.155 560.06,72.803 558.662,73.347 C557.607,73.757 556.021,74.244 553.102,74.378 C549.944,74.521 548.997,74.552 541,74.552 C533.003,74.552 532.056,74.521 528.898,74.378 C525.979,74.244 524.393,73.757 523.338,73.347 C521.94,72.803 520.942,72.155 519.894,71.106 C518.846,70.057 518.197,69.06 517.654,67.663 C517.244,66.606 516.755,65.022 516.623,62.101 C516.479,58.943 516.448,57.996 516.448,50 C516.448,42.003 516.479,41.056 516.623,37.899 C516.755,34.978 517.244,33.391 517.654,32.338 C518.197,30.938 518.846,29.942 519.894,28.894 C520.942,27.846 521.94,27.196 523.338,26.654 C524.393,26.244 525.979,25.756 528.898,25.623 C532.057,25.479 533.004,25.448 541,25.448 C548.997,25.448 549.943,25.479 553.102,25.623 C556.021,25.756 557.607,26.244 558.662,26.654 C560.06,27.196 561.058,27.846 562.106,28.894 C563.154,29.942 563.803,30.938 564.346,32.338 C564.756,33.391 565.244,34.978 565.378,37.899 C565.522,41.056 565.552,42.003 565.552,50 C565.552,57.996 565.522,58.943 565.378,62.101 M570.82,37.631 C570.674,34.438 570.167,32.258 569.425,30.349 C568.659,28.377 567.633,26.702 565.965,25.035 C564.297,23.368 562.623,22.342 560.652,21.575 C558.743,20.834 556.562,20.326 553.369,20.18 C550.169,20.033 549.148,20 541,20 C532.853,20 531.831,20.033 528.631,20.18 C525.438,20.326 523.257,20.834 521.349,21.575 C519.376,22.342 517.703,23.368 516.035,25.035 C514.368,26.702 513.342,28.377 512.574,30.349 C511.834,32.258 511.326,34.438 511.181,37.631 C511.035,40.831 511,41.851 511,50 C511,58.147 511.035,59.17 511.181,62.369 C511.326,65.562 511.834,67.743 512.574,69.651 C513.342,71.625 514.368,73.296 516.035,74.965 C517.703,76.634 519.376,77.658 521.349,78.425 C523.257,79.167 525.438,79.673 528.631,79.82 C531.831,79.965 532.853,80.001 541,80.001 C549.148,80.001 550.169,79.965 553.369,79.82 C556.562,79.673 558.743,79.167 560.652,78.425 C562.623,77.658 564.297,76.634 565.965,74.965 C567.633,73.296 568.659,71.625 569.425,69.651 C570.167,67.743 570.674,65.562 570.82,62.369 C570.966,59.17 571,58.147 571,50 C571,41.851 570.966,40.831 570.82,37.631\"><\/path><\/g><\/g><\/g><\/svg><\/div>\n<div style=\"padding-top: 8px;\">\n<div style=\" color:#3897f0; font-family:Arial,sans-serif; font-size:14px; font-style:normal; font-weight:550; line-height:18px;\"> Sieh dir diesen Beitrag auf Instagram an<\/div>\n<\/div>\n<div style=\"padding: 12.5% 0;\"><\/div>\n<div style=\"display: flex; flex-direction: row; margin-bottom: 14px; align-items: center;\">\n<div>\n<div style=\"background-color: #F4F4F4; border-radius: 50%; height: 12.5px; width: 12.5px; transform: translateX(0px) translateY(7px);\"><\/div>\n<div style=\"background-color: #F4F4F4; height: 12.5px; transform: rotate(-45deg) translateX(3px) translateY(1px); width: 12.5px; flex-grow: 0; margin-right: 14px; margin-left: 2px;\"><\/div>\n<div style=\"background-color: #F4F4F4; border-radius: 50%; height: 12.5px; width: 12.5px; transform: translateX(9px) translateY(-18px);\"><\/div>\n<\/div>\n<div style=\"margin-left: 8px;\">\n<div style=\" background-color: #F4F4F4; border-radius: 50%; flex-grow: 0; height: 20px; width: 20px;\"><\/div>\n<div style=\" width: 0; height: 0; border-top: 2px solid transparent; border-left: 6px solid #f4f4f4; border-bottom: 2px solid transparent; transform: translateX(16px) translateY(-4px) rotate(30deg)\"><\/div>\n<\/div>\n<div style=\"margin-left: auto;\">\n<div style=\" width: 0px; border-top: 8px solid #F4F4F4; border-right: 8px solid transparent; transform: translateY(16px);\"><\/div>\n<div style=\" background-color: #F4F4F4; flex-grow: 0; height: 12px; width: 16px; transform: translateY(-4px);\"><\/div>\n<div style=\" width: 0; height: 0; border-top: 8px solid #F4F4F4; border-left: 8px solid transparent; transform: translateY(-4px) translateX(8px);\"><\/div>\n<\/div>\n<\/div>\n<div style=\"display: flex; flex-direction: column; flex-grow: 1; justify-content: center; margin-bottom: 24px;\">\n<div style=\" background-color: #F4F4F4; border-radius: 4px; flex-grow: 0; height: 14px; margin-bottom: 6px; width: 224px;\"><\/div>\n<div style=\" background-color: #F4F4F4; border-radius: 4px; flex-grow: 0; height: 14px; width: 144px;\"><\/div>\n<\/div>\n<p><\/a><\/p>\n<p style=\" color:#c9c8cd; font-family:Arial,sans-serif; font-size:14px; line-height:17px; margin-bottom:0; margin-top:8px; overflow:hidden; padding:8px 0 7px; text-align:center; text-overflow:ellipsis; white-space:nowrap;\"><a href=\"https:\/\/www.instagram.com\/p\/Bm0-ie6AzK0\/?utm_source=ig_embed&amp;utm_campaign=loading\" style=\" color:#c9c8cd; font-family:Arial,sans-serif; font-size:14px; font-style:normal; font-weight:normal; line-height:17px; text-decoration:none;\" target=\"_blank\" rel=\"noopener noreferrer\">Ein Beitrag geteilt von Gerardo (@gerardosilvaserrano)<\/a> am <time style=\" font-family:Arial,sans-serif; font-size:14px; line-height:17px;\" datetime=\"2018-08-23T16:16:12+00:00\">Aug 23, 2018 um 9:16 PDT<\/time><\/p>\n<\/div>\n<\/blockquote>\n<p> <script async src=\"\/\/www.instagram.com\/embed.js\"><\/script><\/p>\n<p style=\"text-align: justify;\">Nahe des Plaza Mayor liegt eine weitere Sehensw\u00fcrdigkeit Madrids: <strong>Calle Mayor<\/strong>. Es handelt sich dabei um die <strong>Hauptstra\u00dfe Madrids<\/strong>. <\/p>\n<p style=\"text-align: justify;\">Die Stra\u00dfe wird links und rechts von wundersch\u00f6n restaurierten Geb\u00e4uden ges\u00e4umt. Hier befinden sich Wohnungen, zahlreiche kleine und gro\u00dfe Gesch\u00e4fte und B\u00fcros.\u00a0<\/p>\n<h3>Sehenswertes auf der Calle Mayor<\/h3>\n<p style=\"text-align: justify;\">Wer auf der Calle Mayor entlang schlendert, sollte sich<\/p>\n<ul>\n<li style=\"font-size:15px!important;line-height:26px!important;\">den Palast der Marqu\u00e9s de Camarasa (Nummer 69)<\/li>\n<li style=\"font-size:15px!important;line-height:26px!important;\">den Palacio de los Consejos (Nummer 79) oder<\/li>\n<li style=\"font-size:15px!important;line-height:26px!important;\">Edificio de la Compa\u00f1\u00eda Colonial (Nummer 16\/18) anschauen.<\/li>\n<\/ul>\n<p style=\"text-align: justify;\">Letzteres ist mit seiner beeindruckenden Fassade mit Art-nouveau-Elementen mehr als ein Foto wert. Wann brechen Sie zur Calle Mayor auf?<\/p>\n<hr>\n<h2>Platz 6: Plaza de Espa\u00f1a<\/h2>\n<figure id=\"attachment_5157\" aria-describedby=\"caption-attachment-5157\" style=\"width: 686px\" class=\"wp-caption aligncenter\"><img decoding=\"async\" class=\"size-full wp-image-5157\" src=\"https:\/\/blog.travelcircus.dev\/urlaubsziele\/wp-content\/uploads\/2016\/05\/Sehenswurdigkeiten-Madrid-Plaza-Espana.jpg\" alt=\"Top 10Sehensw\u00fcrdigkeiten Madrid. Plaza de Espana. \" width=\"696\" height=\"491\" srcset=\"https:\/\/www.travelcircus.de\/urlaubsziele\/wp-content\/uploads\/2016\/05\/Sehenswurdigkeiten-Madrid-Plaza-Espana.jpg 696w, https:\/\/www.travelcircus.de\/urlaubsziele\/wp-content\/uploads\/2016\/05\/Sehenswurdigkeiten-Madrid-Plaza-Espana-300x212.jpg 300w\" sizes=\"(max-width: 696px) 100vw, 696px\" \/><figcaption id=\"caption-attachment-5157\" class=\"wp-caption-text\">Top 10 Sehensw\u00fcrdigkeiten Madrid &#8211; Plaza de Espana | \u00a9 Efired\/Shutterstock<\/figcaption><\/figure>\n<p style=\"text-align: justify;\">Platz 6\u00a0der Top 10 Sehensw\u00fcrdigkeiten in Madrid wird vom belegt, dem wohl bekanntesten Platz Spaniens. Der Spanienplatz befindet sich am westlichen Ende der Gran Via im Zentrum Madrids.<\/p>\n<p style=\"text-align: justify;\">Bis zum historischen Altstadtkern sind es vom Plaza de Espana nur wenige Schritte. Ges\u00e4umt wird der Platz durch verh\u00e4ltnism\u00e4\u00dfig n\u00fcchterne Zweckbauten und ein hohes Verkehrsaufkommen.<\/p>\n<h3>Die \u00e4ltesten Hochh\u00e4use der Welt<\/h3>\n<p style=\"text-align: justify;\">Doch 2 Bauten bestechen besonders: Es sind die Wolkenkratzer bzw. Hochh\u00e4user <strong>Edificio de Espa\u00f1a<\/strong> und <strong>Torre de Madrid<\/strong>, die in den 1950ern errichtet wurden. Damit geh\u00f6ren Sie zu den \u00e4ltesten und besterhaltenen Hochh\u00e4usern der Welt.<\/p>\n<h3>Noch mehr Sehensw\u00fcrdigkeiten am Plaza de Espa\u00f1a<\/h3>\n<p style=\"text-align: justify;\">Ein beliebtes Motiv f\u00fcr Fotos stellen aber vor allem die Statuen auf dem Platz dar. Darunter befindet sich zum Beispiel eine Figur von <strong>Don Quijote<\/strong>. Auch der kleine Park an der S\u00fcdseite des Plaza de Espa\u00f1a ist verlockend.<\/p>\n<hr>\n<h2>Platz 7: Museo de Historia de Madrid<\/h2>\n<div align=\"center\">\n<blockquote class=\"instagram-media\" data-instgrm-permalink=\"https:\/\/www.instagram.com\/p\/BmWpPOplXnc\/?utm_source=ig_embed\" data-instgrm-version=\"9\" style=\" background:#FFF; border:0; border-radius:3px; box-shadow:0 0 1px 0 rgba(0,0,0,0.5),0 1px 10px 0 rgba(0,0,0,0.15); margin: 1px; max-width:540px; min-width:326px; padding:0; width:99.375%; width:-webkit-calc(100% - 2px); width:calc(100% - 2px);\">\n<div style=\"padding:8px;\">\n<div style=\" background:#F8F8F8; line-height:0; margin-top:40px; padding:62.5% 0; text-align:center; width:100%;\">\n<div style=\" background:url(data:image\/png;base64,iVBORw0KGgoAAAANSUhEUgAAACwAAAAsCAMAAAApWqozAAAABGdBTUEAALGPC\/xhBQAAAAFzUkdCAK7OHOkAAAAMUExURczMzPf399fX1+bm5mzY9AMAAADiSURBVDjLvZXbEsMgCES5\/P8\/t9FuRVCRmU73JWlzosgSIIZURCjo\/ad+EQJJB4Hv8BFt+IDpQoCx1wjOSBFhh2XssxEIYn3ulI\/6MNReE07UIWJEv8UEOWDS88LY97kqyTliJKKtuYBbruAyVh5wOHiXmpi5we58Ek028czwyuQdLKPG1Bkb4NnM+VeAnfHqn1k4+GPT6uGQcvu2h2OVuIf\/gWUFyy8OWEpdyZSa3aVCqpVoVvzZZ2VTnn2wU8qzVjDDetO90GSy9mVLqtgYSy231MxrY6I2gGqjrTY0L8fxCxfCBbhWrsYYAAAAAElFTkSuQmCC); display:block; height:44px; margin:0 auto -44px; position:relative; top:-22px; width:44px;\"><\/div>\n<\/div>\n<p style=\" color:#c9c8cd; font-family:Arial,sans-serif; font-size:14px; line-height:17px; margin-bottom:0; margin-top:8px; overflow:hidden; padding:8px 0 7px; text-align:center; text-overflow:ellipsis; white-space:nowrap;\"><a href=\"https:\/\/www.instagram.com\/p\/BmWpPOplXnc\/?utm_source=ig_embed\" style=\" color:#c9c8cd; font-family:Arial,sans-serif; font-size:14px; font-style:normal; font-weight:normal; line-height:17px; text-decoration:none;\" target=\"_blank\" rel=\"noopener noreferrer\">Ein Beitrag geteilt von Juan Carlos Ballesta (@jcballesta)<\/a> am <time style=\" font-family:Arial,sans-serif; font-size:14px; line-height:17px;\" datetime=\"2018-08-11T21:32:51+00:00\">Aug 11, 2018 um 2:32 PDT<\/time><\/p>\n<\/div>\n<\/blockquote>\n<p><script async defer src=\"\/\/www.instagram.com\/embed.js\"><\/script><\/div>\n<p style=\"text-align: justify;\">Den Kampf um Platz 7\u00a0der Sehensw\u00fcrdigkeiten Madrid entscheidet das <strong>Museo de Historia de Madrid<\/strong> f\u00fcr sich. Es handelt sich dabei um das Stadtmuseum. <\/p>\n<h3>Museum zur geschichtlichen Entwicklung von Madrid<\/h3>\n<p style=\"text-align: justify;\">Im <a href=\"http:\/\/www.madrid.es\/museodehistoria\" rel=\"noopener noreferrer\" target=\"_blank\">Museo de Historia de Madrid<\/a> werden vor allem Gem\u00e4lde, Fotos und Dokumente ausgestellt, die die Geschichte der Stadt erz\u00e4hlen. <\/p>\n<p style=\"text-align: justify;\">Bereits das Eingangsportal steht im Zeichen der Kunst \u2013 seine barocke Pracht erschl\u00e4gt die Besucher f\u00f6rmlich. Ein Highlight des Stadtmuseums ist eine rund 1,4 m hohe Bronzestatue eines athletischen Mannes. <\/p>\n<p style=\"text-align: justify;\">Man fand sie in den 1950er Jahren auf einem Bauernhof. Es hei\u00dft, es sei die sch\u00f6nste r\u00f6mische Skulptur, die man je in Spanien gefunden habe.<\/p>\n<p style=\"text-align: justify;\"><span style=\"color: #20A894;\">\u00d6ffnungszeiten: Di &#8211; Fr  09.30 &#8211; 20.00 Uhr (au\u00dfer im August, hier nur bis 14.30 Uhr) | Sa &#8211; So  10.00 &#8211; 14.00 Uhr | Eintritt: frei<\/span><\/p>\n<div class=\"tipp_center\"><strong>Tipp:<\/strong> Das Museum behrbergt neben mehr als 5.000 Exponaten auch ein detailliertes Modell von Madrid im 18. Jahrhunder.<\/div>\n<hr>\n<h2>Platz 8: Palacio Real<\/h2>\n<blockquote class=\"instagram-media\" data-instgrm-permalink=\"https:\/\/www.instagram.com\/p\/C14ykf3vJr_\/?utm_source=ig_embed&amp;utm_campaign=loading\" data-instgrm-version=\"14\" style=\" background:#FFF; border:0; border-radius:3px; box-shadow:0 0 1px 0 rgba(0,0,0,0.5),0 1px 10px 0 rgba(0,0,0,0.15); margin: 1px; max-width:540px; min-width:326px; padding:0; width:99.375%; width:-webkit-calc(100% - 2px); width:calc(100% - 2px);\">\n<div style=\"padding:16px;\"> <a href=\"https:\/\/www.instagram.com\/p\/C14ykf3vJr_\/?utm_source=ig_embed&amp;utm_campaign=loading\" style=\" background:#FFFFFF; line-height:0; padding:0 0; text-align:center; text-decoration:none; width:100%;\" target=\"_blank\" rel=\"noopener\"> <\/p>\n<div style=\" display: flex; flex-direction: row; align-items: center;\">\n<div style=\"background-color: #F4F4F4; border-radius: 50%; flex-grow: 0; height: 40px; margin-right: 14px; width: 40px;\"><\/div>\n<div style=\"display: flex; flex-direction: column; flex-grow: 1; justify-content: center;\">\n<div style=\" background-color: #F4F4F4; border-radius: 4px; flex-grow: 0; height: 14px; margin-bottom: 6px; width: 100px;\"><\/div>\n<div style=\" background-color: #F4F4F4; border-radius: 4px; flex-grow: 0; height: 14px; width: 60px;\"><\/div>\n<\/div>\n<\/div>\n<div style=\"padding: 19% 0;\"><\/div>\n<div style=\"display:block; height:50px; margin:0 auto 12px; width:50px;\"><svg width=\"50px\" height=\"50px\" viewBox=\"0 0 60 60\" version=\"1.1\" xmlns=\"https:\/\/www.w3.org\/2000\/svg\" xmlns:xlink=\"https:\/\/www.w3.org\/1999\/xlink\"><g stroke=\"none\" stroke-width=\"1\" fill=\"none\" fill-rule=\"evenodd\"><g transform=\"translate(-511.000000, -20.000000)\" fill=\"#000000\"><g><path d=\"M556.869,30.41 C554.814,30.41 553.148,32.076 553.148,34.131 C553.148,36.186 554.814,37.852 556.869,37.852 C558.924,37.852 560.59,36.186 560.59,34.131 C560.59,32.076 558.924,30.41 556.869,30.41 M541,60.657 C535.114,60.657 530.342,55.887 530.342,50 C530.342,44.114 535.114,39.342 541,39.342 C546.887,39.342 551.658,44.114 551.658,50 C551.658,55.887 546.887,60.657 541,60.657 M541,33.886 C532.1,33.886 524.886,41.1 524.886,50 C524.886,58.899 532.1,66.113 541,66.113 C549.9,66.113 557.115,58.899 557.115,50 C557.115,41.1 549.9,33.886 541,33.886 M565.378,62.101 C565.244,65.022 564.756,66.606 564.346,67.663 C563.803,69.06 563.154,70.057 562.106,71.106 C561.058,72.155 560.06,72.803 558.662,73.347 C557.607,73.757 556.021,74.244 553.102,74.378 C549.944,74.521 548.997,74.552 541,74.552 C533.003,74.552 532.056,74.521 528.898,74.378 C525.979,74.244 524.393,73.757 523.338,73.347 C521.94,72.803 520.942,72.155 519.894,71.106 C518.846,70.057 518.197,69.06 517.654,67.663 C517.244,66.606 516.755,65.022 516.623,62.101 C516.479,58.943 516.448,57.996 516.448,50 C516.448,42.003 516.479,41.056 516.623,37.899 C516.755,34.978 517.244,33.391 517.654,32.338 C518.197,30.938 518.846,29.942 519.894,28.894 C520.942,27.846 521.94,27.196 523.338,26.654 C524.393,26.244 525.979,25.756 528.898,25.623 C532.057,25.479 533.004,25.448 541,25.448 C548.997,25.448 549.943,25.479 553.102,25.623 C556.021,25.756 557.607,26.244 558.662,26.654 C560.06,27.196 561.058,27.846 562.106,28.894 C563.154,29.942 563.803,30.938 564.346,32.338 C564.756,33.391 565.244,34.978 565.378,37.899 C565.522,41.056 565.552,42.003 565.552,50 C565.552,57.996 565.522,58.943 565.378,62.101 M570.82,37.631 C570.674,34.438 570.167,32.258 569.425,30.349 C568.659,28.377 567.633,26.702 565.965,25.035 C564.297,23.368 562.623,22.342 560.652,21.575 C558.743,20.834 556.562,20.326 553.369,20.18 C550.169,20.033 549.148,20 541,20 C532.853,20 531.831,20.033 528.631,20.18 C525.438,20.326 523.257,20.834 521.349,21.575 C519.376,22.342 517.703,23.368 516.035,25.035 C514.368,26.702 513.342,28.377 512.574,30.349 C511.834,32.258 511.326,34.438 511.181,37.631 C511.035,40.831 511,41.851 511,50 C511,58.147 511.035,59.17 511.181,62.369 C511.326,65.562 511.834,67.743 512.574,69.651 C513.342,71.625 514.368,73.296 516.035,74.965 C517.703,76.634 519.376,77.658 521.349,78.425 C523.257,79.167 525.438,79.673 528.631,79.82 C531.831,79.965 532.853,80.001 541,80.001 C549.148,80.001 550.169,79.965 553.369,79.82 C556.562,79.673 558.743,79.167 560.652,78.425 C562.623,77.658 564.297,76.634 565.965,74.965 C567.633,73.296 568.659,71.625 569.425,69.651 C570.167,67.743 570.674,65.562 570.82,62.369 C570.966,59.17 571,58.147 571,50 C571,41.851 570.966,40.831 570.82,37.631\"><\/path><\/g><\/g><\/g><\/svg><\/div>\n<div style=\"padding-top: 8px;\">\n<div style=\" color:#3897f0; font-family:Arial,sans-serif; font-size:14px; font-style:normal; font-weight:550; line-height:18px;\">Sieh dir diesen Beitrag auf Instagram an<\/div>\n<\/div>\n<div style=\"padding: 12.5% 0;\"><\/div>\n<div style=\"display: flex; flex-direction: row; margin-bottom: 14px; align-items: center;\">\n<div>\n<div style=\"background-color: #F4F4F4; border-radius: 50%; height: 12.5px; width: 12.5px; transform: translateX(0px) translateY(7px);\"><\/div>\n<div style=\"background-color: #F4F4F4; height: 12.5px; transform: rotate(-45deg) translateX(3px) translateY(1px); width: 12.5px; flex-grow: 0; margin-right: 14px; margin-left: 2px;\"><\/div>\n<div style=\"background-color: #F4F4F4; border-radius: 50%; height: 12.5px; width: 12.5px; transform: translateX(9px) translateY(-18px);\"><\/div>\n<\/div>\n<div style=\"margin-left: 8px;\">\n<div style=\" background-color: #F4F4F4; border-radius: 50%; flex-grow: 0; height: 20px; width: 20px;\"><\/div>\n<div style=\" width: 0; height: 0; border-top: 2px solid transparent; border-left: 6px solid #f4f4f4; border-bottom: 2px solid transparent; transform: translateX(16px) translateY(-4px) rotate(30deg)\"><\/div>\n<\/div>\n<div style=\"margin-left: auto;\">\n<div style=\" width: 0px; border-top: 8px solid #F4F4F4; border-right: 8px solid transparent; transform: translateY(16px);\"><\/div>\n<div style=\" background-color: #F4F4F4; flex-grow: 0; height: 12px; width: 16px; transform: translateY(-4px);\"><\/div>\n<div style=\" width: 0; height: 0; border-top: 8px solid #F4F4F4; border-left: 8px solid transparent; transform: translateY(-4px) translateX(8px);\"><\/div>\n<\/div>\n<\/div>\n<div style=\"display: flex; flex-direction: column; flex-grow: 1; justify-content: center; margin-bottom: 24px;\">\n<div style=\" background-color: #F4F4F4; border-radius: 4px; flex-grow: 0; height: 14px; margin-bottom: 6px; width: 224px;\"><\/div>\n<div style=\" background-color: #F4F4F4; border-radius: 4px; flex-grow: 0; height: 14px; width: 144px;\"><\/div>\n<\/div>\n<p><\/a><\/p>\n<p style=\" color:#c9c8cd; font-family:Arial,sans-serif; font-size:14px; line-height:17px; margin-bottom:0; margin-top:8px; overflow:hidden; padding:8px 0 7px; text-align:center; text-overflow:ellipsis; white-space:nowrap;\"><a href=\"https:\/\/www.instagram.com\/p\/C14ykf3vJr_\/?utm_source=ig_embed&amp;utm_campaign=loading\" style=\" color:#c9c8cd; font-family:Arial,sans-serif; font-size:14px; font-style:normal; font-weight:normal; line-height:17px; text-decoration:none;\" target=\"_blank\" rel=\"noopener\">Ein Beitrag geteilt von Te Ohonga Interiors \u2122\ufe0f TOI (@teohongainteriors)<\/a><\/p>\n<\/div>\n<\/blockquote>\n<p> <script async src=\"\/\/www.instagram.com\/embed.js\"><\/script><\/p>\n<h3>3000 R\u00e4ume f\u00fcr K\u00f6nig Philipp V<\/h3>\n<p style=\"text-align: justify;\">Auf Platz 8 wird es royal. Wer Madrid besucht, sollte auch zum <strong>K\u00f6nigspalast<\/strong> einen Abstecher machen. Der imposante Bau wurde Mitte des 18. Jahrhunderts auf Anordnung von K\u00f6nig Philipp V. errichtet, nachdem der alte Palast bzw. die alte Burg durch ein Feuer zerst\u00f6rt wurde. <\/p>\n<p style=\"text-align: justify;\">Entworfen wurde die dreifl\u00fcgelige Anlage mit rund 3000 (!) R\u00e4umen und S\u00e4len vom italienischen Architekten Filippo Juvarra und Francisco de Sabatini.<\/p>\n<h3>Der K\u00f6nigspalast heute<\/h3>\n<p style=\"text-align: justify;\">Heute wird der K\u00f6nigspalast nur noch f\u00fcr repr\u00e4sentative Zwecke wie Staatsempf\u00e4nge, Bankette und F\u00fchrungen genutzt. Die spanische K\u00f6nigsfamilie lebt nicht im <strong>Palacio Real<\/strong>. <\/p>\n<div class=\"tipp_center\"><strong>Tipp:<\/strong> Zu den bedeutendsten und beeindruckendsten R\u00e4umlichkeiten des K\u00f6nigspalastes geh\u00f6ren der Thron- und Hellebardensaal, die Spiegelgalerie sowie die Schlosskapelle und auch das Treppenhaus.<\/p>\n<\/div>\n<hr>\n<h2>Platz 9: Real Jard\u00edn Bot\u00e1nico de Madrid<\/h2>\n<div align=\"center\">\n<blockquote class=\"instagram-media\" data-instgrm-permalink=\"https:\/\/www.instagram.com\/p\/BjaHE7AnaRH\/?utm_source=ig_embed\" data-instgrm-version=\"9\" style=\" background:#FFF; border:0; border-radius:3px; box-shadow:0 0 1px 0 rgba(0,0,0,0.5),0 1px 10px 0 rgba(0,0,0,0.15); margin: 1px; max-width:540px; min-width:326px; padding:0; width:99.375%; width:-webkit-calc(100% - 2px); width:calc(100% - 2px);\">\n<div style=\"padding:8px;\">\n<div style=\" background:#F8F8F8; line-height:0; margin-top:40px; padding:62.5% 0; text-align:center; width:100%;\">\n<div style=\" background:url(data:image\/png;base64,iVBORw0KGgoAAAANSUhEUgAAACwAAAAsCAMAAAApWqozAAAABGdBTUEAALGPC\/xhBQAAAAFzUkdCAK7OHOkAAAAMUExURczMzPf399fX1+bm5mzY9AMAAADiSURBVDjLvZXbEsMgCES5\/P8\/t9FuRVCRmU73JWlzosgSIIZURCjo\/ad+EQJJB4Hv8BFt+IDpQoCx1wjOSBFhh2XssxEIYn3ulI\/6MNReE07UIWJEv8UEOWDS88LY97kqyTliJKKtuYBbruAyVh5wOHiXmpi5we58Ek028czwyuQdLKPG1Bkb4NnM+VeAnfHqn1k4+GPT6uGQcvu2h2OVuIf\/gWUFyy8OWEpdyZSa3aVCqpVoVvzZZ2VTnn2wU8qzVjDDetO90GSy9mVLqtgYSy231MxrY6I2gGqjrTY0L8fxCxfCBbhWrsYYAAAAAElFTkSuQmCC); display:block; height:44px; margin:0 auto -44px; position:relative; top:-22px; width:44px;\"><\/div>\n<\/div>\n<p style=\" color:#c9c8cd; font-family:Arial,sans-serif; font-size:14px; line-height:17px; margin-bottom:0; margin-top:8px; overflow:hidden; padding:8px 0 7px; text-align:center; text-overflow:ellipsis; white-space:nowrap;\"><a href=\"https:\/\/www.instagram.com\/p\/BjaHE7AnaRH\/?utm_source=ig_embed\" style=\" color:#c9c8cd; font-family:Arial,sans-serif; font-size:14px; font-style:normal; font-weight:normal; line-height:17px; text-decoration:none;\" target=\"_blank\" rel=\"noopener noreferrer\">Ein Beitrag geteilt von Asturboy (@asturboy)<\/a> am <time style=\" font-family:Arial,sans-serif; font-size:14px; line-height:17px;\" datetime=\"2018-05-30T16:17:08+00:00\">Mai 30, 2018 um 9:17 PDT<\/time><\/p>\n<\/div>\n<\/blockquote>\n<p><script async defer src=\"\/\/www.instagram.com\/embed.js\"><\/script><\/div>\n<h3>Noch etwas mehr Gr\u00fcn f\u00fcr Madrid<\/h3>\n<p style=\"text-align: justify;\">Auf Platz 9 der Sehensw\u00fcrdigkeiten Madrid erwartet Sie erneut eine kleine gr\u00fcne Oase inmitten der Gro\u00dfstadt. <strong>Real Jard\u00edn Bot\u00e1nico de Madrid<\/strong> ist ein botanischer Garten, der sicherlich nicht nur Pflanzenliebhabern Freude bereiten wird. <\/p>\n<p style=\"text-align: justify;\">1781 unter K\u00f6nig Charles III. angelegt, umfasst der Garten eine Fl\u00e4che von rund 8 Hektar. Real Jard\u00edn Bot\u00e1nico de Madrid am Paseo del Prado beherbergt 30.000 verschiedene Spezies von insgesamt 5 Kontinenten. <\/p>\n<p style=\"text-align: justify;\">Darunter befinden sich viele Heilpflanzen, aromatische und essbare Blumen, tropische Pflanzen oder aber die riesige Bonsai-Sammlung des fr\u00fcheren spanischen Regierungschefs Felipe Gonz\u00e1lez.<\/p>\n<p style=\"text-align: justify;\"><span style=\"color: #20A894;\">\u00d6ffnungszeiten: Mai &#8211; August t\u00e4glich  10.00 &#8211; 21.00 Uhr. | September &#8211; April t\u00e4glich  10.00 &#8211; 18.00 <\/span><\/p>\n<hr>\n<h2>Platz 10: Faro de Moncloa<\/h2>\n<div align=\"center\">\n<blockquote class=\"instagram-media\" data-instgrm-permalink=\"https:\/\/www.instagram.com\/p\/BlfjnZXgGy_\/?utm_source=ig_embed\" data-instgrm-version=\"9\" style=\" background:#FFF; border:0; border-radius:3px; box-shadow:0 0 1px 0 rgba(0,0,0,0.5),0 1px 10px 0 rgba(0,0,0,0.15); margin: 1px; max-width:540px; min-width:326px; padding:0; width:99.375%; width:-webkit-calc(100% - 2px); width:calc(100% - 2px);\">\n<div style=\"padding:8px;\">\n<div style=\" background:#F8F8F8; line-height:0; margin-top:40px; padding:62.5% 0; text-align:center; width:100%;\">\n<div style=\" background:url(data:image\/png;base64,iVBORw0KGgoAAAANSUhEUgAAACwAAAAsCAMAAAApWqozAAAABGdBTUEAALGPC\/xhBQAAAAFzUkdCAK7OHOkAAAAMUExURczMzPf399fX1+bm5mzY9AMAAADiSURBVDjLvZXbEsMgCES5\/P8\/t9FuRVCRmU73JWlzosgSIIZURCjo\/ad+EQJJB4Hv8BFt+IDpQoCx1wjOSBFhh2XssxEIYn3ulI\/6MNReE07UIWJEv8UEOWDS88LY97kqyTliJKKtuYBbruAyVh5wOHiXmpi5we58Ek028czwyuQdLKPG1Bkb4NnM+VeAnfHqn1k4+GPT6uGQcvu2h2OVuIf\/gWUFyy8OWEpdyZSa3aVCqpVoVvzZZ2VTnn2wU8qzVjDDetO90GSy9mVLqtgYSy231MxrY6I2gGqjrTY0L8fxCxfCBbhWrsYYAAAAAElFTkSuQmCC); display:block; height:44px; margin:0 auto -44px; position:relative; top:-22px; width:44px;\"><\/div>\n<\/div>\n<p style=\" color:#c9c8cd; font-family:Arial,sans-serif; font-size:14px; line-height:17px; margin-bottom:0; margin-top:8px; overflow:hidden; padding:8px 0 7px; text-align:center; text-overflow:ellipsis; white-space:nowrap;\"><a href=\"https:\/\/www.instagram.com\/p\/BlfjnZXgGy_\/?utm_source=ig_embed\" style=\" color:#c9c8cd; font-family:Arial,sans-serif; font-size:14px; font-style:normal; font-weight:normal; line-height:17px; text-decoration:none;\" target=\"_blank\" rel=\"noopener noreferrer\">Ein Beitrag geteilt von Adolfo A\u00f1ino (@adolf_ito)<\/a> am <time style=\" font-family:Arial,sans-serif; font-size:14px; line-height:17px;\" datetime=\"2018-07-21T12:05:30+00:00\">Jul 21, 2018 um 5:05 PDT<\/time><\/p>\n<\/div>\n<\/blockquote>\n<p><script async defer src=\"\/\/www.instagram.com\/embed.js\"><\/script><\/div>\n<p style=\"text-align: justify;\">Wer auf der Suche nach tollen Madridmotiven ist und sich einen \u00dcberblick \u00fcber die Stadt verschaffen m\u00f6chte, ist am <a href=\"http:\/\/www.esmadrid.com\/de\/touristeninformation\/faro-de-moncloa\" target=\"_blank\" rel=\"noopener noreferrer\">Faro de Moncloa<\/a> genau richtig.<\/p>\n<h3>360 Grad Ausblick auf die Stadt<\/h3>\n<p style=\"text-align: justify;\">Es handelt sich hierbei um einen 100 m hohen Sendeturm an der <strong>Plaza de Moncloa<\/strong> gegen\u00fcber des Museo de America. Mit einem Glasaufzug k\u00f6nnen Besucher nach oben zur <strong>Aussichtsplattform<\/strong> fahren. Von hier erhaschen Sie einen fantastischen Blick \u00fcber die ganze Stadt. <\/p>\n<p style=\"text-align: justify;\">Der Faro de Moncloa ist zudem auch selbst ein hervorragendes Fotomotiv. Denn er besitzt durch seine Aussichtsplattform ein bisschen das Aussehen einer fliegenden Untertasse.<\/p>\n<h3>Renovierung nach einem Brand<\/h3>\n<p style=\"text-align: justify;\">Nach einem Brand im Turmrestaurant im Jahr 2005 war der Turm fast 10 Jahre lang f\u00fcr den Publikumsverkehr geschlossen. Nach einer aufwendigen Renovierung ist der Faro de Moncloa seit April 2015 aber wieder allen zug\u00e4nglich. <\/p>\n<p style=\"text-align: justify;\">Entdecken Sie weitere tolle St\u00e4dte in Europa und lassen Sie sich von unserer <a href=\"https:\/\/www.travelcircus.de\/urlaubsziele\/top-10-der-schoensten-staedte-europas\" target=\"_blank\" rel=\"noopener noreferrer\">Top 10 der sch\u00f6nsten St\u00e4dte in Europa<\/a> inspirieren. Wie w\u00e4re es mit einem Citytrip nach Prag oder <a href=\"https:\/\/www.travelcircus.de\/urlaubsziele\/amsterdam-sehenswuerdigkeiten\" target=\"_blank\" rel=\"noopener noreferrer\">Amsterdam<\/a> oder <a href=\"https:\/\/www.travelcircus.de\/urlaubsziele\/top-10-sehenswuerdigkeiten-berlin\/\" target=\"_blank\" rel=\"noopener noreferrer\">Berlin<\/a>?<\/p>\n<hr>\n<p>&nbsp;<\/p>\n<h2>Die Top 10 Madrid Sehensw\u00fcrdigkeiten auf den Punkt gebracht<\/h2>\n<p style=\"text-align: justify;\">Die Hauptstadt im Herzen Spaniens beeindruckt gef\u00fchlt an jeder Ecke mit tollen Sehensw\u00fcrdigkeiten. In Madrid gibt es viele elegante Pl\u00e4tze mit sehenswerter Architektur, wundersch\u00f6ne Stra\u00dfen, liebevoll gestaltete Park- und Gartenanlagen sowie zahlreiche Museen. <\/p>\n<p style=\"text-align: justify;\">Unsere Top 10 beinhaltet nur einige wenige Highlights der Stadt, Madrid hat noch viel mehr zu bieten. So ist Madrid z.B. eine weltweit anerkannte Modestadt. Am besten Sie planen selbst einen <a href=\"https:\/\/www.travelcircus.de\/staedtereisen\" rel=\"noopener noreferrer\" target=\"_blank\">St\u00e4dtetrip<\/a> nach Madrid und lernen diese faszinierende Stadt in Europa kennen.<\/p>\n<div id=\"gyg-widget-2\"><\/div>\n<p><script async defer src=\"\/\/widget.getyourguide.com\/v2\/core.js\"onload=\"GYG.Widget(document.getElementById('gyg-widget-2'),{'q':'Madrid','cmp':'Madrid_bottom','currency':'EUR','localeCode':'de-DE','numberOfItems':'3','partnerId':'RYV446M'});\"><\/script><a href=\"https:\/\/www.getyourguide.de\/s\/?partner_id=RYV446M&#038;cmp=Madrid_seemore&#038;q=Madrid\" target=\"_blank\" rel=\"nofollow noopener noreferrer\" class=\"gyg-see-all\">\u00bb Alle Angebote ansehen<\/a><br \/>\n&nbsp;<\/p>\n<h2>Madrid: Die wichtigsten Zahlen und Fakten im \u00dcberblick<\/h2>\n<div class=\"intro\">\n<ul>\n<li><strong>BLand:<\/strong> Spanien <\/li>\n<li><strong>Einwohner:<\/strong> ca. 3.183.000  <\/li>\n<li><strong>Gr\u00f6\u00dfe:<\/strong> 605,770 km\u00b2<\/li>\n<li><strong>Sprache:<\/strong> spanisch <\/li>\n<li><strong>W\u00e4hrung:<\/strong> Euro <\/li>\n<li><strong>Zeitzone:<\/strong> Mitteleurop\u00e4ische Zeit (UTC +1) <\/li>\n<li><strong>Durchschnittstemperatur im Sommer:<\/strong> 19,5 \u00b0C <\/li>\n<li><strong>Durchschnittstemperatur im Winter:<\/strong> 7,9 \u00b0C <\/li>\n<\/ul>\n<\/div>\n<p>&nbsp;<\/p>\n<h2>Diese Sehensw\u00fcrdigkeiten in der Umgebung k\u00f6nnten Sie auch interessieren:<\/h2>\n<ol>\n1. <a href=\"https:\/\/www.travelcircus.de\/urlaubsziele\/top-10-sehenswuerdigkeiten-barcelona\/\" rel=\"noopener noreferrer\" target=\"_blank\">Sehensw\u00fcrdigkeiten Barcelona<\/a><br \/>\n2. <a href=\"https:\/\/www.travelcircus.de\/urlaubsziele\/andalusien-sehenswuerdigkeiten\/\" rel=\"noopener noreferrer\" target=\"_blank\">Andalusien Sehensw\u00fcrdigkeiten<\/a><br \/>\n3. <a href=\"https:\/\/www.travelcircus.de\/urlaubsziele\/valencia\/\" rel=\"noopener noreferrer\" target=\"_blank\">Madrid oder Barcelona? Valencia!<\/a>\n<\/ol>\n","protected":false},"excerpt":{"rendered":"<p>Madrid ist das kulturelle, gesellschaftliche, kulinarische und k\u00fcnstlerische Zentrum Spaniens. Die Metropole schl\u00e4ft nie und besticht inmitten der iberischen Halbinsel durch pure Lebenslust. Sie bietet beeindruckende Bauwerke, eine vorz\u00fcgliche K\u00fcche, wundersch\u00f6ne Parks und ein pulsierendes Nachtleben. Welche Attraktionen Sie in der Stadt nicht verpassen d\u00fcrfen, verr\u00e4t Ihnen unsere Top 10 Sehensw\u00fcrdigkeiten Madrid. Die Top 10 &#8230; <a title=\"Sehensw\u00fcrdigkeiten Madrid \u2013 Top 10 der beliebtesten Attraktionen\" class=\"read-more\" href=\"https:\/\/www.travelcircus.de\/urlaubsziele\/madrid-sehenswuerdigkeiten\/\" aria-label=\"Mehr Informationen \u00fcber Sehensw\u00fcrdigkeiten Madrid \u2013 Top 10 der beliebtesten Attraktionen\">mehr lesen.<\/a><\/p>\n","protected":false},"author":6,"featured_media":17346,"comment_status":"open","ping_status":"open","sticky":false,"template":"","format":"standard","meta":{"footnotes":""},"categories":[5,7],"tags":[95],"class_list":["post-2015","post","type-post","status-publish","format-standard","has-post-thumbnail","hentry","category-sehenswuerdigkeiten","category-sehenswuerdigkeiten-europa","tag-gyg"],"_links":{"self":[{"href":"https:\/\/www.travelcircus.de\/urlaubsziele\/wp-json\/wp\/v2\/posts\/2015","targetHints":{"allow":["GET"]}}],"collection":[{"href":"https:\/\/www.travelcircus.de\/urlaubsziele\/wp-json\/wp\/v2\/posts"}],"about":[{"href":"https:\/\/www.travelcircus.de\/urlaubsziele\/wp-json\/wp\/v2\/types\/post"}],"author":[{"embeddable":true,"href":"https:\/\/www.travelcircus.de\/urlaubsziele\/wp-json\/wp\/v2\/users\/6"}],"replies":[{"embeddable":true,"href":"https:\/\/www.travelcircus.de\/urlaubsziele\/wp-json\/wp\/v2\/comments?post=2015"}],"version-history":[{"count":2,"href":"https:\/\/www.travelcircus.de\/urlaubsziele\/wp-json\/wp\/v2\/posts\/2015\/revisions"}],"predecessor-version":[{"id":24709,"href":"https:\/\/www.travelcircus.de\/urlaubsziele\/wp-json\/wp\/v2\/posts\/2015\/revisions\/24709"}],"wp:featuredmedia":[{"embeddable":true,"href":"https:\/\/www.travelcircus.de\/urlaubsziele\/wp-json\/wp\/v2\/media\/17346"}],"wp:attachment":[{"href":"https:\/\/www.travelcircus.de\/urlaubsziele\/wp-json\/wp\/v2\/media?parent=2015"}],"wp:term":[{"taxonomy":"category","embeddable":true,"href":"https:\/\/www.travelcircus.de\/urlaubsziele\/wp-json\/wp\/v2\/categories?post=2015"},{"taxonomy":"post_tag","embeddable":true,"href":"https:\/\/www.travelcircus.de\/urlaubsziele\/wp-json\/wp\/v2\/tags?post=2015"}],"curies":[{"name":"wp","href":"https:\/\/api.w.org\/{rel}","templated":true}]}}