{"id":20269,"date":"2019-10-16T13:10:25","date_gmt":"2019-10-16T11:10:25","guid":{"rendered":"https:\/\/www.travelcircus.de\/urlaubsziele\/?p=20269"},"modified":"2024-05-06T09:28:03","modified_gmt":"2024-05-06T09:28:03","slug":"ausflugsziele-bayerischer-wald","status":"publish","type":"post","link":"https:\/\/www.travelcircus.de\/urlaubsziele\/ausflugsziele-bayerischer-wald\/","title":{"rendered":"Ausflugsziele Bayerischer Wald"},"content":{"rendered":"<p>Herzlich willkommen in der <strong>gr\u00f6\u00dften Waldlandschaft Mitteleuropas<\/strong>! Wer seinen Urlaub mitten im Bayerischen Wald verbringt, auf den warten unvergleichliche Ruhemomente und einzigartige Sehensw\u00fcrdigkeiten. Und nicht nur das! Auch Aktivurlauber werden den Bayerischen Wald lieben, denn wo sonst gibt es \u00fcber 10.000 km Rad- und Wanderwege zu erkunden?<\/p>\n<p>Sie sehen, der Bayerische Wald beherbergt so einige Besonderheiten f\u00fcr seine Besucher \u2013 so wie den einzigen deutschen Urwald. Erkunden Sie die weite Gebirgslandschaft des Bayerischen Waldes und lassen Sie sich von einem der <strong>beliebtesten Ausflugsziele Deutschlands<\/strong> begeistern.<\/p>\n<h3>Bayerischer Wald Fakten<\/h3>\n<div class=\"intro\">\n<ul>\n<li>Fl\u00e4che: 6.000 km\u00b2<\/li>\n<li>Bundesland: Bayern<\/li>\n<li>Besucher: 1,24 Millionen \u00dcbernachtungen in 2017<\/li>\n<li>H\u00f6chster Berg: Gro\u00dfer Arber (1.456 m H\u00f6he)<\/li>\n<li>Die gr\u00f6\u00dften St\u00e4dte: Straubing, Deggendorf und Passau<\/li>\n<\/ul>\n<p>&nbsp;<\/p>\n<h2>So kommen Sie in den Bayerischen Wald:<\/h2>\n<\/div>\n<p><iframe style=\"border: 0;\" src=\"https:\/\/www.google.com\/maps\/embed?pb=!1m18!1m12!1m3!1d52999.62705689444!2d12.623049442973432!3d48.99934655067542!2m3!1f0!2f0!3f0!3m2!1i1024!2i768!4f13.1!3m3!1m2!1s0x47755d53e598d94d%3A0xf11a224b93af6b54!2sBayerischer%20Wald!5e1!3m2!1sde!2sde!4v1571222948995!5m2!1sde!2sde\" width=\"600\" height=\"450\" frameborder=\"0\" allowfullscreen=\"allowfullscreen\"><\/iframe><br \/>\n&nbsp;<\/p>\n<h2>Der Bayerische Wald und seine Sehensw\u00fcrdigkeiten<\/h2>\n<p>Dichtbewachsene W\u00e4lder, unendlich weite Gebirgslandschaften und idyllisch gelegene St\u00e4dte \u2013 im Bayerischen Wald beeindrucken St\u00e4dtehighlights und Naturwunder gleicherma\u00dfen.<\/p>\n<p>Kulturbegeisterte werden das Oberhausmuseum in Passau lieben, w\u00e4hrend <strong>Naturliebhaber und Erholungssuchende dem Waldwipfelpfad in Sankt Englar<\/strong> in jedem Fall einen Besuch abstatten sollen.<\/p>\n<p>Doch auch die bekannte Gl\u00e4serne Scheune in Rauhb\u00fchl bietet jedem Besucher ein eindrucksvolles Erlebnis. Kurzum: Der Bayerische Wald strotzt nur so vor Highlights, die Sie nicht verpassen d\u00fcrfen.<\/p>\n<blockquote><p>Erleben Sie Spa\u00df f\u00fcr Gro\u00df und Klein!<\/p><\/blockquote>\n<h2>Bayerischer Wald \u2013 Top Ausflugsziele f\u00fcr die ganze Familie<\/h2>\n<p>Nicht nur gro\u00dfe, sondern auch kleine Besucher finden im Bayerischen Wald einen Ort voller Highlights. Kein Wunder, dass der Bayerische Wald ein ganz besonderes Ausflugsziel f\u00fcr Familien ist. So begeistert beispielsweise das <strong>Haus am Strom mit einer Erlebnisausstellung<\/strong> sowie einem ganzj\u00e4hrigen Programm f\u00fcr Familien mit Kindern.<\/p>\n<h2>Veranstaltungen im Bayerischen Wald<\/h2>\n<p>Und auch, wer gerne aufregende Events im Bayerischen Wald besuchen m\u00f6chte, ist hier an der richtigen Adresse. Denn das ganze Jahr \u00fcber finden zahlreiche Veranstaltungen statt, so zum Beispiel:<\/p>\n<ol>\n<li>Traditionelles Maibaumaufstellen in Bodenmais<\/li>\n<li>Internationales Bierfestival in Zwiesel<\/li>\n<li>Pfingstritt in Bad K\u00f6tzting<\/li>\n<li>Drachenstich-Festspiele in Furth<\/li>\n<\/ol>\n<div class=\"tipp_center\"><strong>Der Bayerische Wald und seine Namen<\/strong><br \/>\nWussten Sie, dass der Bayerische Wald nicht immer so hie\u00df? Um 853 n. Chr., zu Zeiten K\u00f6nig Ludwigs des Deutschen, hie\u00df das Gebirge noch Nordwald. Im 16. Jahrhundert wurde der Name schlie\u00dflich durch zahlreiche \u00dcberlieferungen zum B\u00f6hmerwald, der sich zum heutigen Bayerischen Wald entwickelte.<\/div>\n<p>&nbsp;<\/p>\n<h2>Top Ausflugsziele im Bayerischen Wald<\/h2>\n<p>Haben Sie Lust auf einen Kurzurlaub im Bayerischen Wald? Travelcircus gibt Ihnen schon einmal einen Vorgeschmack auf die besonderen Sehensw\u00fcrdigkeiten und Ausflugsziele, die auf Sie warten.<\/p>\n<h2>Eine \u00dcbersicht der sch\u00f6nsten Ausflugsziele im Bayerischen Wald:<\/h2>\n<ol style=\"text-align: left;\">\n<li><a href=\"#1\">Oberhausmuseum Passau <\/a><\/li>\n<li><a href=\"#2\">Waldwipfelpfad Sankt Englmar<\/a><\/li>\n<li><a href=\"#3\">Haus am Strom<\/a><\/li>\n<li><a href=\"#4\">Gl\u00e4serne Scheune<\/a><\/li>\n<li><a href=\"#5\">Spezialit\u00e4ten-Brennerei und Whiskey Destillerie Liebl<\/a><\/li>\n<li><a href=\"#6\">Graphitbergwerk Kropfm\u00fchl<\/a><\/li>\n<li><a href=\"#7\">SteinWelten Hauzenberg <\/a><\/li>\n<\/ol>\n<hr \/>\n<h3 id=\"1\">1. Oberhausmuseum Passau<\/h3>\n<figure id=\"attachment_20283\" aria-describedby=\"caption-attachment-20283\" style=\"width: 390px\" class=\"wp-caption alignnone\"><img decoding=\"async\" class=\"size-medium wp-image-20283\" src=\"https:\/\/blog.travelcircus.dev\/urlaubsziele\/wp-content\/uploads\/2019\/10\/o-08-bildarchiv-08_3-fotos-burg-burgansichten_marcel-peda-neu-pedagrafie_vesteoberhaus-blick-auf-die-donau_foto-pedagrafie-400x300.jpg\" alt=\"Oberhausmuseum Passau\" width=\"400\" height=\"300\" \/><figcaption id=\"caption-attachment-20283\" class=\"wp-caption-text\">Oberhausmuseum Passau<\/figcaption><\/figure>\n<p>Herzlich willkommen in einer der gr\u00f6\u00dften Burganlagen Europas! In ganzen acht Ausstellungen unternehmen Sie einen Rundgang durch die Geschichte der Stadt Passau und der Region. <strong>Auf mehr als 4.000 m\u00b2<\/strong> finden Sie hier Infos zu Passau im Mittelalter und der (auch namentlichen) Entwicklung des Bayerischen Waldes, fr\u00fcher B\u00f6hmerwald.<\/p>\n<p>Das Highlight des Museums ist das Aussichtsplateau, das nicht nur einen unvergleichlichen Ausblick auf die Stadt Passau bietet, sondern auch auf den Zusammenfluss der <strong>drei verschiedenfarbigen Fl\u00fcsse Donau, Ilz und Inn.<\/strong><\/p>\n<p>Adresse: Oberhaus 125, 94034 Passau<\/p>\n<p><strong>\u00d6ffnungszeiten:<\/strong><br \/>\n15. M\u00e4rz \u2013 23. Dezember<br \/>\nMontag bis Freitag 9 \u2013 17 Uhr<br \/>\nSamstag, Sonn- &amp; Feiertage 10 \u2013 18 Uhr<\/p>\n<p>25. Dezember 2019 \u2013 6. Januar 2020<br \/>\nT\u00e4gl. 10 \u2013 16 Uhr<br \/>\n24. Dezember und 31. Dezember geschlossen<\/p>\n<hr \/>\n<h3 id=\"2\">2. Waldwipfelpfad Sankt Englmar<\/h3>\n<p><img decoding=\"async\" class=\"alignnone wp-image-20289 size-medium\" src=\"https:\/\/blog.travelcircus.dev\/urlaubsziele\/wp-content\/uploads\/2019\/10\/DSC00076-1-400x268.jpg\" alt=\"\" width=\"400\" height=\"268\" \/><br \/>\nDen Wald mal anders erleben? Wie w\u00e4re es mit einem Blick von oben? Denn auf dem Waldwipfelpfad genie\u00dfen Sie unvergleichliche Aussichten und zwar aus 30 m H\u00f6he. V\u00f6llig egal, ob Sie einen <strong>Ausflug mit Ihrer Familie<\/strong> planen oder allein die H\u00f6henz\u00fcge des Bayerischen Waldes entdecken m\u00f6chten: Hier kommt jeder auf seine Kosten. Eine Aussichtsplattform erm\u00f6glicht einen Blick auf das ber\u00fchmte Donautal bis hin zu den Alpen.<\/p>\n<p>Adresse: Maibrunn 9a, 94379 Sankt Englmar<\/p>\n<p><strong>\u00d6ffnungszeiten:<\/strong><\/p>\n<p>Februar \/ M\u00e4rz \/ Oktober: 09:00 &#8211; 17:00 Uhr<br \/>\nApril bis September: 09:00 &#8211; 19:00 Uhr<br \/>\nNovember bis Januar: 09:00 &#8211; 16:00 Uhr<\/p>\n<p>Erhalten Sie <a href=\"http:\/\/www.waldwipfelweg.de\/\" target=\"_blank\" rel=\"noopener noreferrer\">hier<\/a> weitere Informationen \u00fcber das Ausflugsziel.<\/p>\n<hr \/>\n<p>&nbsp;<\/p>\n<h3 id=\"3\">3. Haus am Strom<\/h3>\n<figure id=\"attachment_20293\" aria-describedby=\"caption-attachment-20293\" style=\"width: 390px\" class=\"wp-caption alignnone\"><img decoding=\"async\" class=\"size-medium wp-image-20293\" src=\"https:\/\/blog.travelcircus.dev\/urlaubsziele\/wp-content\/uploads\/2019\/10\/Kraftwerk-spiegelt-sich-1-1-400x267.jpg\" alt=\"Haus am Strom\" width=\"400\" height=\"267\" \/><figcaption id=\"caption-attachment-20293\" class=\"wp-caption-text\">Haus am Strom<\/figcaption><\/figure>\n<p>Das perfekte Ausflugsziel f\u00fcr die ganze Familie ist das Haus am Strom. Schlie\u00dflich findet hier jeder Besucher das perfekte Erlebnis. Denn das Haus am Strom ist nicht nur die Umweltstation des Landkreises Passau, sondern bietet auch eine <strong>Erlebnisausstellung f\u00fcr Kinder,<\/strong> in der diese spielerisch die Natur erkunden.<\/p>\n<p>Doch nicht nur das wird hier geboten, denn das Haus am Strom begeistert au\u00dferdem mit einem 3,5 km langen Erlebnisweg mit Bienenhotel, Mahlstein und Graphitstation. Spiel, Spa\u00df und Abenteuer f\u00fcr die ganze Familie!<\/p>\n<p>Adresse: Am Kraftwerk 4, 94107 Untergriesbach<\/p>\n<p><strong>\u00d6ffnungszeiten:<\/strong><br \/>\n01. Mai \u2013 16. September: t\u00e4glich 09:00 \u2013 18:00 Uhr<br \/>\n17. September \u2013 30. April: Dienstag bis Sonntag: 10:00 \u2013 17:00 Uhr<\/p>\n<p>&nbsp;<\/p>\n<hr \/>\n<h3 id=\"4\">4. Gl\u00e4serne Scheune<\/h3>\n<p><img decoding=\"async\" class=\"alignnone wp-image-20299 size-medium\" src=\"https:\/\/blog.travelcircus.dev\/urlaubsziele\/wp-content\/uploads\/2019\/10\/Muhlhiasl-Glaswand-Glaserne-ScheuneFoto-Thoner-397x400.jpg\" alt=\"Gl\u00e4serne Scheune\" width=\"397\" height=\"400\" \/><br \/>\nF\u00fcr jeden Kunstliebhaber ist die Gl\u00e4serne Scheune in Rauhb\u00fchl das perfekte Ausflugsziel. Hier erwarten Sie <strong>gewaltige Glasmalereien, Skulpturen aller Art und zahlreiche weitere Glasobjekte.<\/strong> Im Jahr 1980 wurde das Haus vom K\u00fcnstler Rudolf Schmid er\u00f6ffnet. Seither begeistern immer wieder unterschiedliche Bilderthemen die Besucher. Ob Glasmalereien zum ber\u00fchmten R\u00e4uber Heigl oder zum Heiligen Franziskus \u2013 Vielfalt kennt hier keine Grenzen.<\/p>\n<p>Adresse: Rauhb\u00fchl 3, 94234 Viechtach<br \/>\n<strong>\u00d6ffnungszeiten:<\/strong><br \/>\nMontag &#8211; Sonntag: 10:00 Uhr \u2013 16:00 Uhr<\/p>\n<p>&nbsp;<\/p>\n<hr \/>\n<h3 id=\"5\">5. Spezialit\u00e4ten-Brennerei und Whiskey Destillerie Liebl<\/h3>\n<p><img decoding=\"async\" class=\"alignnone size-medium wp-image-20304\" src=\"https:\/\/blog.travelcircus.dev\/urlaubsziele\/wp-content\/uploads\/2019\/10\/1-1-400x279.jpg\" alt=\"Spezialit\u00e4ten-Brennerei und Whiskey Destillerie Liebl\" width=\"400\" height=\"279\" \/><\/p>\n<p>Genussmenschen sollten es sich nicht nehmen lassen, die bekannte Brennerei Liebl in Bad K\u00f6tzting zu besuchen. Das kleine aber feine Familienunternehmen entstand bereits im Jahr 1970 und stellte zahlreiche <strong>Spezialit\u00e4ten wie B\u00e4rwurz oder H\u00f6llensteiner<\/strong> her. Seit 2006 k\u00f6nnen Besucher auch k\u00f6stlichen Whiskey in der Brennerei verk\u00f6stigen.<\/p>\n<p>Adresse: Jahnstra\u00dfe 11-15, 93444 Bad K\u00f6tzting<\/p>\n<p><strong>\u00d6ffnungszeiten:<\/strong><br \/>\nJanuar &#8211; April<br \/>\nMontag &#8211; Freitag: 9:00 &#8211; 18:00 Uhr, samstags: 9.00 &#8211; 13.00 Uhr<br \/>\nMai &#8211; Oktober<br \/>\nMontag &#8211; Freitag: 9:00 &#8211; 18:00 Uhr, samstags: 9.00 &#8211; 16.00 Uhr<br \/>\nNovember\/Dezember<br \/>\nMontag &#8211; Freitag: 9:00 &#8211; 18:00 Uhr, samstags: 9:00 &#8211; 13:00 Uhr (an den 4 Adventssamstagen bis 16:00 Uhr)<\/p>\n<hr \/>\n<h3 id=\"6\">6. Graphitbergwerk Kropfm\u00fchl<\/h3>\n<p><img decoding=\"async\" class=\"alignnone wp-image-20301 size-medium\" src=\"https:\/\/blog.travelcircus.dev\/urlaubsziele\/wp-content\/uploads\/2019\/10\/Gruppe-Untertage-400x300.jpg\" alt=\"Graphitbergwerk Kropfm\u00fchl\" width=\"400\" height=\"300\" \/><br \/>\nWer auf eine Entdeckungstour unter Erde gehen will, der sollte dem Graphit Bergwerk Kropfm\u00fchl einen Besuch abstatten. <strong>Das einzige Graphit Bergwerk<\/strong> besticht nicht nur mit Untertagef\u00fchrungen, sondern beherbergt seit 2016 auch ein Graphitmuseum. Hier erleben Sie auf 350 m\u00b2 alles Wissenswerte rund um den Bergbau und den Rohstoff Graphit.<\/p>\n<p>Adresse: Langheinrichstra\u00dfe 1, 94051 Hauzenberg<\/p>\n<p><strong>\u00d6ffnungszeiten:<\/strong><br \/>\nApril \/ Mai \/ Juni<br \/>\nMittwoch \u2013 Sonntag: 10:30 &#8211; 16:30 Uhr<\/p>\n<p>Juli \/ August \/ September<br \/>\nDienstag \u2013 Sonntag: 10:30 &#8211; 16:30 Uhr<\/p>\n<p>Oktober \/ November<br \/>\nMittwoch \u2013 Sonntag: 10:30 &#8211; 16:30 Uhr<\/p>\n<hr \/>\n<h3 id=\"7\">7. SteinWelten Hauzenberg <\/h3>\n<p><img decoding=\"async\" src=\"https:\/\/blog.travelcircus.dev\/urlaubsziele\/wp-content\/uploads\/2019\/11\/Christbaum-auf-See_01-400x266.jpg\" alt=\"Steinwelten Granitweihnacht\" width=\"400\" height=\"266\" class=\"alignnone size-medium wp-image-20441\" \/><\/p>\n<p>Entdecken Sie eines unserer TOP Ausflugsziele, das Granitzentrum im Bayerischen Wald! Hier werden nachhaltige M\u00f6glichkeiten f\u00fcr die Verwendung von regionalem Naturstein ganz GRO\u00df geschrieben! Besonders die alten Steinmauern ziehen Sie sofort in ihren Bann, da Sie hier einen Eindruck \u00fcber die einstige Befreiungshalle in Kelheim bekommen. <\/p>\n<div class=\"tipp_center\"><strong>Perfektes Selfiemotiv:<\/strong> Der riesige Schriftzug \u201eGRANIT&#8220; direkt am Eingang der Einrichtung ist einfach ideal, um einen kleinen Schnappschuss f\u00fcr die Daheimgebliebenen festzuhalten.<\/div>\n<p>Ein besonderes Highlight ist ein Besuch zur Weihnachtszeit, wenn sich die <strong>erstklassige Architektur<\/strong> des  Hauses in eine weihnachtliche Sch\u00f6nheit verwandelt. Ergattern Sie einzigartige Handwerksk\u00fcnste f\u00fcr Ihre Lieben oder g\u00f6nnen Sie sich kulinarische K\u00f6stlichkeiten auf dem Christkindlmarkt im Stoabruch. <\/p>\n<p><strong>Adresse:<\/strong> Passauer Str. 11, 94051 Hauzenberg<\/p>\n<p><strong>\u00d6ffnungszeiten:<\/strong><br \/>\nJanuar bis April, t\u00e4glich 10 \u2013 16 Uhr, Einlass bis 15 Uhr<br \/>\nMai bis Oktober, t\u00e4glich 10 \u2013 18 Uhr, Einlass bis 17 Uhr jeweils von 14:00 Uhr \u2013 20:00 Uhr<\/p>\n","protected":false},"excerpt":{"rendered":"<p>Herzlich willkommen in der gr\u00f6\u00dften Waldlandschaft Mitteleuropas! Wer seinen Urlaub mitten im Bayerischen Wald verbringt, auf den warten unvergleichliche Ruhemomente und einzigartige Sehensw\u00fcrdigkeiten. Und nicht nur das! Auch Aktivurlauber werden den Bayerischen Wald lieben, denn wo sonst gibt es \u00fcber 10.000 km Rad- und Wanderwege zu erkunden? Sie sehen, der Bayerische Wald beherbergt so einige &#8230; <a title=\"Ausflugsziele Bayerischer Wald\" class=\"read-more\" href=\"https:\/\/www.travelcircus.de\/urlaubsziele\/ausflugsziele-bayerischer-wald\/\" aria-label=\"Mehr Informationen \u00fcber Ausflugsziele Bayerischer Wald\">mehr lesen.<\/a><\/p>\n","protected":false},"author":11,"featured_media":20278,"comment_status":"open","ping_status":"open","sticky":false,"template":"","format":"standard","meta":{"footnotes":""},"categories":[2],"tags":[],"class_list":["post-20269","post","type-post","status-publish","format-standard","has-post-thumbnail","hentry","category-ausflugsziele"],"_links":{"self":[{"href":"https:\/\/www.travelcircus.de\/urlaubsziele\/wp-json\/wp\/v2\/posts\/20269","targetHints":{"allow":["GET"]}}],"collection":[{"href":"https:\/\/www.travelcircus.de\/urlaubsziele\/wp-json\/wp\/v2\/posts"}],"about":[{"href":"https:\/\/www.travelcircus.de\/urlaubsziele\/wp-json\/wp\/v2\/types\/post"}],"author":[{"embeddable":true,"href":"https:\/\/www.travelcircus.de\/urlaubsziele\/wp-json\/wp\/v2\/users\/11"}],"replies":[{"embeddable":true,"href":"https:\/\/www.travelcircus.de\/urlaubsziele\/wp-json\/wp\/v2\/comments?post=20269"}],"version-history":[{"count":0,"href":"https:\/\/www.travelcircus.de\/urlaubsziele\/wp-json\/wp\/v2\/posts\/20269\/revisions"}],"wp:featuredmedia":[{"embeddable":true,"href":"https:\/\/www.travelcircus.de\/urlaubsziele\/wp-json\/wp\/v2\/media\/20278"}],"wp:attachment":[{"href":"https:\/\/www.travelcircus.de\/urlaubsziele\/wp-json\/wp\/v2\/media?parent=20269"}],"wp:term":[{"taxonomy":"category","embeddable":true,"href":"https:\/\/www.travelcircus.de\/urlaubsziele\/wp-json\/wp\/v2\/categories?post=20269"},{"taxonomy":"post_tag","embeddable":true,"href":"https:\/\/www.travelcircus.de\/urlaubsziele\/wp-json\/wp\/v2\/tags?post=20269"}],"curies":[{"name":"wp","href":"https:\/\/api.w.org\/{rel}","templated":true}]}}