{"id":7908,"date":"2016-10-14T15:43:08","date_gmt":"2016-10-14T13:43:08","guid":{"rendered":"https:\/\/www.travelcircus.de\/urlaubsziele\/?p=7908"},"modified":"2024-06-14T03:18:08","modified_gmt":"2024-06-14T03:18:08","slug":"bremen-sehenswuerdigkeiten","status":"publish","type":"post","link":"https:\/\/www.travelcircus.de\/urlaubsziele\/bremen-sehenswuerdigkeiten\/","title":{"rendered":"Bremen Sehensw\u00fcrdigkeiten &#8211; Die Top 10 der beliebtesten Attraktionen"},"content":{"rendered":"<p style=\"text-align: justify;\">Vielfalt, Vielfalt und nochmals Vielfalt! Genau das ist <strong>Bremen<\/strong>. <\/p>\n<p style=\"text-align: justify;\">Die zehntgr\u00f6\u00dfte Stadt Deutschlands ist sowohl die Heimat der <strong>Bremer Stadtmusikanten<\/strong> als auch eine historische Hansestadt, die Stadt der Luft- und Raumfahrt, die Stadt der Wissenschaft und noch vieles, vieles mehr \u2013 nur eben nicht einf\u00e4ltig. <\/p>\n<p style=\"text-align: justify;\">Hier verbindet sich der Charme von Tradition mit Moderne und Urbanit\u00e4t zu einem unverwechselbaren Stadtflair. Das zeigt sich zum Beispiel an einem beeindruckenden Architekturmix, dem historischen Altstadtkern oder der bunten Kulturszene. <\/p>\n<p style=\"text-align: justify;\">Welche Attraktionen Sie Ihrem n\u00e4chsten <a href=\"https:\/\/www.travelcircus.de\/staedtereisen\">St\u00e4dtetrip<\/a> nach Bremen keinesfalls verpassen sollten? Das verraten wir Ihnen in unserer <strong>Top 10 Bremen Sehensw\u00fcrdigkeiten<\/strong>. Also los geht\u2019s!<\/p>\n<p><a href=\"https:\/\/www.travelcircus.de\/wellnesshotel-bremen?utm_source=urlaubsziele&#038;utm_medium=travelcircus-affiliate\" rel=\"noopener\" target=\"_blank\">>> <strong>Wellnessliebhaber aufgepasst! <\/strong>Hier finden Sie top Wellnesshotels in Bremen. <<<\/a><\/p>\n<h2>Die Top 10 Bremen Sehensw\u00fcrdigkeiten auf einen Blick<\/h2>\n<p><iframe src=\"https:\/\/www.google.com\/maps\/d\/u\/0\/embed?mid=1LaiMJb5ZJr8wx-KildBz8T7EksNYqq5Z\" width=\"640\" height=\"480\"><\/iframe><\/p>\n<div id=\"gyg-widget-1\"><\/div>\n<p><script async defer src=\"\/\/widget.getyourguide.com\/v2\/core.js\" onload=\"GYG.Widget(document.getElementById('gyg-widget-1'),{'q':'Bremen','cmp':'Bremen_top','currency':'EUR','localeCode':'de-DE','numberOfItems':'3','partnerId':'RYV446M'});\"><\/script><a href=\"https:\/\/www.getyourguide.de\/s\/?partner_id=RYV446M&#038;cmp= Bremen_seemore&#038;q=Bremen\" target=\"_blank\" rel=\"nofollow noopener\" class=\"gyg-see-all\">\u00bb Alle Angebote ansehen<\/a><br \/>\n&nbsp;<\/p>\n<h2>Platz 1: Universum\u00ae Bremen<\/h2>\n<p><img decoding=\"async\" class=\"central size-full wp-image-8082\" src=\"https:\/\/blog.travelcircus.dev\/urlaubsziele\/wp-content\/uploads\/2016\/10\/Bremen-Sehenswurdigkeiten-Universum.jpg\" alt=\"Bremen Sehensw\u00fcrdigkeiten Universum\" width=\"750\" height=\"500\" srcset=\"https:\/\/www.travelcircus.de\/urlaubsziele\/wp-content\/uploads\/2016\/10\/Bremen-Sehenswurdigkeiten-Universum.jpg 750w, https:\/\/www.travelcircus.de\/urlaubsziele\/wp-content\/uploads\/2016\/10\/Bremen-Sehenswurdigkeiten-Universum-300x200.jpg 300w\" sizes=\"(max-width: 750px) 100vw, 750px\" \/><\/p>\n<h3>Spannende Welt der Wissenschaft<\/h3>\n<p style=\"text-align: justify;\">K\u00f6nnen Sie sich vorstellen, wie unsere Welt ohne Strom auss\u00e4he? Wissen Sie, was Polarlichter und Gl\u00fchw\u00fcrmchen gemeinsam haben? Oder warum Gras gr\u00fcn ist? Nein? Kein Problem \u2013 im <strong>Erlebnismuseum Universum\u00ae Bremen<\/strong> erhalten Sie auf diese und noch viele weitere naturwissenschaftliche Ph\u00e4nomen eine Antwort. <\/p>\n<h3>Eine der beliebtesten Sehensw\u00fcrdigkeiten Bremens<\/h3>\n<p style=\"text-align: justify;\">Das <a href=\"https:\/\/universum-bremen.de\/\" target=\"_blank\" rel=\"noopener\">Universum\u00ae Bremen<\/a> hat sich zu einer der beliebtesten <strong>Bremer Sehensw\u00fcrdigkeiten<\/strong> gemausert. Es f\u00fchrt seine Besucher auf einzigartige Weise in naturwissenschaftliche Ph\u00e4nomene ein, die mit allen Sinnen erlebbar gemacht werden. <\/p>\n<p style=\"text-align: justify;\">Daf\u00fcr verteilen sich auf 4.000 m\u00b2 Erlebnisfl\u00e4che 300 Stationen zu den Themenbereichen Technik, Mensch und Natur. Das Tolle: An jeder einzelnen Station haben Sie die Gelegenheit, selbst zum Forscher zu werden. So k\u00f6nnen Sie z.B. gegen einen Roboter kickern und sich in der Tastgalerie in vollkommener Dunkelheit orientieren. <\/p>\n<h3>Aussichtsturm des Museums<\/h3>\n<p style=\"text-align: justify;\">Sie k\u00f6nnen aber auch herausfinden, was Seepferdchen mit Tornados gemeinsam haben. Dar\u00fcber hinaus haben Sie auf dem 27 m hohen Aussichtsturm die M\u00f6glichkeit, einen tollen Blick \u00fcber Bremen zu werfen. <\/p>\n<p style=\"text-align: justify;\"><span style=\"color: #20A894;\">\u00d6ffnungszeiten: Mo-Fr 09.00 &#8211; 18.00 Uhr  | Sa- So 10.00 &#8211; 18.00 Uhr<\/span><\/p>\n<div class=\"tipp_center\">\n<p style=\"text-align: justify;\"><strong>Tipp:<\/strong> Nicht nur im Inneren ist das Universum\u00ae eine spannende Bremer Sehensw\u00fcrdigkeit. Auch seine Architektur ist einmalig. Denn das Geb\u00e4ude erinnert in seiner Form an einen riesigen Wal oder auch an eine Muschel. Manch einer sieht darin auch eine Pistazie. Und Sie?<\/div>\n<hr>\n<h2>Platz 2: Bremer Stadtmusikanten<\/h2>\n<div align=\"center\">\n<blockquote class=\"instagram-media\" data-instgrm-permalink=\"https:\/\/www.instagram.com\/p\/Bm_hWz3gLc_\/?utm_source=ig_embed\" data-instgrm-version=\"9\" style=\" background:#FFF; border:0; border-radius:3px; box-shadow:0 0 1px 0 rgba(0,0,0,0.5),0 1px 10px 0 rgba(0,0,0,0.15); margin: 1px; max-width:540px; min-width:326px; padding:0; width:99.375%; width:-webkit-calc(100% - 2px); width:calc(100% - 2px);\">\n<div style=\"padding:8px;\">\n<div style=\" background:#F8F8F8; line-height:0; margin-top:40px; padding:50.0% 0; text-align:center; width:100%;\">\n<div style=\" background:url(data:image\/png;base64,iVBORw0KGgoAAAANSUhEUgAAACwAAAAsCAMAAAApWqozAAAABGdBTUEAALGPC\/xhBQAAAAFzUkdCAK7OHOkAAAAMUExURczMzPf399fX1+bm5mzY9AMAAADiSURBVDjLvZXbEsMgCES5\/P8\/t9FuRVCRmU73JWlzosgSIIZURCjo\/ad+EQJJB4Hv8BFt+IDpQoCx1wjOSBFhh2XssxEIYn3ulI\/6MNReE07UIWJEv8UEOWDS88LY97kqyTliJKKtuYBbruAyVh5wOHiXmpi5we58Ek028czwyuQdLKPG1Bkb4NnM+VeAnfHqn1k4+GPT6uGQcvu2h2OVuIf\/gWUFyy8OWEpdyZSa3aVCqpVoVvzZZ2VTnn2wU8qzVjDDetO90GSy9mVLqtgYSy231MxrY6I2gGqjrTY0L8fxCxfCBbhWrsYYAAAAAElFTkSuQmCC); display:block; height:44px; margin:0 auto -44px; position:relative; top:-22px; width:44px;\"><\/div>\n<\/div>\n<p style=\" color:#c9c8cd; font-family:Arial,sans-serif; font-size:14px; line-height:17px; margin-bottom:0; margin-top:8px; overflow:hidden; padding:8px 0 7px; text-align:center; text-overflow:ellipsis; white-space:nowrap;\"><a href=\"https:\/\/www.instagram.com\/p\/Bm_hWz3gLc_\/?utm_source=ig_embed\" style=\" color:#c9c8cd; font-family:Arial,sans-serif; font-size:14px; font-style:normal; font-weight:normal; line-height:17px; text-decoration:none;\" target=\"_blank\" rel=\"noopener\">Ein Beitrag geteilt von Frank Sandgathe (@franksandgathe)<\/a> am <time style=\" font-family:Arial,sans-serif; font-size:14px; line-height:17px;\" datetime=\"2018-08-27T18:32:51+00:00\">Aug 27, 2018 um 11:32 PDT<\/time><\/p>\n<\/div>\n<\/blockquote>\n<p><script async defer src=\"\/\/www.instagram.com\/embed.js\"><\/script><\/div>\n<p style=\"text-align: justify;\">Kaum ein Kind kennt sie nicht: die <strong>Bremer Stadtmusikanten<\/strong>. In der Hansestadt Bremen haben die ber\u00fchmten Vier ihre Heimat gefunden. Genau das spiegelt sich auch \u00fcberall im Stadtbild wider.<\/p>\n<h3>Die Bronzestatue<\/h3>\n<p style=\"text-align: justify;\">Beispielsweise\u00a0widmete man dem tierischen Quartett aus Esel, Hund, Katze und Hahnan der Westseite des Bremer Rathauses eine eigene <strong>Bronzeplastik<\/strong>. Diese wurde vom K\u00fcnstler Gerhard Marcks entworfen. Sie stellt eines der beliebtesten Fotomotive bei Bremen Reisenden dar.<\/p>\n<h3>Hach, dieser Aberglaube!<\/h3>\n<p style=\"text-align: justify;\">Wundern Sie sich nicht, dass die Vorderbeine des Esels so blank sind. Sie zu umfassen soll n\u00e4mlich Gl\u00fcck bringen!<\/p>\n<div class=\"tipp_center\">\n<p style=\"text-align: justify;\"><strong>Schon gewusst?<\/strong> Das M\u00e4rchen um die Bremer Stadtmusikanten stammt in seinen Urspr\u00fcngen aus dem Mittelalter. Der Kern des von den <a href=\"https:\/\/de.wikipedia.org\/wiki\/Br%C3%BCder_Grimm\" rel=\"noopener\" target=\"_blank\">Gebr\u00fcdern Grimm<\/a> festgehaltenen M\u00e4rchens erz\u00e4hlt davon, dass sich die Schwachen sehr wohl gegen die Starken durchsetzen k\u00f6nnen. Wenn sie denn nur solidarisch handeln.<\/div>\n<hr>\n<h2>Platz 3: Kunsthalle Bremen<\/h2>\n<div align=\"center\">\n<blockquote class=\"instagram-media\" data-instgrm-permalink=\"https:\/\/www.instagram.com\/p\/Bmq8PbEFt_Z\/?utm_source=ig_embed\" data-instgrm-version=\"9\" style=\" background:#FFF; border:0; border-radius:3px; box-shadow:0 0 1px 0 rgba(0,0,0,0.5),0 1px 10px 0 rgba(0,0,0,0.15); margin: 1px; max-width:540px; min-width:326px; padding:0; width:99.375%; width:-webkit-calc(100% - 2px); width:calc(100% - 2px);\">\n<div style=\"padding:8px;\">\n<div style=\" background:#F8F8F8; line-height:0; margin-top:40px; padding:62.5% 0; text-align:center; width:100%;\">\n<div style=\" background:url(data:image\/png;base64,iVBORw0KGgoAAAANSUhEUgAAACwAAAAsCAMAAAApWqozAAAABGdBTUEAALGPC\/xhBQAAAAFzUkdCAK7OHOkAAAAMUExURczMzPf399fX1+bm5mzY9AMAAADiSURBVDjLvZXbEsMgCES5\/P8\/t9FuRVCRmU73JWlzosgSIIZURCjo\/ad+EQJJB4Hv8BFt+IDpQoCx1wjOSBFhh2XssxEIYn3ulI\/6MNReE07UIWJEv8UEOWDS88LY97kqyTliJKKtuYBbruAyVh5wOHiXmpi5we58Ek028czwyuQdLKPG1Bkb4NnM+VeAnfHqn1k4+GPT6uGQcvu2h2OVuIf\/gWUFyy8OWEpdyZSa3aVCqpVoVvzZZ2VTnn2wU8qzVjDDetO90GSy9mVLqtgYSy231MxrY6I2gGqjrTY0L8fxCxfCBbhWrsYYAAAAAElFTkSuQmCC); display:block; height:44px; margin:0 auto -44px; position:relative; top:-22px; width:44px;\"><\/div>\n<\/div>\n<p style=\" color:#c9c8cd; font-family:Arial,sans-serif; font-size:14px; line-height:17px; margin-bottom:0; margin-top:8px; overflow:hidden; padding:8px 0 7px; text-align:center; text-overflow:ellipsis; white-space:nowrap;\"><a href=\"https:\/\/www.instagram.com\/p\/Bmq8PbEFt_Z\/?utm_source=ig_embed\" style=\" color:#c9c8cd; font-family:Arial,sans-serif; font-size:14px; font-style:normal; font-weight:normal; line-height:17px; text-decoration:none;\" target=\"_blank\" rel=\"noopener\">Ein Beitrag geteilt von Lys (@mykarmaisleaking)<\/a> am <time style=\" font-family:Arial,sans-serif; font-size:14px; line-height:17px;\" datetime=\"2018-08-19T18:43:43+00:00\">Aug 19, 2018 um 11:43 PDT<\/time><\/p>\n<\/div>\n<\/blockquote>\n<p><script async defer src=\"\/\/www.instagram.com\/embed.js\"><\/script><\/div>\n<p style=\"text-align: justify;\">Wer das schmucke <strong>Bremer Rathaus<\/strong> bestaunt, muss nur wenige Schritte zur\u00fccklegen, um zur n\u00e4chsten Sehensw\u00fcrdigkeit zu gelangen. In den Wallanlagen unweit des Marktplatzes ist n\u00e4mlich die mehr als 150 Jahre alte\u00a0<strong>Kunsthalle Bremen<\/strong> gelegen. <\/p>\n<h3>600 Jahre Kunstgeschichte<\/h3>\n<p style=\"text-align: justify;\">Wer sie betritt, begibt sich auf eine Zeitreise in 600 Jahre Kunstgeschichte \u2013 und das an nur einem Tag. Zu bestaunen sind z.B. Sammlungen herausragender Gem\u00e4lde, Skulpturen und grafischer Bl\u00e4tter von der Renaissance bis hin zur Gegenwart. <\/p>\n<p style=\"text-align: justify;\">Darunter befinden sich Meisterwerke von beispielsweise\u00a0Albrecht D\u00fcrer, Lucas Cranach oder zahlreicher holl\u00e4ndischer Maler des 17. Jahrhunderts.<\/p>\n<h3>Schwerpunkt auf franz\u00f6sische und deutsche Kunst<\/h3>\n<p style=\"text-align: justify;\">Einen Schwerpunkt der <a href=\"https:\/\/www.kunsthalle-bremen.de\/\" rel=\"noopener\" target=\"_blank\">Kunsthalle<\/a> stellen vor allem franz\u00f6sische und deutsche Kunst aus dem 19. und 20. Jahrhundert dar. Zu entdecken gibt es daher auch Werke von z.B. Monet, van Gogh oder Liebermann. Hinzu kommen immer wieder kleine und gro\u00dfe Wanderausstellungen. <\/p>\n<p style=\"text-align: justify;\">Wer sich f\u00fcr Kunst und Kultur interessiert, wird die Bremer Kunsthalle lieben! <\/p>\n<p style=\"text-align: justify;\"><span style=\"color: #20A894;\">\u00d6ffnungszeiten: Mi &#8211; So 10.00 &#8211; 18.00 Uhr | Di 10.00 &#8211; 21.00 Uhr | Adresse: Am Wall 207, 28195 Bremen.<\/span><\/p>\n<hr>\n<h2>Platz 4: \u00dcberseestadt Bremen<\/h2>\n<div align=\"center\">\n<blockquote class=\"instagram-media\" data-instgrm-permalink=\"https:\/\/www.instagram.com\/p\/Bmlt29AB4Z1\/?utm_source=ig_embed\" data-instgrm-version=\"9\" style=\" background:#FFF; border:0; border-radius:3px; box-shadow:0 0 1px 0 rgba(0,0,0,0.5),0 1px 10px 0 rgba(0,0,0,0.15); margin: 1px; max-width:540px; min-width:326px; padding:0; width:99.375%; width:-webkit-calc(100% - 2px); width:calc(100% - 2px);\">\n<div style=\"padding:8px;\">\n<div style=\" background:#F8F8F8; line-height:0; margin-top:40px; padding:50.0% 0; text-align:center; width:100%;\">\n<div style=\" background:url(data:image\/png;base64,iVBORw0KGgoAAAANSUhEUgAAACwAAAAsCAMAAAApWqozAAAABGdBTUEAALGPC\/xhBQAAAAFzUkdCAK7OHOkAAAAMUExURczMzPf399fX1+bm5mzY9AMAAADiSURBVDjLvZXbEsMgCES5\/P8\/t9FuRVCRmU73JWlzosgSIIZURCjo\/ad+EQJJB4Hv8BFt+IDpQoCx1wjOSBFhh2XssxEIYn3ulI\/6MNReE07UIWJEv8UEOWDS88LY97kqyTliJKKtuYBbruAyVh5wOHiXmpi5we58Ek028czwyuQdLKPG1Bkb4NnM+VeAnfHqn1k4+GPT6uGQcvu2h2OVuIf\/gWUFyy8OWEpdyZSa3aVCqpVoVvzZZ2VTnn2wU8qzVjDDetO90GSy9mVLqtgYSy231MxrY6I2gGqjrTY0L8fxCxfCBbhWrsYYAAAAAElFTkSuQmCC); display:block; height:44px; margin:0 auto -44px; position:relative; top:-22px; width:44px;\"><\/div>\n<\/div>\n<p style=\" color:#c9c8cd; font-family:Arial,sans-serif; font-size:14px; line-height:17px; margin-bottom:0; margin-top:8px; overflow:hidden; padding:8px 0 7px; text-align:center; text-overflow:ellipsis; white-space:nowrap;\"><a href=\"https:\/\/www.instagram.com\/p\/Bmlt29AB4Z1\/?utm_source=ig_embed\" style=\" color:#c9c8cd; font-family:Arial,sans-serif; font-size:14px; font-style:normal; font-weight:normal; line-height:17px; text-decoration:none;\" target=\"_blank\" rel=\"noopener\">Ein Beitrag geteilt von Matthias Schr\u00f6der (@mpunktschroeder)<\/a> am <time style=\" font-family:Arial,sans-serif; font-size:14px; line-height:17px;\" datetime=\"2018-08-17T18:01:50+00:00\">Aug 17, 2018 um 11:01 PDT<\/time><\/p>\n<\/div>\n<\/blockquote>\n<p><script async defer src=\"\/\/www.instagram.com\/embed.js\"><\/script><\/div>\n<h3>Aus Alt wird Neu<\/h3>\n<p style=\"text-align: justify;\">Dort, wo f\u00fcr lange Zeit Bremens Handelsherz schlug, erwacht die Hansestadt heute zu neuem Leben. Die <strong>\u00dcberseestadt Bremen<\/strong> stellt eines der gr\u00f6\u00dften st\u00e4dtebaulichen Entwicklungsprojekte Europas dar. <\/p>\n<p style=\"text-align: justify;\">Auf rund 300 Hektar entsteht im alten Bremer <strong>Hafenrevier<\/strong> ein neues Wohn-, Gesch\u00e4fts- und B\u00fcroviertel, das sich sehen lassen kann. Bis zur Fertigstellung im Jahr 2025 sollen hier (weitere) Parks, Sportanlagen, Wohnh\u00e4user und Gesch\u00e4fte entstehen, die zum Verweilen und Genie\u00dfen einladen. <\/p>\n<h3>Das angesagte Viertel <\/h3>\n<p style=\"text-align: justify;\">Bereits heute z\u00e4hlt die \u00dcberseestadt damit zu den meistbesuchten Bremen Sehensw\u00fcrdigkeiten. Moderne Architektur und das Flair alter Hafenelemente verbinden die maritime Vergangenheit des Areals mit einer zukunftsweisenden Gegenwart. <\/p>\n<p style=\"text-align: justify;\">Neben rund 850 Unternehmen haben sich im alten Hafenquartier bereits zahlreiche Restaurants und Caf\u00e9s sowie Gesch\u00e4fte und Galerien angesiedelt. Brechen Sie w\u00e4hrend Ihres Urlaubs in Bremen also ruhig einmal zur <strong>Weserufer-Flaniermeile<\/strong> auf.<\/p>\n<hr>\n<h2>Platz 5: Bremer Rathaus<\/h2>\n<p><img decoding=\"async\" class=\"central size-full wp-image-8084\" src=\"https:\/\/blog.travelcircus.dev\/urlaubsziele\/wp-content\/uploads\/2016\/10\/Bremer-Rathaus-1.jpg\" alt=\"Bremer Rathaus\" width=\"750 \" height=\"500\" srcset=\"https:\/\/www.travelcircus.de\/urlaubsziele\/wp-content\/uploads\/2016\/10\/Bremer-Rathaus-1.jpg 1000w, https:\/\/www.travelcircus.de\/urlaubsziele\/wp-content\/uploads\/2016\/10\/Bremer-Rathaus-1-300x209.jpg 300w, https:\/\/www.travelcircus.de\/urlaubsziele\/wp-content\/uploads\/2016\/10\/Bremer-Rathaus-1-768x535.jpg 768w\" sizes=\"(max-width: 1000px) 100vw, 1000px\" \/><\/p>\n<h3>Das beliebteste Fotomotiv in Bremen<\/h3>\n<p style=\"text-align: justify;\">Das <strong>Bremer Rathaus ist<\/strong> ein echtes Schmuckst\u00fcck &#8211; und eine der meistfotografierten Bremen Sehensw\u00fcrdigkeiten. <\/p>\n<p style=\"text-align: justify;\">An der <strong>\u201eguten Stube\u201c<\/strong> (= der historische Marktplatz) gelegen, erstrahlt es mit einer prachtvollen Fassade im Stil der Weser-Renaissance. Wer einmal in den Genuss des historischen Geb\u00e4udes gekommen ist, wei\u00df, warum es zu einem der sch\u00f6nsten Rath\u00e4user Deutschlands geh\u00f6rt.<\/p>\n<h3>In seinem urspr\u00fcnglichen Zustand<\/h3>\n<p style=\"text-align: justify;\">Das Geb\u00e4ude, das zu Beginn des 15. Jahrhundert errichtet wurde, ist nicht nur sch\u00f6n anzusehen. Zusammen mit der <strong>Rolandsstatue<\/strong> geh\u00f6rt das Bremer Rathaus dar\u00fcber hinaus seit 2004 zum <strong>UNESCO Welterbe<\/strong>. <\/p>\n<p style=\"text-align: justify;\">Es\u00a0symbolisiert die Entwicklung der b\u00fcrgerlichen Autonomie und von Marktrechten. Zudem ist es das einzige Rathaus in Europa aus dem Sp\u00e4tmittelalter, das nie zerst\u00f6rt wurde und alle Kriege unversehrt \u00fcberstand. Somit ist das Rathaus auf dem Marktplatz zurecht eine der Top 10 Bremen Sehensw\u00fcrdigkeiten.<\/p>\n<div class=\"tipp_center\">\n<p style=\"text-align: justify;\"><strong>Schon gewusst?<\/strong> Die Rolandstatue oder auch Freiheitsstatue wurde 1404 erbaut und befindet sich seitdem auf Marktplatz. Es ist ein Symbol f\u00fcr Rech und Freiheit. Auch andere St\u00e4dte haben Rolandstatuen, die in Bremen ist allerdings die Gr\u00f6\u00dfte (10.21 m).<\/div>\n<hr>\n<h2>Platz 6: St. Petri Dom<\/h2>\n<div align=\"center\">\n<blockquote class=\"instagram-media\" data-instgrm-permalink=\"https:\/\/www.instagram.com\/p\/BeOAXpejTdu\/?utm_source=ig_embed\" data-instgrm-version=\"9\" style=\" background:#FFF; border:0; border-radius:3px; box-shadow:0 0 1px 0 rgba(0,0,0,0.5),0 1px 10px 0 rgba(0,0,0,0.15); margin: 1px; max-width:540px; min-width:326px; padding:0; width:99.375%; width:-webkit-calc(100% - 2px); width:calc(100% - 2px);\">\n<div style=\"padding:8px;\">\n<div style=\" background:#F8F8F8; line-height:0; margin-top:40px; padding:50.0% 0; text-align:center; width:100%;\">\n<div style=\" background:url(data:image\/png;base64,iVBORw0KGgoAAAANSUhEUgAAACwAAAAsCAMAAAApWqozAAAABGdBTUEAALGPC\/xhBQAAAAFzUkdCAK7OHOkAAAAMUExURczMzPf399fX1+bm5mzY9AMAAADiSURBVDjLvZXbEsMgCES5\/P8\/t9FuRVCRmU73JWlzosgSIIZURCjo\/ad+EQJJB4Hv8BFt+IDpQoCx1wjOSBFhh2XssxEIYn3ulI\/6MNReE07UIWJEv8UEOWDS88LY97kqyTliJKKtuYBbruAyVh5wOHiXmpi5we58Ek028czwyuQdLKPG1Bkb4NnM+VeAnfHqn1k4+GPT6uGQcvu2h2OVuIf\/gWUFyy8OWEpdyZSa3aVCqpVoVvzZZ2VTnn2wU8qzVjDDetO90GSy9mVLqtgYSy231MxrY6I2gGqjrTY0L8fxCxfCBbhWrsYYAAAAAElFTkSuQmCC); display:block; height:44px; margin:0 auto -44px; position:relative; top:-22px; width:44px;\"><\/div>\n<\/div>\n<p style=\" color:#c9c8cd; font-family:Arial,sans-serif; font-size:14px; line-height:17px; margin-bottom:0; margin-top:8px; overflow:hidden; padding:8px 0 7px; text-align:center; text-overflow:ellipsis; white-space:nowrap;\"><a href=\"https:\/\/www.instagram.com\/p\/BeOAXpejTdu\/?utm_source=ig_embed\" style=\" color:#c9c8cd; font-family:Arial,sans-serif; font-size:14px; font-style:normal; font-weight:normal; line-height:17px; text-decoration:none;\" target=\"_blank\" rel=\"noopener\">Ein Beitrag geteilt von anottercouple (@anottercouple)<\/a> am <time style=\" font-family:Arial,sans-serif; font-size:14px; line-height:17px;\" datetime=\"2018-01-21T16:50:40+00:00\">Jan 21, 2018 um 8:50 PST<\/time><\/p>\n<\/div>\n<\/blockquote>\n<p><script async defer src=\"\/\/www.instagram.com\/embed.js\"><\/script><\/div>\n<h3>Weitere Sehensw\u00fcrdigkeite am Marktplatz<\/h3>\n<p style=\"text-align: justify;\">Mit unserem 6. Platz der 10 beliebtesten Bremen Sehensw\u00fcrdigkeiten tauchen Sie in ein St\u00fcck Vergangenheit ein. Der <a href=\"http:\/\/www.stpetridom.de\/index.php?id=dom\" target=\"_blank\" rel=\"noopener\"><strong>St. Petri Dom<\/strong><\/a> blickt n\u00e4mlich auf mehr als 1.200 Jahre Geschichte zur\u00fcck. <\/p>\n<p style=\"text-align: justify;\">Wurde die evangelisch-lutherische Kirche einst als romanischer Bau errichtet, wandelte sie sich bis zum 13. Jahrhundert in einen pr\u00e4chtigen Gotikbau um. <\/p>\n<p style=\"text-align: justify;\">Heute komplettiert sie zwischen Bremer Roland, Rathaus und <strong>B\u00fcrgerschaft<\/strong> das historische Ensemble am Marktplatz. Ihre beiden knapp 100 m hohen Kircht\u00fcrme pr\u00e4gen das Bremer Stadtbild bedeutend mit. <\/p>\n<h3>Die Aussichtsplattform am Dom<\/h3>\n<p style=\"text-align: justify;\">Wer m\u00f6chte, kann den S\u00fcdturm auch besteigen. Danach genie\u00dft man nach 265 Stufen von der <strong>Aussichtsplattform<\/strong> einen herrlichen Blick \u00fcber den Marktplatz und die Bremer Innenstadt. Kein Wunder also, dass der St. Petri Dom zu den gefragtesten Bremen Sehensw\u00fcrdigkeiten geh\u00f6rt!<\/p>\n<p style=\"text-align: justify;\"><span style=\"color: #20A894;\">\u00d6ffnungszeiten: Mo &#8211; Fr 10.00 \u2013 16.45 Uhr | Sa &#8211; So 14.00 \u2013 16.00 Uhr | Eintritt: in die Kirche kostenlos, in den Turm f\u00fcr einen eher symbolischen Preis.<\/span><\/p>\n<p style=\"text-align: justify;\">\n<div class=\"tipp_center\"><strong>Tipp:<\/strong> Ein weiteres Highlight im St. Petri Dom ist der mysteri\u00f6se <strong>Bleikeller<\/strong>. Denn hier befinden sich u.a. sechs Mumien in offenen S\u00e4rgen. Um wen es sich dabei handelt, ist bis heute ein R\u00e4tsel. Wem das ein wenig zu gruselig ist, kann es sich im Bibelgarten des Doms auch bei einem Kaffee gutgehen lassen. <\/div>\n<\/p>\n<hr>\n<h2>Platz 7: B\u00f6ttcherstra\u00dfe Bremen<\/h2>\n<div align=\"center\">\n<blockquote class=\"instagram-media\" data-instgrm-permalink=\"https:\/\/www.instagram.com\/p\/BTwdIAqBFbR\/?utm_source=ig_embed\" data-instgrm-version=\"9\" style=\" background:#FFF; border:0; border-radius:3px; box-shadow:0 0 1px 0 rgba(0,0,0,0.5),0 1px 10px 0 rgba(0,0,0,0.15); margin: 1px; max-width:540px; min-width:326px; padding:0; width:99.375%; width:-webkit-calc(100% - 2px); width:calc(100% - 2px);\">\n<div style=\"padding:8px;\">\n<div style=\" background:#F8F8F8; line-height:0; margin-top:40px; padding:62.5% 0; text-align:center; width:100%;\">\n<div style=\" background:url(data:image\/png;base64,iVBORw0KGgoAAAANSUhEUgAAACwAAAAsCAMAAAApWqozAAAABGdBTUEAALGPC\/xhBQAAAAFzUkdCAK7OHOkAAAAMUExURczMzPf399fX1+bm5mzY9AMAAADiSURBVDjLvZXbEsMgCES5\/P8\/t9FuRVCRmU73JWlzosgSIIZURCjo\/ad+EQJJB4Hv8BFt+IDpQoCx1wjOSBFhh2XssxEIYn3ulI\/6MNReE07UIWJEv8UEOWDS88LY97kqyTliJKKtuYBbruAyVh5wOHiXmpi5we58Ek028czwyuQdLKPG1Bkb4NnM+VeAnfHqn1k4+GPT6uGQcvu2h2OVuIf\/gWUFyy8OWEpdyZSa3aVCqpVoVvzZZ2VTnn2wU8qzVjDDetO90GSy9mVLqtgYSy231MxrY6I2gGqjrTY0L8fxCxfCBbhWrsYYAAAAAElFTkSuQmCC); display:block; height:44px; margin:0 auto -44px; position:relative; top:-22px; width:44px;\"><\/div>\n<\/div>\n<p style=\" color:#c9c8cd; font-family:Arial,sans-serif; font-size:14px; line-height:17px; margin-bottom:0; margin-top:8px; overflow:hidden; padding:8px 0 7px; text-align:center; text-overflow:ellipsis; white-space:nowrap;\"><a href=\"https:\/\/www.instagram.com\/p\/BTwdIAqBFbR\/?utm_source=ig_embed\" style=\" color:#c9c8cd; font-family:Arial,sans-serif; font-size:14px; font-style:normal; font-weight:normal; line-height:17px; text-decoration:none;\" target=\"_blank\" rel=\"noopener\">Ein Beitrag geteilt von Mike (@moinmike)<\/a> am <time style=\" font-family:Arial,sans-serif; font-size:14px; line-height:17px;\" datetime=\"2017-05-06T16:10:47+00:00\">Mai 6, 2017 um 9:10 PDT<\/time><\/p>\n<\/div>\n<\/blockquote>\n<p><script async defer src=\"\/\/www.instagram.com\/embed.js\"><\/script><\/div>\n<p style=\"text-align: justify;\">Die Bremer <strong>B\u00f6ttcherstra\u00dfe<\/strong> ist ein beeindruckendes Kunstwerk im Stra\u00dfenzugformat. <\/p>\n<p style=\"text-align: justify;\">Nur an wenigen anderen Orten haben Sie die Gelegenheit, ein so einzigartiges Geb\u00e4udeensemble zu bestaunen wie in der B\u00f6ttcherstra\u00dfe. Die H\u00e4user der 110 m langen Stra\u00dfe sind ein seltenes Beispiel f\u00fcr <strong>expressionistische Architektur<\/strong>, die sich mit Art D\u00e9co Elementen verbindet.<\/p>\n<h3>Die Entstehung der B\u00f6ttcherstra\u00dfe<\/h3>\n<p style=\"text-align: justify;\">Zu Beginn des letzten Jahrhunderts sah das jedoch noch anders aus. Die H\u00e4user der \u00e4ltesten Fu\u00dfg\u00e4ngerzone Bremens waren alt und verfallen. Daher fasste sich der Bremer Kaffeekaufmann Ludwig Roselius ein Herz. Er begann die H\u00e4user zu kaufen und sie nach und nach zu einem architektonisch au\u00dfergew\u00f6hnlichen Stra\u00dfenzug umzuwandeln.<\/p>\n<p style=\"text-align: justify;\">Heute hingegen befinden sich in der kleinen Gasse Kunst- und Kunsthandwerk, kleine Fachgesch\u00e4fte, Museen, Werkst\u00e4tten und gastronomische Einrichtungen. Sie alle verschmelzen zu einem tollen Mix aus Genuss, Handel, Kultur und Kunst. <\/p>\n<p style=\"text-align: justify;\">Einen Besuch dieser historischen Bremen Sehensw\u00fcrdigkeit sollten Sie sich daher auf keinen Fall entgehen lassen!<\/p>\n<div class=\"tipp_center\">\n<p style=\"text-align: justify;\"><strong>Schon gewusst?<\/strong> Einst lebten in der B\u00f6ttcherstra\u00dfe vor allem Fassmacher. Ihre Berufsbezeichnung leitet sich vom Ausdruck \u201eBottich\u201c f\u00fcr Fass ab. Aus diesem Grund hei\u00dft die sch\u00f6ne Gasse auch B\u00f6ttcherstra\u00dfe.<\/p>\n<\/div>\n<hr>\n<h2>Platz 8: Das Schnoorviertel<\/h2>\n<p><img decoding=\"async\" class=\"central size-full wp-image-8083\" src=\"https:\/\/blog.travelcircus.dev\/urlaubsziele\/wp-content\/uploads\/2016\/10\/Bremen-Sehenswurdigkeiten-Schnoorviertel.jpg\" alt=\"Bremen Sehensw\u00fcrdigkeiten Schnoorviertel\" width=\"750\" height=\"500\" srcset=\"https:\/\/www.travelcircus.de\/urlaubsziele\/wp-content\/uploads\/2016\/10\/Bremen-Sehenswurdigkeiten-Schnoorviertel.jpg 750w, https:\/\/www.travelcircus.de\/urlaubsziele\/wp-content\/uploads\/2016\/10\/Bremen-Sehenswurdigkeiten-Schnoorviertel-300x200.jpg 300w\" sizes=\"(max-width: 750px) 100vw, 750px\" \/><\/p>\n<h3>Bremens \u00e4ltestes Viertel<\/h3>\n<p style=\"text-align: justify;\">Wer zu einer St\u00e4dtereise nach Bremen aufbricht, darf eine Bremen Attraktion keinesfalls verpassen: Das historische Zentrum der Stadt. <\/p>\n<p style=\"text-align: justify;\">Denn das <strong>Schnoorviertel<\/strong> stellt Bremens \u00e4ltestes Viertel dar und verzaubert mit dem Charme l\u00e4ngst vergangener Zeiten. So reiht sich hier ein kleines, schmales Fachwerkhaus an das n\u00e4chste \u2013 ebenso wie die Perlen an einer Schnur. <\/p>\n<p style=\"text-align: justify;\">Im Plattdeutschen bedeutet Schnur im \u00fcbrigens\u00a0auch Schnoor, weshalb der Name des Viertels vermutlich auf diesen Umstand zur\u00fcckgeht.<\/p>\n<h3>Bummeln durch das Schnoorviertel<\/h3>\n<p style=\"text-align: justify;\">Das Bummeln in den engen Gassen zwischen den <strong>H\u00e4usern aus dem 15. und 16. Jahrhundert<\/strong> ist bei den Bremern genauso beliebt wie bei den Touristen. <\/p>\n<p style=\"text-align: justify;\">Zahlreiche Kunsthandwerksbetriebe, Galerien, Souvenirl\u00e4den, Caf\u00e9s und Restaurants laden zum Verweilen und Genie\u00dfen ein. Kulinarisch ist im Schnoorviertel so gut wie alles geboten \u2013 ob deutsche, spanische oder irische K\u00fcche. Somit sichert sich das Schnoorviertel zurecht einen Platz in unserer Top 10 der beliebtesten Bremen Sehensw\u00fcrdigkeiten.<\/p>\n<div class=\"tipp_center\"><strong>Schon gewusst<\/strong>: Von April bis Dezember haben Sie im Schnoorviertel auch sonntags von 11 bis 16 Uhr die Gelegenheit zum Bummeln.<\/div>\n<hr>\n<h2>Platz 9: Weser Tower<\/h2>\n<div align=\"center\">\n<blockquote class=\"instagram-media\" data-instgrm-permalink=\"https:\/\/www.instagram.com\/p\/BmHEr1nFuyq\/?utm_source=ig_embed\" data-instgrm-version=\"9\" style=\" background:#FFF; border:0; border-radius:3px; box-shadow:0 0 1px 0 rgba(0,0,0,0.5),0 1px 10px 0 rgba(0,0,0,0.15); margin: 1px; max-width:540px; min-width:326px; padding:0; width:99.375%; width:-webkit-calc(100% - 2px); width:calc(100% - 2px);\">\n<div style=\"padding:8px;\">\n<div style=\" background:#F8F8F8; line-height:0; margin-top:40px; padding:62.5% 0; text-align:center; width:100%;\">\n<div style=\" background:url(data:image\/png;base64,iVBORw0KGgoAAAANSUhEUgAAACwAAAAsCAMAAAApWqozAAAABGdBTUEAALGPC\/xhBQAAAAFzUkdCAK7OHOkAAAAMUExURczMzPf399fX1+bm5mzY9AMAAADiSURBVDjLvZXbEsMgCES5\/P8\/t9FuRVCRmU73JWlzosgSIIZURCjo\/ad+EQJJB4Hv8BFt+IDpQoCx1wjOSBFhh2XssxEIYn3ulI\/6MNReE07UIWJEv8UEOWDS88LY97kqyTliJKKtuYBbruAyVh5wOHiXmpi5we58Ek028czwyuQdLKPG1Bkb4NnM+VeAnfHqn1k4+GPT6uGQcvu2h2OVuIf\/gWUFyy8OWEpdyZSa3aVCqpVoVvzZZ2VTnn2wU8qzVjDDetO90GSy9mVLqtgYSy231MxrY6I2gGqjrTY0L8fxCxfCBbhWrsYYAAAAAElFTkSuQmCC); display:block; height:44px; margin:0 auto -44px; position:relative; top:-22px; width:44px;\"><\/div>\n<\/div>\n<p style=\" color:#c9c8cd; font-family:Arial,sans-serif; font-size:14px; line-height:17px; margin-bottom:0; margin-top:8px; overflow:hidden; padding:8px 0 7px; text-align:center; text-overflow:ellipsis; white-space:nowrap;\"><a href=\"https:\/\/www.instagram.com\/p\/BmHEr1nFuyq\/?utm_source=ig_embed\" style=\" color:#c9c8cd; font-family:Arial,sans-serif; font-size:14px; font-style:normal; font-weight:normal; line-height:17px; text-decoration:none;\" target=\"_blank\" rel=\"noopener\">Ein Beitrag geteilt von Swen Deumer (@fusselfrosch159)<\/a> am <time style=\" font-family:Arial,sans-serif; font-size:14px; line-height:17px;\" datetime=\"2018-08-05T20:24:51+00:00\">Aug 5, 2018 um 1:24 PDT<\/time><\/p>\n<\/div>\n<\/blockquote>\n<p><script async defer src=\"\/\/www.instagram.com\/embed.js\"><\/script><\/div>\n<p style=\"text-align: justify;\">Hoch, h\u00f6her, <strong>Weser Tower<\/strong>! Der Weser Tower ist mit seinen 22 Stockwerken, die sich zu einer H\u00f6he von 82 m erheben, das h\u00f6chste B\u00fcrogeb\u00e4ude Bremens. Und somit zurecht Platz 9 unserer Top 10 Bremen Sehensw\u00fcrdigkeiten. <\/p>\n<h3>Moderne Architektur in Bremen<\/h3>\n<p style=\"text-align: justify;\">Der moderne Geb\u00e4udekomplex befindet sich im <strong>Weser Quartier<\/strong> und markiert den \u00dcbergang von der belebten Innenstadt in die neu entstehende \u00dcberseestadt Bremens.<\/p>\n<p style=\"text-align: justify;\">Entworfen wurde der Weser Tower \u00fcbrigens von Architekt Helmut Jahn. Dieser verfolgte dabei vor allem drei Prinzipien: Reduktion, Transparenz sowie\u00a0Einfachheit. Diese spiegeln sich an der Stahl- und Glaskonstruktion auch gelungen wider. \u00dcberzeugen Sie sich davon doch\u00a0bei einem Spaziergang durch die \u00dcberseestadt.<\/p>\n<hr>\n<h2>Platz 10: Blockland Bremen<\/h2>\n<blockquote class=\"instagram-media\" data-instgrm-permalink=\"https:\/\/www.instagram.com\/p\/Bo62IjIFXlo\/?utm_source=ig_embed&amp;utm_medium=loading\" data-instgrm-version=\"12\" style=\" background:#FFF; border:0; border-radius:3px; box-shadow:0 0 1px 0 rgba(0,0,0,0.5),0 1px 10px 0 rgba(0,0,0,0.15); margin: 1px; max-width:540px; min-width:326px; padding:0; width:99.375%; width:-webkit-calc(100% - 2px); width:calc(100% - 2px);\">\n<div style=\"padding:16px;\"> <a href=\"https:\/\/www.instagram.com\/p\/Bo62IjIFXlo\/?utm_source=ig_embed&amp;utm_medium=loading\" style=\" background:#FFFFFF; line-height:0; padding:0 0; text-align:center; text-decoration:none; width:100%;\" target=\"_blank\" rel=\"noopener\"> <\/p>\n<div style=\" display: flex; flex-direction: row; align-items: center;\">\n<div style=\"background-color: #F4F4F4; border-radius: 50%; flex-grow: 0; height: 40px; margin-right: 14px; width: 40px;\"><\/div>\n<div style=\"display: flex; flex-direction: column; flex-grow: 1; justify-content: center;\">\n<div style=\" background-color: #F4F4F4; border-radius: 4px; flex-grow: 0; height: 14px; margin-bottom: 6px; width: 100px;\"><\/div>\n<div style=\" background-color: #F4F4F4; border-radius: 4px; flex-grow: 0; height: 14px; width: 60px;\"><\/div>\n<\/div>\n<\/div>\n<div style=\"padding: 19% 0;\"><\/div>\n<div style=\"display:block; height:50px; margin:0 auto 12px; width:50px;\"><svg width=\"50px\" height=\"50px\" viewBox=\"0 0 60 60\" version=\"1.1\" xmlns=\"https:\/\/www.w3.org\/2000\/svg\" xmlns:xlink=\"https:\/\/www.w3.org\/1999\/xlink\"><g stroke=\"none\" stroke-width=\"1\" fill=\"none\" fill-rule=\"evenodd\"><g transform=\"translate(-511.000000, -20.000000)\" fill=\"#000000\"><g><path d=\"M556.869,30.41 C554.814,30.41 553.148,32.076 553.148,34.131 C553.148,36.186 554.814,37.852 556.869,37.852 C558.924,37.852 560.59,36.186 560.59,34.131 C560.59,32.076 558.924,30.41 556.869,30.41 M541,60.657 C535.114,60.657 530.342,55.887 530.342,50 C530.342,44.114 535.114,39.342 541,39.342 C546.887,39.342 551.658,44.114 551.658,50 C551.658,55.887 546.887,60.657 541,60.657 M541,33.886 C532.1,33.886 524.886,41.1 524.886,50 C524.886,58.899 532.1,66.113 541,66.113 C549.9,66.113 557.115,58.899 557.115,50 C557.115,41.1 549.9,33.886 541,33.886 M565.378,62.101 C565.244,65.022 564.756,66.606 564.346,67.663 C563.803,69.06 563.154,70.057 562.106,71.106 C561.058,72.155 560.06,72.803 558.662,73.347 C557.607,73.757 556.021,74.244 553.102,74.378 C549.944,74.521 548.997,74.552 541,74.552 C533.003,74.552 532.056,74.521 528.898,74.378 C525.979,74.244 524.393,73.757 523.338,73.347 C521.94,72.803 520.942,72.155 519.894,71.106 C518.846,70.057 518.197,69.06 517.654,67.663 C517.244,66.606 516.755,65.022 516.623,62.101 C516.479,58.943 516.448,57.996 516.448,50 C516.448,42.003 516.479,41.056 516.623,37.899 C516.755,34.978 517.244,33.391 517.654,32.338 C518.197,30.938 518.846,29.942 519.894,28.894 C520.942,27.846 521.94,27.196 523.338,26.654 C524.393,26.244 525.979,25.756 528.898,25.623 C532.057,25.479 533.004,25.448 541,25.448 C548.997,25.448 549.943,25.479 553.102,25.623 C556.021,25.756 557.607,26.244 558.662,26.654 C560.06,27.196 561.058,27.846 562.106,28.894 C563.154,29.942 563.803,30.938 564.346,32.338 C564.756,33.391 565.244,34.978 565.378,37.899 C565.522,41.056 565.552,42.003 565.552,50 C565.552,57.996 565.522,58.943 565.378,62.101 M570.82,37.631 C570.674,34.438 570.167,32.258 569.425,30.349 C568.659,28.377 567.633,26.702 565.965,25.035 C564.297,23.368 562.623,22.342 560.652,21.575 C558.743,20.834 556.562,20.326 553.369,20.18 C550.169,20.033 549.148,20 541,20 C532.853,20 531.831,20.033 528.631,20.18 C525.438,20.326 523.257,20.834 521.349,21.575 C519.376,22.342 517.703,23.368 516.035,25.035 C514.368,26.702 513.342,28.377 512.574,30.349 C511.834,32.258 511.326,34.438 511.181,37.631 C511.035,40.831 511,41.851 511,50 C511,58.147 511.035,59.17 511.181,62.369 C511.326,65.562 511.834,67.743 512.574,69.651 C513.342,71.625 514.368,73.296 516.035,74.965 C517.703,76.634 519.376,77.658 521.349,78.425 C523.257,79.167 525.438,79.673 528.631,79.82 C531.831,79.965 532.853,80.001 541,80.001 C549.148,80.001 550.169,79.965 553.369,79.82 C556.562,79.673 558.743,79.167 560.652,78.425 C562.623,77.658 564.297,76.634 565.965,74.965 C567.633,73.296 568.659,71.625 569.425,69.651 C570.167,67.743 570.674,65.562 570.82,62.369 C570.966,59.17 571,58.147 571,50 C571,41.851 570.966,40.831 570.82,37.631\"><\/path><\/g><\/g><\/g><\/svg><\/div>\n<div style=\"padding-top: 8px;\">\n<div style=\" color:#3897f0; font-family:Arial,sans-serif; font-size:14px; font-style:normal; font-weight:550; line-height:18px;\"> Sieh dir diesen Beitrag auf Instagram an<\/div>\n<\/div>\n<div style=\"padding: 12.5% 0;\"><\/div>\n<div style=\"display: flex; flex-direction: row; margin-bottom: 14px; align-items: center;\">\n<div>\n<div style=\"background-color: #F4F4F4; border-radius: 50%; height: 12.5px; width: 12.5px; transform: translateX(0px) translateY(7px);\"><\/div>\n<div style=\"background-color: #F4F4F4; height: 12.5px; transform: rotate(-45deg) translateX(3px) translateY(1px); width: 12.5px; flex-grow: 0; margin-right: 14px; margin-left: 2px;\"><\/div>\n<div style=\"background-color: #F4F4F4; border-radius: 50%; height: 12.5px; width: 12.5px; transform: translateX(9px) translateY(-18px);\"><\/div>\n<\/div>\n<div style=\"margin-left: 8px;\">\n<div style=\" background-color: #F4F4F4; border-radius: 50%; flex-grow: 0; height: 20px; width: 20px;\"><\/div>\n<div style=\" width: 0; height: 0; border-top: 2px solid transparent; border-left: 6px solid #f4f4f4; border-bottom: 2px solid transparent; transform: translateX(16px) translateY(-4px) rotate(30deg)\"><\/div>\n<\/div>\n<div style=\"margin-left: auto;\">\n<div style=\" width: 0px; border-top: 8px solid #F4F4F4; border-right: 8px solid transparent; transform: translateY(16px);\"><\/div>\n<div style=\" background-color: #F4F4F4; flex-grow: 0; height: 12px; width: 16px; transform: translateY(-4px);\"><\/div>\n<div style=\" width: 0; height: 0; border-top: 8px solid #F4F4F4; border-left: 8px solid transparent; transform: translateY(-4px) translateX(8px);\"><\/div>\n<\/div>\n<\/div>\n<div style=\"display: flex; flex-direction: column; flex-grow: 1; justify-content: center; margin-bottom: 24px;\">\n<div style=\" background-color: #F4F4F4; border-radius: 4px; flex-grow: 0; height: 14px; margin-bottom: 6px; width: 224px;\"><\/div>\n<div style=\" background-color: #F4F4F4; border-radius: 4px; flex-grow: 0; height: 14px; width: 144px;\"><\/div>\n<\/div>\n<p><\/a><\/p>\n<p style=\" color:#c9c8cd; font-family:Arial,sans-serif; font-size:14px; line-height:17px; margin-bottom:0; margin-top:8px; overflow:hidden; padding:8px 0 7px; text-align:center; text-overflow:ellipsis; white-space:nowrap;\"><a href=\"https:\/\/www.instagram.com\/p\/Bo62IjIFXlo\/?utm_source=ig_embed&amp;utm_medium=loading\" style=\" color:#c9c8cd; font-family:Arial,sans-serif; font-size:14px; font-style:normal; font-weight:normal; line-height:17px; text-decoration:none;\" target=\"_blank\" rel=\"noopener\">Ein Beitrag geteilt von Home countries+RoW photographs (@ab_southafrica)<\/a> am <time style=\" font-family:Arial,sans-serif; font-size:14px; line-height:17px;\" datetime=\"2018-10-14T16:00:59+00:00\">Okt 14, 2018 um 9:00 PDT<\/time><\/p>\n<\/div>\n<\/blockquote>\n<p> <script async src=\"\/\/www.instagram.com\/embed.js\"><\/script><\/p>\n<p style=\"text-align: justify;\">In Bremen gibt es viel zu entdecken und zu erleben. Wer jedoch einfach mal Zeit f\u00fcr sich braucht, den Alltag in weite Ferne schieben oder sich in der Natur aktiv erholen m\u00f6chte, sollte unbedingt zu Platz 10 unserer beliebtesten Bremen Sehensw\u00fcrdigkeiten aufbrechen \u2013 ins <strong>Blockland<\/strong>. <\/p>\n<h3>Ein anderes Bremen<\/h3>\n<p style=\"text-align: justify;\">Denn das Blockland ist eine wundersch\u00f6ne Flusslandschaft mitten in der Natur und offiziell ein Stadtteil von Bremen. Tats\u00e4chlich \u00e4hnelt es aber vielmehr einem kleinen beschaulichen Dorf. Es ist herrlich ruhig gelegen und ein beliebtes <strong>Naherholungsgebiet<\/strong> der Bremer. Das liegt vor allem daran, dass es stadtnah gelegen ist und in eine andere, von Ruhe gepr\u00e4gte Welt entf\u00fchrt.<\/p>\n<p style=\"text-align: justify;\">Links und rechts der Weser erstrecken sich hier Moore und Deiche, entlang derer sich <strong>reetgedeckte Fachwerkh\u00e4user<\/strong> und Bauernh\u00f6fe aneinanderreihen. <\/p>\n<p style=\"text-align: justify;\">Lassen auch Sie sich vom Blockland und unserem 10. Platz der Bremen Sehensw\u00fcrdigkeiten verzaubern.<\/p>\n<p style=\"text-align: justify;\">\n<div class=\"tipp_center\"><strong>Tipp:<\/strong> \u00c4u\u00dferst beliebt sind zum Beispiel das <strong>Kanufahren<\/strong> auf der W\u00fcmme und das <strong>Radfahren<\/strong> und <strong>Skaten<\/strong> auf der Deichstra\u00dfe. Letztere wird auch von zahlreichen Gartenlokalen ges\u00e4umt, die zum Genie\u00dfen und Verweilen einladen. Hinzu mischen sich kleine Hofl\u00e4den, eine Eisdiele und Caf\u00e9s. <\/div>\n<\/p>\n<hr>\n<p>&nbsp;<\/p>\n<h2>Die Top 10 Bremen Sehensw\u00fcrdigkeiten auf den Punkt gebracht<\/h2>\n<p>Die Nordstadt Bremen ist alles andere als k\u00fchl und reserviert. Ihre Sehensw\u00fcrdigkeiten laden Sie herzlich ein die abwechslungsreiche Stadt kennenzulernen. Entdecken Sie geschichtstr\u00e4chtige Innenstadt sowie neue, moderne Viertel und lassen Sie sich von der spannenden Wissenschaft im Museum verbl\u00fcffen. <\/p>\n<div id=\"gyg-widget-2\"><\/div>\n<p><script async defer src=\"\/\/widget.getyourguide.com\/v2\/core.js\"onload=\"GYG.Widget(document.getElementById('gyg-widget-2'),{'q':'Bremen','cmp':'Bremen_bottom','currency':'EUR','localeCode':'de-DE','numberOfItems':'3','partnerId':'RYV446M'});\"><\/script><a href=\"https:\/\/www.getyourguide.de\/s\/?partner_id=RYV446M&#038;cmp=Bremen_seemore&#038;q=Bremen\" target=\"_blank\" rel=\"nofollow noopener\" class=\"gyg-see-all\">\u00bb Alle Angebote ansehen<\/a><br \/>\n&nbsp;<\/p>\n<h2>Bremen: Die wichtigsten Zahlen und Fakten im \u00dcberblick<\/h2>\n<div class=\"intro\">\n<ul>\n<li><strong>Bundesland:<\/strong> Bremen <\/li>\n<li><strong>Einwohner:<\/strong> ca. 566.000  <\/li>\n<li><strong>Gr\u00f6\u00dfe:<\/strong> 325,56 km\u00b2<\/li>\n<li><strong>Sprache:<\/strong> deutsch <\/li>\n<li><strong>W\u00e4hrung:<\/strong> Euro <\/li>\n<li><strong>Zeitzone:<\/strong> Mitteleurop\u00e4ische Zeit (UTC +1) <\/li>\n<li><strong>Durchschnittstemperatur im Sommer:<\/strong> 14,2 \u00b0C <\/li>\n<li><strong>Durchschnittstemperatur im Winter:<\/strong> 3,4 \u00b0C <\/li>\n<\/ul>\n<\/div>\n<p>&nbsp;<\/p>\n<h2>Diese Sehensw\u00fcrdigkeiten in der Umgebung k\u00f6nnten Sie auch interessieren:<\/h2>\n<ol>\n1. <a href=\"https:\/\/www.travelcircus.de\/urlaubsziele\/sehenswuerdigkeiten-in-hamburg\/\" rel=\"noopener\" target=\"_blank\">Sehensw\u00fcrdigkeiten Hamburg<\/a><br \/>\n2. <a href=\"https:\/\/www.travelcircus.de\/urlaubsziele\/hannover-sehenswuerdigkeiten\/\" rel=\"noopener\" target=\"_blank\">Sehensw\u00fcrdigkeiten Hannover<\/a><br \/>\n3. <a href=\"https:\/\/www.travelcircus.de\/urlaubsziele\/lueneburg-sehenswuerdigkeiten\/\" rel=\"noopener\" target=\"_blank\">Sehensw\u00fcrdigkeiten L\u00fcneburg<\/a>\n<\/ol>\n","protected":false},"excerpt":{"rendered":"<p>Vielfalt, Vielfalt und nochmals Vielfalt! Genau das ist Bremen. Die zehntgr\u00f6\u00dfte Stadt Deutschlands ist sowohl die Heimat der Bremer Stadtmusikanten als auch eine historische Hansestadt, die Stadt der Luft- und Raumfahrt, die Stadt der Wissenschaft und noch vieles, vieles mehr \u2013 nur eben nicht einf\u00e4ltig. Hier verbindet sich der Charme von Tradition mit Moderne und &#8230; <a title=\"Bremen Sehensw\u00fcrdigkeiten &#8211; Die Top 10 der beliebtesten Attraktionen\" class=\"read-more\" href=\"https:\/\/www.travelcircus.de\/urlaubsziele\/bremen-sehenswuerdigkeiten\/\" aria-label=\"Mehr Informationen \u00fcber Bremen Sehensw\u00fcrdigkeiten &#8211; Die Top 10 der beliebtesten Attraktionen\">mehr lesen.<\/a><\/p>\n","protected":false},"author":6,"featured_media":7987,"comment_status":"open","ping_status":"open","sticky":false,"template":"","format":"standard","meta":{"footnotes":""},"categories":[5,6],"tags":[44,95],"class_list":["post-7908","post","type-post","status-publish","format-standard","has-post-thumbnail","hentry","category-sehenswuerdigkeiten","category-sehenswuerdigkeiten-deutschland","tag-bremen-sehenswuerdigkeiten","tag-gyg"],"_links":{"self":[{"href":"https:\/\/www.travelcircus.de\/urlaubsziele\/wp-json\/wp\/v2\/posts\/7908","targetHints":{"allow":["GET"]}}],"collection":[{"href":"https:\/\/www.travelcircus.de\/urlaubsziele\/wp-json\/wp\/v2\/posts"}],"about":[{"href":"https:\/\/www.travelcircus.de\/urlaubsziele\/wp-json\/wp\/v2\/types\/post"}],"author":[{"embeddable":true,"href":"https:\/\/www.travelcircus.de\/urlaubsziele\/wp-json\/wp\/v2\/users\/6"}],"replies":[{"embeddable":true,"href":"https:\/\/www.travelcircus.de\/urlaubsziele\/wp-json\/wp\/v2\/comments?post=7908"}],"version-history":[{"count":0,"href":"https:\/\/www.travelcircus.de\/urlaubsziele\/wp-json\/wp\/v2\/posts\/7908\/revisions"}],"wp:featuredmedia":[{"embeddable":true,"href":"https:\/\/www.travelcircus.de\/urlaubsziele\/wp-json\/wp\/v2\/media\/7987"}],"wp:attachment":[{"href":"https:\/\/www.travelcircus.de\/urlaubsziele\/wp-json\/wp\/v2\/media?parent=7908"}],"wp:term":[{"taxonomy":"category","embeddable":true,"href":"https:\/\/www.travelcircus.de\/urlaubsziele\/wp-json\/wp\/v2\/categories?post=7908"},{"taxonomy":"post_tag","embeddable":true,"href":"https:\/\/www.travelcircus.de\/urlaubsziele\/wp-json\/wp\/v2\/tags?post=7908"}],"curies":[{"name":"wp","href":"https:\/\/api.w.org\/{rel}","templated":true}]}}