{"id":8378,"date":"2016-10-25T10:20:14","date_gmt":"2016-10-25T08:20:14","guid":{"rendered":"https:\/\/www.travelcircus.de\/urlaubsziele\/?p=8378"},"modified":"2026-03-17T13:01:32","modified_gmt":"2026-03-17T13:01:32","slug":"brueckentage-2017","status":"publish","type":"post","link":"https:\/\/www.travelcircus.de\/urlaubsziele\/brueckentage-2017\/","title":{"rendered":"Br\u00fcckentage 2017"},"content":{"rendered":"<h2 id=\"\">Die Feiertage 2017 &#8211; Verdoppeln Sie Ihren Urlaub mit einer cleveren Planung!<\/h2>\n<p>Acht Urlaubstage nehmen und 16 Tage freimachen. Das geht nicht? Doch! Wir zeigen Ihnen, wie Sie Ihren Urlaub in 2017 clever planen und das Beste aus Br\u00fccken- und Feiertagen rausholen. Unsere <strong>Br\u00fcckentage-Infografik<\/strong> hilft Ihnen dabei herauszufinden, in welchen Monaten Sie wie viele Urlaubstage einplanen sollten &#8211; f\u00fcr den maximalen Erholungsfaktor! Zus\u00e4tzlich verraten wir Ihnen n\u00fctzliche Insidertipps unserer Experten f\u00fcr Ihre <strong>Reiseplanung<\/strong> und -buchung. Planen Sie mit unserer \u00dcbersicht schon jetzt den <strong>Jahresurlaub 2017<\/strong> und sichern Sie sich die beliebten Br\u00fcckentage rechtzeitig. Wissen Sie noch nicht wohin die Reise im Jahr 2017 gehen soll? Unsere Reiseblog-Rubrik &#8222;<a href=\"https:\/\/www.travelcircus.de\/urlaubsziele\/sehenswuerdigkeiten\/\" target=\"_blank\" rel=\"noopener\">Sehensw\u00fcrdigkeiten<\/a>&#8220; kann Ihnen bestimmt bei der Inspiration helfen. Wie w\u00e4re es mit einem Spa-Urlaub inklusive Pistenspa\u00df im Januar oder einem Weihnachtsfest der etwas anderen Art unter Palmen?<\/p>\n<h3><b>Mehr Urlaub in 2017: Reiseziele f\u00fcr die arbeitsfreien Tage<\/b><\/h3>\n<p>Wir zeigen Ihnen, wie Sie Ihre Urlaubstage bestm\u00f6glich nutzen und gleichzeitig die sch\u00f6nsten und spannendsten Regionen der Welt entdecken. Zum Fr\u00fchlingsanfang nach Malta oder zum Feria de Abril, dem ber\u00fchmten Stra\u00dfenfest in Sevilla &#8211; wir zeigen Ihnen die besten <strong>Reiseziele<\/strong> f\u00fcr die arbeitsfreien Tage. Seien Sie dieses Mal schneller als Ihre Kollegen und sichern sich so neun freie Tage im Mai oder gleich 16 \u00fcber Ostern. Im Oktober bietet der Tag der Deutschen Einheit die M\u00f6glichkeit den Urlaub um ganze f\u00fcnf\u00a0Tag zu verl\u00e4ngern. Oder Sie bringen sich schon mal in Festtagsstimmung und buchen Ihren <strong>Winterurlaub 2017<\/strong> schon heute. Daf\u00fcr m\u00fcssen Sie sich im kommenden Jahr nur drei Urlaubstage nehmen. Die insgesamt zehn freien Tage geht es dann in die Skigebiete \u00d6sterreichs oder an die Traumstr\u00e4nde am anderen Ende der Welt.<\/p>\n<p>2017 h\u00e4lt einige \u00dcberraschungen und g\u00fcnstige <strong>Br\u00fcckentage<\/strong> f\u00fcr Arbeitnehmer bereit. Im Gegensatz zu 2016 f\u00e4llt der 1. Mai gl\u00fccklicherweise wieder auf einen Werktag und anl\u00e4sslich des 500-j\u00e4hrigen Jubil\u00e4ums von Martin Luthers Thesenanschlag wird der <strong>Reformationstag 2017<\/strong> sogar zum bundesweiten Feiertag! Rechtzeitiges\u00a0Planen lohnt sich also. Lassen Sie sich inspirieren und beginnen Sie Ihren Urlaub schon heute mit unserer praktischen Infografik und\u00a0einer \u00dcbersicht \u00fcber alle Br\u00fcckentage, inklusive hilfreicher Tipps.<\/p>\n<p><strong>Hier die \u00dcbersicht aller Br\u00fcckentage 2017:<\/strong><\/p>\n<figure id=\"attachment_8396\" aria-describedby=\"caption-attachment-8396\" style=\"width: 1200px\" class=\"wp-caption alignright\"><img decoding=\"async\" class=\"size-full wp-image-8396\" src=\"https:\/\/blog.travelcircus.dev\/urlaubsziele\/wp-content\/uploads\/2016\/10\/Infografik-Bruckentage-2017.jpg\" alt=\"Infografik-Br\u00fcckentage-2017\" width=\"1210\" height=\"7710\" \/><figcaption id=\"caption-attachment-8396\" class=\"wp-caption-text\">Br\u00fcckentage 2017 &#8211; erstellt von travelcircus.de<\/figcaption><\/figure>\n<p style=\"text-align: justify;\"><strong>Und wann beginnen Sie mit Ihrer Urlaubsplanung? Als kleine Hilfe hier nochmal die wichtigsten gesetzlichen Feiertage im \u00dcberblick:<\/strong><\/p>\n<table border=\"1\" width=\"100%\" cellspacing=\"0\" cellpadding=\"4\">\n<colgroup>\n<col width=\"86*\" \/>\n<col width=\"84*\" \/>\n<col width=\"85*\" \/> <\/colgroup>\n<tbody>\n<tr valign=\"TOP\">\n<td width=\"34%\">\u00a0 Neujahr<\/td>\n<td width=\"33%\">\u00a0 1. Januar 2016<\/td>\n<td width=\"33%\">\u00a0 Sonntag<\/td>\n<\/tr>\n<tr valign=\"TOP\">\n<td width=\"34%\">\u00a0 Heilige Drei K\u00f6nige*<\/td>\n<td width=\"33%\">\u00a0 6. Januar 2016<\/td>\n<td width=\"33%\">\u00a0 Freitag<\/td>\n<\/tr>\n<tr valign=\"TOP\">\n<td width=\"34%\">\u00a0 Karfreitag<\/td>\n<td width=\"33%\">\u00a0 14. April 2016<\/td>\n<td width=\"33%\">\u00a0 Freitag<\/td>\n<\/tr>\n<tr valign=\"TOP\">\n<td width=\"34%\">\u00a0 Ostermontag<\/td>\n<td width=\"33%\">\u00a0 17. April 2016<\/td>\n<td width=\"33%\">\u00a0 Montag<\/td>\n<\/tr>\n<tr valign=\"TOP\">\n<td width=\"34%\">\u00a0 Tag der Arbeit<\/td>\n<td width=\"33%\">\u00a0 01. Mai 2016<\/td>\n<td width=\"33%\">\u00a0 Montag<\/td>\n<\/tr>\n<tr valign=\"TOP\">\n<td width=\"34%\">\u00a0 Christi Himmelfahrt<\/td>\n<td width=\"33%\">\u00a0 25. Mai 2016<\/td>\n<td width=\"33%\">\u00a0 Donnerstag<\/td>\n<\/tr>\n<tr valign=\"TOP\">\n<td width=\"34%\">\u00a0 Pfingstmontag<\/td>\n<td width=\"33%\">\u00a0 05. Juni 2016<\/td>\n<td width=\"33%\">\u00a0 Montag<\/td>\n<\/tr>\n<tr valign=\"TOP\">\n<td width=\"34%\">\u00a0 Fronleichnam**<\/td>\n<td width=\"33%\">\u00a0 15. Juni 2016<\/td>\n<td width=\"33%\">\u00a0 Donnerstag<\/td>\n<\/tr>\n<tr valign=\"TOP\">\n<td width=\"34%\">\u00a0 Mari\u00e4 Himmelfahrt****<\/td>\n<td width=\"33%\">\u00a0 15. August 2016<\/td>\n<td width=\"33%\">\u00a0 Montag<\/td>\n<\/tr>\n<tr valign=\"TOP\">\n<td width=\"34%\">\u00a0 Tag der Deutschen Einheit<\/td>\n<td width=\"33%\">\u00a0 03. Oktober 2016<\/td>\n<td width=\"33%\">\u00a0 Dienstag<\/td>\n<\/tr>\n<tr valign=\"TOP\">\n<td width=\"34%\">\u00a0 Reformationstag<\/td>\n<td width=\"33%\">\u00a0 31. Oktober 2016<\/td>\n<td width=\"33%\">\u00a0 Dienstag<\/td>\n<\/tr>\n<tr valign=\"TOP\">\n<td width=\"34%\">\u00a0 Allerheiligen***<\/td>\n<td width=\"33%\">\u00a0 01. November 2016<\/td>\n<td width=\"33%\">\u00a0 Mittwoch<\/td>\n<\/tr>\n<tr valign=\"TOP\">\n<td width=\"34%\">\u00a0 1. Weihnachtsfeiertag<\/td>\n<td width=\"33%\">\u00a0 25. Dezember 2016<\/td>\n<td width=\"33%\">\u00a0 Montag<\/td>\n<\/tr>\n<tr valign=\"TOP\">\n<td width=\"34%\">\u00a0 2. Weihnachtsfeiertag<\/td>\n<td width=\"33%\">\u00a0 26. Dezember 2016<\/td>\n<td width=\"33%\">\u00a0 Dienstag<\/td>\n<\/tr>\n<\/tbody>\n<\/table>\n<p>*<em> Feiertag in Bayern, Baden-W\u00fcrttemberg, Sachsen-Anhalt \u00a0 \u00a0 \u00a0 \u00a0<\/em>\u00a0 \u00a0 \u00a0 \u00a0 \u00a0 \u00a0 \u00a0 \u00a0 \u00a0 \u00a0 \u00a0 \u00a0 \u00a0 \u00a0 \u00a0 \u00a0 \u00a0 \u00a0 \u00a0 \u00a0 \u00a0 \u00a0 \u00a0 \u00a0 \u00a0 \u00a0 \u00a0 \u00a0 \u00a0 \u00a0 \u00a0 \u00a0 \u00a0 \u00a0 \u00a0 \u00a0 \u00a0 \u00a0 \u00a0 \u00a0 \u00a0 \u00a0 \u00a0 \u00a0 \u00a0 \u00a0 \u00a0 \u00a0 \u00a0 \u00a0 \u00a0 \u00a0 \u00a0 \u00a0 \u00a0 \u00a0 \u00a0 \u00a0 \u00a0 \u00a0 \u00a0 \u00a0 \u00a0 \u00a0 \u00a0 \u00a0 \u00a0 \u00a0 \u00a0 \u00a0 \u00a0 \u00a0 \u00a0 \u00a0 \u00a0 \u00a0 \u00a0 \u00a0 **<em> Feiertag in Baden-W\u00fcrttemberg, Bayern, Hessen, Nordrhein-Westfalen, Rheinland-Pfalz und Saarland \u00a0<\/em>\u00a0 \u00a0 \u00a0 \u00a0 \u00a0 \u00a0 \u00a0 \u00a0 \u00a0 \u00a0 \u00a0 \u00a0 \u00a0 \u00a0 \u00a0 \u00a0 \u00a0 \u00a0 \u00a0 \u00a0 \u00a0 \u00a0 \u00a0 \u00a0 \u00a0 \u00a0 \u00a0 \u00a0 \u00a0 \u00a0 \u00a0 \u00a0 \u00a0 *** <em>Feiertag in Baden-W\u00fcrttemberg, Bayern, Nordrhein-Westfalen, Rheinland-Pfalz, Saarland<\/em>\u00a0 \u00a0 \u00a0 \u00a0 \u00a0 \u00a0 \u00a0 \u00a0 \u00a0 \u00a0 \u00a0 \u00a0 \u00a0 \u00a0 \u00a0 \u00a0 \u00a0 \u00a0 \u00a0 \u00a0 \u00a0 \u00a0 \u00a0 \u00a0 \u00a0 \u00a0 \u00a0 \u00a0 \u00a0 \u00a0 \u00a0 \u00a0 \u00a0 \u00a0 \u00a0 \u00a0 \u00a0 \u00a0 \u00a0 \u00a0 \u00a0 \u00a0 \u00a0 \u00a0 \u00a0 **** <em>Feiertag in Bayern und im Saarland<\/em><\/h6>\n","protected":false},"excerpt":{"rendered":"<p>Die Feiertage 2017 &#8211; Verdoppeln Sie Ihren Urlaub mit einer cleveren Planung! Acht Urlaubstage nehmen und 16 Tage freimachen. Das geht nicht? Doch! Wir zeigen Ihnen, wie Sie Ihren Urlaub in 2017 clever planen und das Beste aus Br\u00fccken- und Feiertagen rausholen. Unsere Br\u00fcckentage-Infografik hilft Ihnen dabei herauszufinden, in welchen Monaten Sie wie viele Urlaubstage &#8230; <a title=\"Br\u00fcckentage 2017\" class=\"read-more\" href=\"https:\/\/www.travelcircus.de\/urlaubsziele\/brueckentage-2017\/\" aria-label=\"Mehr Informationen \u00fcber Br\u00fcckentage 2017\">mehr lesen.<\/a><\/p>\n","protected":false},"author":3,"featured_media":8505,"comment_status":"open","ping_status":"open","sticky":false,"template":"","format":"gallery","meta":{"footnotes":""},"categories":[4],"tags":[],"class_list":["post-8378","post","type-post","status-publish","format-gallery","has-post-thumbnail","hentry","category-reisetipps","post_format-post-format-gallery"],"_links":{"self":[{"href":"https:\/\/www.travelcircus.de\/urlaubsziele\/wp-json\/wp\/v2\/posts\/8378","targetHints":{"allow":["GET"]}}],"collection":[{"href":"https:\/\/www.travelcircus.de\/urlaubsziele\/wp-json\/wp\/v2\/posts"}],"about":[{"href":"https:\/\/www.travelcircus.de\/urlaubsziele\/wp-json\/wp\/v2\/types\/post"}],"author":[{"embeddable":true,"href":"https:\/\/www.travelcircus.de\/urlaubsziele\/wp-json\/wp\/v2\/users\/3"}],"replies":[{"embeddable":true,"href":"https:\/\/www.travelcircus.de\/urlaubsziele\/wp-json\/wp\/v2\/comments?post=8378"}],"version-history":[{"count":1,"href":"https:\/\/www.travelcircus.de\/urlaubsziele\/wp-json\/wp\/v2\/posts\/8378\/revisions"}],"predecessor-version":[{"id":25161,"href":"https:\/\/www.travelcircus.de\/urlaubsziele\/wp-json\/wp\/v2\/posts\/8378\/revisions\/25161"}],"wp:featuredmedia":[{"embeddable":true,"href":"https:\/\/www.travelcircus.de\/urlaubsziele\/wp-json\/wp\/v2\/media\/8505"}],"wp:attachment":[{"href":"https:\/\/www.travelcircus.de\/urlaubsziele\/wp-json\/wp\/v2\/media?parent=8378"}],"wp:term":[{"taxonomy":"category","embeddable":true,"href":"https:\/\/www.travelcircus.de\/urlaubsziele\/wp-json\/wp\/v2\/categories?post=8378"},{"taxonomy":"post_tag","embeddable":true,"href":"https:\/\/www.travelcircus.de\/urlaubsziele\/wp-json\/wp\/v2\/tags?post=8378"}],"curies":[{"name":"wp","href":"https:\/\/api.w.org\/{rel}","templated":true}]}}