{"id":9343,"date":"2016-12-05T16:33:04","date_gmt":"2016-12-05T15:33:04","guid":{"rendered":"https:\/\/www.travelcircus.de\/urlaubsziele\/?p=9343"},"modified":"2024-04-22T16:46:13","modified_gmt":"2024-04-22T16:46:13","slug":"weimar-sehenswuerdigkeiten","status":"publish","type":"post","link":"https:\/\/www.travelcircus.de\/urlaubsziele\/weimar-sehenswuerdigkeiten\/","title":{"rendered":"Weimar Sehensw\u00fcrdigkeiten: Die Top 10 der Kulturstadt"},"content":{"rendered":"<p>Th\u00fcringer Wurst, gr\u00fcne Parklandschaften und immer wieder Goethe. Das alles erwartet Urlauber bei einer <strong><a href=\"https:\/\/www.travelcircus.de\/staedtereisen\" rel=\"noopener noreferrer\" target=\"_blank\">St\u00e4dtereise<\/a><\/strong> in der Universit\u00e4tsstadt <strong>Weimar<\/strong>. <\/p>\n<p style=\"text-align: justify;\">Weimar lockt seit jeher nicht nur K\u00fcnstler und Literaten, sondern auch zahlreiche Touristen, die sich von den Sehensw\u00fcrdigkeiten und dem unaufgeregten Charme der Stad gefangen nehmen lassen.<\/p>\n<p style=\"text-align: justify;\">Vor allem Goethes Geburtshaus, das <strong>Bauhaus Museum<\/strong> und das Stadtschloss locken zahlreiche Besucher. Aber auch einige andere Attraktionen, Parks und G\u00e4rten sind hier einen Besuch wert. Wir zeigen Ihnen, welche <strong>Weimar Sehensw\u00fcrdigkeiten<\/strong> Sie dabei nicht verpassen sollten und was zu einem Urlaub in Weimar noch dazugeh\u00f6rt.<br \/>\n<!--more--><\/p>\n<h2>Die Top 10 Weimar Sehensw\u00fcrdigkeiten auf einen Blick<\/h2>\n<p><iframe src=\"https:\/\/www.google.com\/maps\/d\/u\/0\/embed?mid=1Qd-UxGu-3TPkrHI1BCKKjkgjQkk7e9YC\" width=\"640\" height=\"480\"><\/iframe><\/p>\n<div id=\"gyg-widget-1\"><\/div>\n<p><script async defer src=\"\/\/widget.getyourguide.com\/v2\/core.js\" onload=\"GYG.Widget(document.getElementById('gyg-widget-1'),{'q':'Weimar','cmp':'Weimar_top','currency':'EUR','localeCode':'de-DE','numberOfItems':'3','partnerId':'RYV446M'});\"><\/script><a href=\"https:\/\/www.getyourguide.de\/s\/?partner_id=RYV446M&#038;cmp= Weimar_seemore&#038;q=Weimar\" target=\"_blank\" rel=\"nofollow noopener noreferrer\" class=\"gyg-see-all\">\u00bb Alle Angebote ansehen<\/a><br \/>\n&nbsp;<\/p>\n<h2>Platz 1: Goethes Wohnhaus<\/h2>\n<div align=\"center\">\n<blockquote class=\"instagram-media\" data-instgrm-permalink=\"https:\/\/www.instagram.com\/p\/BV_qI81HfKl\/?utm_source=ig_embed\" data-instgrm-version=\"9\" style=\" background:#FFF; border:0; border-radius:3px; box-shadow:0 0 1px 0 rgba(0,0,0,0.5),0 1px 10px 0 rgba(0,0,0,0.15); margin: 1px; max-width:540px; min-width:326px; padding:0; width:99.375%; width:-webkit-calc(100% - 2px); width:calc(100% - 2px);\">\n<div style=\"padding:8px;\">\n<div style=\" background:#F8F8F8; line-height:0; margin-top:40px; padding:50.0% 0; text-align:center; width:100%;\">\n<div style=\" background:url(data:image\/png;base64,iVBORw0KGgoAAAANSUhEUgAAACwAAAAsCAMAAAApWqozAAAABGdBTUEAALGPC\/xhBQAAAAFzUkdCAK7OHOkAAAAMUExURczMzPf399fX1+bm5mzY9AMAAADiSURBVDjLvZXbEsMgCES5\/P8\/t9FuRVCRmU73JWlzosgSIIZURCjo\/ad+EQJJB4Hv8BFt+IDpQoCx1wjOSBFhh2XssxEIYn3ulI\/6MNReE07UIWJEv8UEOWDS88LY97kqyTliJKKtuYBbruAyVh5wOHiXmpi5we58Ek028czwyuQdLKPG1Bkb4NnM+VeAnfHqn1k4+GPT6uGQcvu2h2OVuIf\/gWUFyy8OWEpdyZSa3aVCqpVoVvzZZ2VTnn2wU8qzVjDDetO90GSy9mVLqtgYSy231MxrY6I2gGqjrTY0L8fxCxfCBbhWrsYYAAAAAElFTkSuQmCC); display:block; height:44px; margin:0 auto -44px; position:relative; top:-22px; width:44px;\"><\/div>\n<\/div>\n<p style=\" color:#c9c8cd; font-family:Arial,sans-serif; font-size:14px; line-height:17px; margin-bottom:0; margin-top:8px; overflow:hidden; padding:8px 0 7px; text-align:center; text-overflow:ellipsis; white-space:nowrap;\"><a href=\"https:\/\/www.instagram.com\/p\/BV_qI81HfKl\/?utm_source=ig_embed\" style=\" color:#c9c8cd; font-family:Arial,sans-serif; font-size:14px; font-style:normal; font-weight:normal; line-height:17px; text-decoration:none;\" target=\"_blank\" rel=\"noopener noreferrer\">Ein Beitrag geteilt von Mario Rudke (@mariorudke)<\/a> am <time style=\" font-family:Arial,sans-serif; font-size:14px; line-height:17px;\" datetime=\"2017-07-01T06:55:54+00:00\">Jun 30, 2017 um 11:55 PDT<\/time><\/p>\n<\/div>\n<\/blockquote>\n<p><script async defer src=\"\/\/www.instagram.com\/embed.js\"><\/script><\/div>\n<p style=\"text-align: justify;\">Goethe, Goethe und noch mehr Goethe. In Weimar wandeln Sie immer auch auf den Spuren des weltber\u00fchmten Schriftstellers. <\/p>\n<h3>Geistiges Zentrum Deutschlands<\/h3>\n<p>Goethe verbrachte immerhin einen Gro\u00dfteil seines Lebens in der <strong>Kulturstadt<\/strong> und begr\u00fcndete gemeinsam mit <strong>Schiller<\/strong> und <strong>Herder<\/strong> den Ruf Weimars als geistiges Zentrum Deutschlands. <\/p>\n<h3>Das Zuhause von Johann Wolfgang von Goethe<\/h3>\n<p style=\"text-align: justify;\">Ein Muss f\u00fcr jeden Weimar-Urlauber ist der Besuch von Goethes Wohnhaus, in welchem er insgesamt 50 Jahre bis zu seinem Tod lebte. Das Haus, das er zun\u00e4chst als Mieter und sp\u00e4ter als Eigent\u00fcmer bewohnte, diente ihm nicht nur als Wohn- und Arbeitsdomizil, sondern auch als M\u00f6glichkeit seine Kunst- und Naturaliensammlung zu erweitern. <\/p>\n<p style=\"text-align: justify;\">Heute gilt es als eines der wichtigsten Zeugnisse des klassischen Weimars.<\/p>\n<p style=\"text-align: justify;\"><span style=\"color: #20A894;\">\u00d6ffnungszeiten: Di \u2013 So: 09:30 &#8211; 18:00 Uhr<\/span><\/p>\n<hr>\n<h2>Platz 2: Bauhaus-Museum<\/h2>\n<div align=\"center\">\n<blockquote class=\"instagram-media\" data-instgrm-permalink=\"https:\/\/www.instagram.com\/p\/BjfJcbRjwpP\/\" data-instgrm-version=\"8\" style=\" background:#FFF; border:0; border-radius:3px; box-shadow:0 0 1px 0 rgba(0,0,0,0.5),0 1px 10px 0 rgba(0,0,0,0.15); margin: 1px; max-width:658px; padding:0; width:99.375%; width:-webkit-calc(100% - 2px); width:calc(100% - 2px);\">\n<div style=\"padding:8px;\">\n<div style=\" background:#F8F8F8; line-height:0; margin-top:40px; padding:50.0% 0; text-align:center; width:100%;\">\n<div style=\" background:url(data:image\/png;base64,iVBORw0KGgoAAAANSUhEUgAAACwAAAAsCAMAAAApWqozAAAABGdBTUEAALGPC\/xhBQAAAAFzUkdCAK7OHOkAAAAMUExURczMzPf399fX1+bm5mzY9AMAAADiSURBVDjLvZXbEsMgCES5\/P8\/t9FuRVCRmU73JWlzosgSIIZURCjo\/ad+EQJJB4Hv8BFt+IDpQoCx1wjOSBFhh2XssxEIYn3ulI\/6MNReE07UIWJEv8UEOWDS88LY97kqyTliJKKtuYBbruAyVh5wOHiXmpi5we58Ek028czwyuQdLKPG1Bkb4NnM+VeAnfHqn1k4+GPT6uGQcvu2h2OVuIf\/gWUFyy8OWEpdyZSa3aVCqpVoVvzZZ2VTnn2wU8qzVjDDetO90GSy9mVLqtgYSy231MxrY6I2gGqjrTY0L8fxCxfCBbhWrsYYAAAAAElFTkSuQmCC); display:block; height:44px; margin:0 auto -44px; position:relative; top:-22px; width:44px;\"><\/div>\n<\/div>\n<p style=\" color:#c9c8cd; font-family:Arial,sans-serif; font-size:14px; line-height:17px; margin-bottom:0; margin-top:8px; overflow:hidden; padding:8px 0 7px; text-align:center; text-overflow:ellipsis; white-space:nowrap;\"><a href=\"https:\/\/www.instagram.com\/p\/BjfJcbRjwpP\/\" style=\" color:#c9c8cd; font-family:Arial,sans-serif; font-size:14px; font-style:normal; font-weight:normal; line-height:17px; text-decoration:none;\" target=\"_blank\" rel=\"noopener noreferrer\">Ein Beitrag geteilt von Ellen (@muesliwithoutmilk)<\/a> am <time style=\" font-family:Arial,sans-serif; font-size:14px; line-height:17px;\" datetime=\"2018-06-01T15:14:01+00:00\">Jun 1, 2018 um 8:14 PDT<\/time><\/p>\n<\/div>\n<\/blockquote>\n<p> <script async defer src=\"\/\/www.instagram.com\/embed.js\"><\/script><\/div>\n<p style=\"text-align: justify;\">Mehr als 300 Exponate und eine knapp 100-j\u00e4hrige Geschichte erwarten Urlauber im Weimarer <strong>Bauhaus-Museum<\/strong>. <\/p>\n<h3>Das alte Bauhaus<\/h3>\n<p style=\"text-align: justify;\">Seit der Gr\u00fcndung des Staatlichen Bauhaus von <strong>Walter Gropius<\/strong> im Jahr 1919 gilt die Schule als wegweisend f\u00fcr die klassische Moderne und die moderne Kunst im Allgemeinen. <\/p>\n<p style=\"text-align: justify;\">Intention war es, eben diese nicht l\u00e4nger vom Handwerk zu trennen, sondern beides zusammenzuf\u00fchren. Viele der bahnbrechenden Ideen Deutschlands erfolgreichsten Exportartikels k\u00f6nnen Urlauber heute im Museum bestaunen. Darunter Werke des Gr\u00fcndungsdirektors Gropius sowie von Bauhaus-Pionieren wie Paul Klee, Josef Hartwig oder Marianne Brandt.<\/p>\n<h3>Das neue Bauhaus<\/h3>\n<p style=\"text-align: justify;\">Aktuell noch provisorisch im ehemaligen Kulissenhaus ausgestellt, k\u00f6nnen sich Weimar-Besucher ab dem 06. April 2019 auf ein neues Museum freuen. <\/p>\n<blockquote><p> Die Oberfl\u00e4chen der Einbauten sind gewisserma\u00dfen das direkte Medium zwischen Objekt und Betrachter. <\/p><\/blockquote>\n<p> <span style=\"font-size: 11px;\">Barbara Holzer, Holzer Kobler Architekten, Z\u00fcrich\/Berlin<\/p>\n<p style=\"text-align: justify;\">In direkter Nachbarschaft entsteht gerade eines der modernsten und beeindruckendsten Geb\u00e4ude Weimars. Aber auch jetzt lohnt ein Abstecher in das <strong>Bauhaus-Museum<\/strong>. <\/p>\n<p style=\"text-align: justify;\"><span style=\"color: #20A894;\">\u00d6ffnungszeiten: Mo 10.00 \u2013 14.30 Uhr; Di &#8211; So 10.00 \u2013 18.00 Uhr<\/span><\/p>\n<hr>\n<h2>Platz 3: Schloss Belvedere<\/h2>\n<div align=\"center\">\n<blockquote class=\"instagram-media\" data-instgrm-permalink=\"https:\/\/www.instagram.com\/p\/BmHHN5TnKTu\/?utm_source=ig_embed\" data-instgrm-version=\"9\" style=\" background:#FFF; border:0; border-radius:3px; box-shadow:0 0 1px 0 rgba(0,0,0,0.5),0 1px 10px 0 rgba(0,0,0,0.15); margin: 1px; max-width:540px; min-width:326px; padding:0; width:99.375%; width:-webkit-calc(100% - 2px); width:calc(100% - 2px);\">\n<div style=\"padding:8px;\">\n<div style=\" background:#F8F8F8; line-height:0; margin-top:40px; padding:50.0% 0; text-align:center; width:100%;\">\n<div style=\" background:url(data:image\/png;base64,iVBORw0KGgoAAAANSUhEUgAAACwAAAAsCAMAAAApWqozAAAABGdBTUEAALGPC\/xhBQAAAAFzUkdCAK7OHOkAAAAMUExURczMzPf399fX1+bm5mzY9AMAAADiSURBVDjLvZXbEsMgCES5\/P8\/t9FuRVCRmU73JWlzosgSIIZURCjo\/ad+EQJJB4Hv8BFt+IDpQoCx1wjOSBFhh2XssxEIYn3ulI\/6MNReE07UIWJEv8UEOWDS88LY97kqyTliJKKtuYBbruAyVh5wOHiXmpi5we58Ek028czwyuQdLKPG1Bkb4NnM+VeAnfHqn1k4+GPT6uGQcvu2h2OVuIf\/gWUFyy8OWEpdyZSa3aVCqpVoVvzZZ2VTnn2wU8qzVjDDetO90GSy9mVLqtgYSy231MxrY6I2gGqjrTY0L8fxCxfCBbhWrsYYAAAAAElFTkSuQmCC); display:block; height:44px; margin:0 auto -44px; position:relative; top:-22px; width:44px;\"><\/div>\n<\/div>\n<p style=\" color:#c9c8cd; font-family:Arial,sans-serif; font-size:14px; line-height:17px; margin-bottom:0; margin-top:8px; overflow:hidden; padding:8px 0 7px; text-align:center; text-overflow:ellipsis; white-space:nowrap;\"><a href=\"https:\/\/www.instagram.com\/p\/BmHHN5TnKTu\/?utm_source=ig_embed\" style=\" color:#c9c8cd; font-family:Arial,sans-serif; font-size:14px; font-style:normal; font-weight:normal; line-height:17px; text-decoration:none;\" target=\"_blank\" rel=\"noopener noreferrer\">Ein Beitrag geteilt von Fabian (@qiizzmo)<\/a> am <time style=\" font-family:Arial,sans-serif; font-size:14px; line-height:17px;\" datetime=\"2018-08-05T20:46:58+00:00\">Aug 5, 2018 um 1:46 PDT<\/time><\/p>\n<\/div>\n<\/blockquote>\n<p><script async defer src=\"\/\/www.instagram.com\/embed.js\"><\/script><\/div>\n<p style=\"text-align: justify;\">Auch eine Vielzahl an Schl\u00f6ssern k\u00f6nnen Sie in der ehemaligen <strong>Residenzstadt<\/strong> bewundern. <\/p>\n<h3>Abseits von Hofzeremoniell und Staatspflichten<\/h3>\n<p style=\"text-align: justify;\">Vor allem das Schloss Belvedere lockt dabei zahlreiche Besucher nach Weimar. Es ist das bedeutendste Lustschl\u00f6sschen, das unter Herzog Ernst August erbaut wurden. Rund 20 dieser Jagd- und Lustschl\u00f6sser entstanden in dieser Zeit. <\/p>\n<p style=\"text-align: justify;\">Beeindruckend ist nicht nur das Innere des Schlosses, auch seine Nebengeb\u00e4ude, die Orangerie und die Gartenlandschaften sind einen Ausflug wert. Im Schloss selbst zeugen Ausstellungsst\u00fccke von seiner Geschichte und der des Kunsthandwerks.<\/p>\n<h3>Schloss Belvedere in Weimar besichtigen<\/h3>\n<p style=\"text-align: justify;\">Wer die barocke <strong>Schlossanlage<\/strong> selber erkunden m\u00f6chte, hat dazu von Ende M\u00e4rz bis Ende Oktober Gelegenheit. Im Winter hat das Schloss leider geschlossen. Daf\u00fcr locken dann andere Weimar Sehensw\u00fcrdigkeiten.<\/p>\n<div class=\"tipp_center\"><strong>Tipp f\u00fcr Sparf\u00fcchse:<\/strong> Wer zwei oder mehr Tage in Weimar ist und Geld sparen m\u00f6chte, sollte \u00fcber den Kauf einer <a href=\"https:\/\/shop.weimar-gmbh.com\/weimar-card\/508\/weimar-card\" rel=\"noopener noreferrer\" target=\"_blank\">Weimar Card<\/a> nachdenken. Mit ihr k\u00f6nnen Sie kostenfrei an einer Stadtf\u00fchrung teilnehmen, Theaterauff\u00fchren und das Kunstfest Weimar sowie zahlreiche Museen gratis besuchen.<\/div>\n<hr>\n<h2>Platz 4: Schillers Wohnhaus<\/h2>\n<div align=\"center\">\n<blockquote class=\"instagram-media\" data-instgrm-permalink=\"https:\/\/www.instagram.com\/p\/BgL7Pk0nPhK\/?utm_source=ig_embed\" data-instgrm-version=\"9\" style=\" background:#FFF; border:0; border-radius:3px; box-shadow:0 0 1px 0 rgba(0,0,0,0.5),0 1px 10px 0 rgba(0,0,0,0.15); margin: 1px; max-width:540px; min-width:326px; padding:0; width:99.375%; width:-webkit-calc(100% - 2px); width:calc(100% - 2px);\">\n<div style=\"padding:8px;\">\n<div style=\" background:#F8F8F8; line-height:0; margin-top:40px; padding:37.5% 0; text-align:center; width:100%;\">\n<div style=\" background:url(data:image\/png;base64,iVBORw0KGgoAAAANSUhEUgAAACwAAAAsCAMAAAApWqozAAAABGdBTUEAALGPC\/xhBQAAAAFzUkdCAK7OHOkAAAAMUExURczMzPf399fX1+bm5mzY9AMAAADiSURBVDjLvZXbEsMgCES5\/P8\/t9FuRVCRmU73JWlzosgSIIZURCjo\/ad+EQJJB4Hv8BFt+IDpQoCx1wjOSBFhh2XssxEIYn3ulI\/6MNReE07UIWJEv8UEOWDS88LY97kqyTliJKKtuYBbruAyVh5wOHiXmpi5we58Ek028czwyuQdLKPG1Bkb4NnM+VeAnfHqn1k4+GPT6uGQcvu2h2OVuIf\/gWUFyy8OWEpdyZSa3aVCqpVoVvzZZ2VTnn2wU8qzVjDDetO90GSy9mVLqtgYSy231MxrY6I2gGqjrTY0L8fxCxfCBbhWrsYYAAAAAElFTkSuQmCC); display:block; height:44px; margin:0 auto -44px; position:relative; top:-22px; width:44px;\"><\/div>\n<\/div>\n<p style=\" color:#c9c8cd; font-family:Arial,sans-serif; font-size:14px; line-height:17px; margin-bottom:0; margin-top:8px; overflow:hidden; padding:8px 0 7px; text-align:center; text-overflow:ellipsis; white-space:nowrap;\"><a href=\"https:\/\/www.instagram.com\/p\/BgL7Pk0nPhK\/?utm_source=ig_embed\" style=\" color:#c9c8cd; font-family:Arial,sans-serif; font-size:14px; font-style:normal; font-weight:normal; line-height:17px; text-decoration:none;\" target=\"_blank\" rel=\"noopener noreferrer\">Ein Beitrag geteilt von Rike (@rike.ds)<\/a> am <time style=\" font-family:Arial,sans-serif; font-size:14px; line-height:17px;\" datetime=\"2018-03-11T14:30:11+00:00\">M\u00e4r 11, 2018 um 7:30 PDT<\/time><\/p>\n<\/div>\n<\/blockquote>\n<p><script async defer src=\"\/\/www.instagram.com\/embed.js\"><\/script><\/div>\n<p style=\"text-align: justify;\">Obwohl nicht ganz so lange in Weimar zu Hause wie sein ber\u00fchmter Weggef\u00e4hrte Goethe, verbrachte <strong>Schiller<\/strong> seine letzten drei Lebensjahre in der Kulturstadt und kam hier mit anderen K\u00fcnstlern in Kontakt. <\/p>\n<p style=\"text-align: justify;\">In dieser Zeit entstanden auch seine letzten gro\u00dfen Dramen, darunter \u201eMessina\u201c und \u201eWilhelm Tell\u201c. Wer auf den Spuren des ber\u00fchmten Dichters wandeln m\u00f6chte, f\u00fcr den ist der Besuch des Wohnhauses Pflicht. <\/p>\n<h3>Das Museum<\/h3>\n<p style=\"text-align: justify;\">In den 80er Jahren entstand ein Anbau, in dem sich heute das <a href=\"https:\/\/www.klassik-stiftung.de\/einrichtungen\/museen\/schillers-wohnhaus\/\" rel=\"noopener noreferrer\" target=\"_blank\"><strong>Schiller Museum<\/strong><\/a> befindet. Das enth\u00e4lt zahlreiche Ausstellungsst\u00fccke zum Leben und Wirken Schillers. <\/p>\n<p style=\"text-align: justify;\"><span style=\"color: #20A894;\">\u00d6ffnungszeiten: Di \u2013 So 9:30 &#8211; 18:00 Uhr<\/span><\/p>\n<div class=\"tipp_center\"><strong>Kulinarik-Tipp:<\/strong> Weimar kann mehr als Th\u00fcringer Wurst (wobei die nat\u00fcrlich auch nicht zu verachten ist). Das zeigt sich auch in den vielen Restaurants, Caf\u00e9s und Bars. Mit Blick auf die Residenz k\u00f6nnen Sie im Residenz-Caf\u00e9, das auch das \u00e4lteste der Stadt ist, eine Kaffee trinken oder im Sommer auf den vielen Gr\u00fcnfl\u00e4chen picknicken.<\/div>\n<hr>\n<h2>Platz 5: Weimars Marktplatz<\/h2>\n<div align=\"center\">\n<blockquote class=\"instagram-media\" data-instgrm-permalink=\"https:\/\/www.instagram.com\/p\/BV_qI81HfKl\/?utm_source=ig_embed\" data-instgrm-version=\"9\" style=\" background:#FFF; border:0; border-radius:3px; box-shadow:0 0 1px 0 rgba(0,0,0,0.5),0 1px 10px 0 rgba(0,0,0,0.15); margin: 1px; max-width:540px; min-width:326px; padding:0; width:99.375%; width:-webkit-calc(100% - 2px); width:calc(100% - 2px);\">\n<div style=\"padding:8px;\">\n<div style=\" background:#F8F8F8; line-height:0; margin-top:40px; padding:50.0% 0; text-align:center; width:100%;\">\n<div style=\" background:url(data:image\/png;base64,iVBORw0KGgoAAAANSUhEUgAAACwAAAAsCAMAAAApWqozAAAABGdBTUEAALGPC\/xhBQAAAAFzUkdCAK7OHOkAAAAMUExURczMzPf399fX1+bm5mzY9AMAAADiSURBVDjLvZXbEsMgCES5\/P8\/t9FuRVCRmU73JWlzosgSIIZURCjo\/ad+EQJJB4Hv8BFt+IDpQoCx1wjOSBFhh2XssxEIYn3ulI\/6MNReE07UIWJEv8UEOWDS88LY97kqyTliJKKtuYBbruAyVh5wOHiXmpi5we58Ek028czwyuQdLKPG1Bkb4NnM+VeAnfHqn1k4+GPT6uGQcvu2h2OVuIf\/gWUFyy8OWEpdyZSa3aVCqpVoVvzZZ2VTnn2wU8qzVjDDetO90GSy9mVLqtgYSy231MxrY6I2gGqjrTY0L8fxCxfCBbhWrsYYAAAAAElFTkSuQmCC); display:block; height:44px; margin:0 auto -44px; position:relative; top:-22px; width:44px;\"><\/div>\n<\/div>\n<p style=\" color:#c9c8cd; font-family:Arial,sans-serif; font-size:14px; line-height:17px; margin-bottom:0; margin-top:8px; overflow:hidden; padding:8px 0 7px; text-align:center; text-overflow:ellipsis; white-space:nowrap;\"><a href=\"https:\/\/www.instagram.com\/p\/BV_qI81HfKl\/?utm_source=ig_embed\" style=\" color:#c9c8cd; font-family:Arial,sans-serif; font-size:14px; font-style:normal; font-weight:normal; line-height:17px; text-decoration:none;\" target=\"_blank\" rel=\"noopener noreferrer\">Ein Beitrag geteilt von Mario Rudke (@mariorudke)<\/a> am <time style=\" font-family:Arial,sans-serif; font-size:14px; line-height:17px;\" datetime=\"2017-07-01T06:55:54+00:00\">Jun 30, 2017 um 11:55 PDT<\/time><\/p>\n<\/div>\n<\/blockquote>\n<p><script async defer src=\"\/\/www.instagram.com\/embed.js\"><\/script>\n<\/div>\n<p style=\"text-align: justify;\">Hier beginnen und enden <strong>Stadtrundg\u00e4nge<\/strong>, denn hier l\u00e4sst sich Weimars lange Geschichte am besten sp\u00fcren. hier befindet sich die Tourist-Information, von der die zweimal t\u00e4glich <strong>gef\u00fchrten Touren<\/strong> durch die Goethe-Stadt starten. <\/p>\n<p style=\"text-align: justify;\">Wer die Stadt erkunden m\u00f6chte, bummelt vom <strong>Marktplatz<\/strong> aus zun\u00e4chst am <strong>Rathaus<\/strong> entlang und dann weiter durch die <strong>Schillerstra\u00dfe<\/strong> zum Theater. <\/p>\n<h3>Ein bunter H\u00e4usermix<\/h3>\n<p style=\"text-align: justify;\">Rundherum reihen sich Uhrmacher an Caf\u00e9s, renovierte an historische Geb\u00e4ude. Der bunte Stilmix setzt sich aus neugotischen Geb\u00e4uden und <strong>Renaissanceh\u00e4usern<\/strong> zusammen und l\u00e4dt zu Pausen zwischen den <strong>Sightseeingtouren<\/strong> ein. <\/p>\n<p style=\"text-align: justify;\">Herzst\u00fcck ist aber das Rathaus, das im Winter festlich beleuchtet wird. Dann findet hier auch einer der sch\u00f6nsten <strong>Weihnachtsm\u00e4rkte<\/strong> Th\u00fcringens statt.<\/p>\n<hr>\n<h2>Platz 6: Gedenkst\u00e4tte Buchenwald<\/h2>\n<div align=\"center\">\n<blockquote class=\"instagram-media\" data-instgrm-permalink=\"https:\/\/www.instagram.com\/p\/BhZ3H_qnh42\/?utm_source=ig_embed\" data-instgrm-version=\"9\" style=\" background:#FFF; border:0; border-radius:3px; box-shadow:0 0 1px 0 rgba(0,0,0,0.5),0 1px 10px 0 rgba(0,0,0,0.15); margin: 1px; max-width:540px; min-width:326px; padding:0; width:99.375%; width:-webkit-calc(100% - 2px); width:calc(100% - 2px);\">\n<div style=\"padding:8px;\">\n<div style=\" background:#F8F8F8; line-height:0; margin-top:40px; padding:32.77777777777778% 0; text-align:center; width:100%;\">\n<div style=\" background:url(data:image\/png;base64,iVBORw0KGgoAAAANSUhEUgAAACwAAAAsCAMAAAApWqozAAAABGdBTUEAALGPC\/xhBQAAAAFzUkdCAK7OHOkAAAAMUExURczMzPf399fX1+bm5mzY9AMAAADiSURBVDjLvZXbEsMgCES5\/P8\/t9FuRVCRmU73JWlzosgSIIZURCjo\/ad+EQJJB4Hv8BFt+IDpQoCx1wjOSBFhh2XssxEIYn3ulI\/6MNReE07UIWJEv8UEOWDS88LY97kqyTliJKKtuYBbruAyVh5wOHiXmpi5we58Ek028czwyuQdLKPG1Bkb4NnM+VeAnfHqn1k4+GPT6uGQcvu2h2OVuIf\/gWUFyy8OWEpdyZSa3aVCqpVoVvzZZ2VTnn2wU8qzVjDDetO90GSy9mVLqtgYSy231MxrY6I2gGqjrTY0L8fxCxfCBbhWrsYYAAAAAElFTkSuQmCC); display:block; height:44px; margin:0 auto -44px; position:relative; top:-22px; width:44px;\"><\/div>\n<\/div>\n<p style=\" color:#c9c8cd; font-family:Arial,sans-serif; font-size:14px; line-height:17px; margin-bottom:0; margin-top:8px; overflow:hidden; padding:8px 0 7px; text-align:center; text-overflow:ellipsis; white-space:nowrap;\"><a href=\"https:\/\/www.instagram.com\/p\/BhZ3H_qnh42\/?utm_source=ig_embed\" style=\" color:#c9c8cd; font-family:Arial,sans-serif; font-size:14px; font-style:normal; font-weight:normal; line-height:17px; text-decoration:none;\" target=\"_blank\" rel=\"noopener noreferrer\">Ein Beitrag geteilt von SK Photography \ud83d\udcf7 (@skphotography1313)<\/a> am <time style=\" font-family:Arial,sans-serif; font-size:14px; line-height:17px;\" datetime=\"2018-04-10T20:54:57+00:00\">Apr 10, 2018 um 1:54 PDT<\/time><\/p>\n<\/div>\n<\/blockquote>\n<p><script async defer src=\"\/\/www.instagram.com\/embed.js\"><\/script><\/div>\n<h3>Die Nazi-Vergangengeit<\/h3>\n<p style=\"text-align: justify;\">Nur wenige Kilometer n\u00f6rdlich von Weimar befindet sich mit der <strong>Gedenkst\u00e4tte Buchenwald<\/strong> eine der gr\u00f6\u00dften Gedenkst\u00e4tten an die Verbrechen der Nationalsozialisten in ganz Deutschland. <\/p>\n<p style=\"text-align: justify;\">Hier wo zwischen 1937 und 1945 Hunderttausende Menschen starben, erinnern heute Ausstellungen an Folter und die Gr\u00e4uel des gr\u00f6\u00dften KZs im deutschen Reich. Nach der Befreiung der Alliierten nutzte die sowjetische Besatzungsmacht das Gel\u00e4nde als Internierungslager, bevor es anschlie\u00dfend von der DDR in eine Nationale Mahn- und Gedenkst\u00e4tte umgewandelt wurde. <\/p>\n<h3>Buchenwald heute<\/h3>\n<p style=\"text-align: justify;\">Heute erfahren Besucher hier in Ausstellungen alles \u00fcber die dunkle Vergangenheit des ehemaligen <strong>Konzentrationslagers<\/strong>. Seit April 2016 zum Beispiel in der Dauerausstellung \u201eBuchenwald. Ausgrenzung und Gewalt 1937 bis 1945\u201c. <\/p>\n<p style=\"text-align: justify;\"><span style=\"color: #20A894;\">\u00d6ffnungszeiten:  Di &#8211; So von 10.00 \u2013 18.00 Uhr | November bis M\u00e4rz: Di &#8211; So  10.00 &#8211; 16.00<\/span><\/p>\n<div class=\"tipp_center\">\n<p style=\"text-align: justify;\"><strong>Weimar im Sommer:<\/strong> Wenn die Temperaturen steigen, zieht es die jungen Studenten der Universit\u00e4tsstadt wieder auf die Stra\u00dfen in Weimars Altstadt. Auch Urlauber k\u00f6nnen hier den lauen Sommerabend auskosten. Ansonsten geht es in den Park von Tiefurt, in dem das Weimarer Sommertheater stattfindet oder zum allj\u00e4hrlichen Kunstfest. <\/p>\n<\/div>\n<hr>\n<h2>Platz 7: Das Stadtschloss<\/h2>\n<div align=\"center\">\n<blockquote class=\"instagram-media\" data-instgrm-permalink=\"https:\/\/www.instagram.com\/p\/BitN8SBh4M-\/?utm_source=ig_embed&amp;utm_medium=loading\" data-instgrm-version=\"12\" style=\" background:#FFF; border:0; border-radius:3px; box-shadow:0 0 1px 0 rgba(0,0,0,0.5),0 1px 10px 0 rgba(0,0,0,0.15); margin: 1px; max-width:540px; min-width:326px; padding:0; width:99.375%; width:-webkit-calc(100% - 2px); width:calc(100% - 2px);\">\n<div style=\"padding:16px;\"> <a href=\"https:\/\/www.instagram.com\/p\/BitN8SBh4M-\/?utm_source=ig_embed&amp;utm_medium=loading\" style=\" background:#FFFFFF; line-height:0; padding:0 0; text-align:center; text-decoration:none; width:100%;\" target=\"_blank\" rel=\"noopener noreferrer\"> <\/p>\n<div style=\" display: flex; flex-direction: row; align-items: center;\">\n<div style=\"background-color: #F4F4F4; border-radius: 50%; flex-grow: 0; height: 40px; margin-right: 14px; width: 40px;\"><\/div>\n<div style=\"display: flex; flex-direction: column; flex-grow: 1; justify-content: center;\">\n<div style=\" background-color: #F4F4F4; border-radius: 4px; flex-grow: 0; height: 14px; margin-bottom: 6px; width: 100px;\"><\/div>\n<div style=\" background-color: #F4F4F4; border-radius: 4px; flex-grow: 0; height: 14px; width: 60px;\"><\/div>\n<\/div>\n<\/div>\n<div style=\"padding: 19% 0;\"><\/div>\n<div style=\"display:block; height:50px; margin:0 auto 12px; width:50px;\"><svg width=\"50px\" height=\"50px\" viewBox=\"0 0 60 60\" version=\"1.1\" xmlns=\"https:\/\/www.w3.org\/2000\/svg\" xmlns:xlink=\"https:\/\/www.w3.org\/1999\/xlink\"><g stroke=\"none\" stroke-width=\"1\" fill=\"none\" fill-rule=\"evenodd\"><g transform=\"translate(-511.000000, -20.000000)\" fill=\"#000000\"><g><path d=\"M556.869,30.41 C554.814,30.41 553.148,32.076 553.148,34.131 C553.148,36.186 554.814,37.852 556.869,37.852 C558.924,37.852 560.59,36.186 560.59,34.131 C560.59,32.076 558.924,30.41 556.869,30.41 M541,60.657 C535.114,60.657 530.342,55.887 530.342,50 C530.342,44.114 535.114,39.342 541,39.342 C546.887,39.342 551.658,44.114 551.658,50 C551.658,55.887 546.887,60.657 541,60.657 M541,33.886 C532.1,33.886 524.886,41.1 524.886,50 C524.886,58.899 532.1,66.113 541,66.113 C549.9,66.113 557.115,58.899 557.115,50 C557.115,41.1 549.9,33.886 541,33.886 M565.378,62.101 C565.244,65.022 564.756,66.606 564.346,67.663 C563.803,69.06 563.154,70.057 562.106,71.106 C561.058,72.155 560.06,72.803 558.662,73.347 C557.607,73.757 556.021,74.244 553.102,74.378 C549.944,74.521 548.997,74.552 541,74.552 C533.003,74.552 532.056,74.521 528.898,74.378 C525.979,74.244 524.393,73.757 523.338,73.347 C521.94,72.803 520.942,72.155 519.894,71.106 C518.846,70.057 518.197,69.06 517.654,67.663 C517.244,66.606 516.755,65.022 516.623,62.101 C516.479,58.943 516.448,57.996 516.448,50 C516.448,42.003 516.479,41.056 516.623,37.899 C516.755,34.978 517.244,33.391 517.654,32.338 C518.197,30.938 518.846,29.942 519.894,28.894 C520.942,27.846 521.94,27.196 523.338,26.654 C524.393,26.244 525.979,25.756 528.898,25.623 C532.057,25.479 533.004,25.448 541,25.448 C548.997,25.448 549.943,25.479 553.102,25.623 C556.021,25.756 557.607,26.244 558.662,26.654 C560.06,27.196 561.058,27.846 562.106,28.894 C563.154,29.942 563.803,30.938 564.346,32.338 C564.756,33.391 565.244,34.978 565.378,37.899 C565.522,41.056 565.552,42.003 565.552,50 C565.552,57.996 565.522,58.943 565.378,62.101 M570.82,37.631 C570.674,34.438 570.167,32.258 569.425,30.349 C568.659,28.377 567.633,26.702 565.965,25.035 C564.297,23.368 562.623,22.342 560.652,21.575 C558.743,20.834 556.562,20.326 553.369,20.18 C550.169,20.033 549.148,20 541,20 C532.853,20 531.831,20.033 528.631,20.18 C525.438,20.326 523.257,20.834 521.349,21.575 C519.376,22.342 517.703,23.368 516.035,25.035 C514.368,26.702 513.342,28.377 512.574,30.349 C511.834,32.258 511.326,34.438 511.181,37.631 C511.035,40.831 511,41.851 511,50 C511,58.147 511.035,59.17 511.181,62.369 C511.326,65.562 511.834,67.743 512.574,69.651 C513.342,71.625 514.368,73.296 516.035,74.965 C517.703,76.634 519.376,77.658 521.349,78.425 C523.257,79.167 525.438,79.673 528.631,79.82 C531.831,79.965 532.853,80.001 541,80.001 C549.148,80.001 550.169,79.965 553.369,79.82 C556.562,79.673 558.743,79.167 560.652,78.425 C562.623,77.658 564.297,76.634 565.965,74.965 C567.633,73.296 568.659,71.625 569.425,69.651 C570.167,67.743 570.674,65.562 570.82,62.369 C570.966,59.17 571,58.147 571,50 C571,41.851 570.966,40.831 570.82,37.631\"><\/path><\/g><\/g><\/g><\/svg><\/div>\n<div style=\"padding-top: 8px;\">\n<div style=\" color:#3897f0; font-family:Arial,sans-serif; font-size:14px; font-style:normal; font-weight:550; line-height:18px;\"> Sieh dir diesen Beitrag auf Instagram an<\/div>\n<\/div>\n<div style=\"padding: 12.5% 0;\"><\/div>\n<div style=\"display: flex; flex-direction: row; margin-bottom: 14px; align-items: center;\">\n<div>\n<div style=\"background-color: #F4F4F4; border-radius: 50%; height: 12.5px; width: 12.5px; transform: translateX(0px) translateY(7px);\"><\/div>\n<div style=\"background-color: #F4F4F4; height: 12.5px; transform: rotate(-45deg) translateX(3px) translateY(1px); width: 12.5px; flex-grow: 0; margin-right: 14px; margin-left: 2px;\"><\/div>\n<div style=\"background-color: #F4F4F4; border-radius: 50%; height: 12.5px; width: 12.5px; transform: translateX(9px) translateY(-18px);\"><\/div>\n<\/div>\n<div style=\"margin-left: 8px;\">\n<div style=\" background-color: #F4F4F4; border-radius: 50%; flex-grow: 0; height: 20px; width: 20px;\"><\/div>\n<div style=\" width: 0; height: 0; border-top: 2px solid transparent; border-left: 6px solid #f4f4f4; border-bottom: 2px solid transparent; transform: translateX(16px) translateY(-4px) rotate(30deg)\"><\/div>\n<\/div>\n<div style=\"margin-left: auto;\">\n<div style=\" width: 0px; border-top: 8px solid #F4F4F4; border-right: 8px solid transparent; transform: translateY(16px);\"><\/div>\n<div style=\" background-color: #F4F4F4; flex-grow: 0; height: 12px; width: 16px; transform: translateY(-4px);\"><\/div>\n<div style=\" width: 0; height: 0; border-top: 8px solid #F4F4F4; border-left: 8px solid transparent; transform: translateY(-4px) translateX(8px);\"><\/div>\n<\/div>\n<\/div>\n<div style=\"display: flex; flex-direction: column; flex-grow: 1; justify-content: center; margin-bottom: 24px;\">\n<div style=\" background-color: #F4F4F4; border-radius: 4px; flex-grow: 0; height: 14px; margin-bottom: 6px; width: 224px;\"><\/div>\n<div style=\" background-color: #F4F4F4; border-radius: 4px; flex-grow: 0; height: 14px; width: 144px;\"><\/div>\n<\/div>\n<p><\/a><\/p>\n<p style=\" color:#c9c8cd; font-family:Arial,sans-serif; font-size:14px; line-height:17px; margin-bottom:0; margin-top:8px; overflow:hidden; padding:8px 0 7px; text-align:center; text-overflow:ellipsis; white-space:nowrap;\"><a href=\"https:\/\/www.instagram.com\/p\/BitN8SBh4M-\/?utm_source=ig_embed&amp;utm_medium=loading\" style=\" color:#c9c8cd; font-family:Arial,sans-serif; font-size:14px; font-style:normal; font-weight:normal; line-height:17px; text-decoration:none;\" target=\"_blank\" rel=\"noopener noreferrer\">Ein Beitrag geteilt von Klassik Stiftung Weimar (@klassikstiftung)<\/a> am <time style=\" font-family:Arial,sans-serif; font-size:14px; line-height:17px;\" datetime=\"2018-05-13T05:51:18+00:00\">Mai 12, 2018 um 10:51 PDT<\/time><\/p>\n<\/div>\n<\/blockquote>\n<p> <script async src=\"\/\/www.instagram.com\/embed.js\"><\/script><\/p>\n<p style=\"text-align: justify;\">Fr\u00fcher <strong>Regierungssitz<\/strong> und Wohnst\u00e4tte der Herz\u00f6ge, ist das <strong>Stadtschloss<\/strong> heute ein beliebter Anlaufpunkt f\u00fcr Urlauber und Weimarer. <\/p>\n<h3>Cranach-Galerie<\/h3>\n<p style=\"text-align: justify;\">Bereits im Jahr 1913 wurde die barocke, dreigeschossige Schlossanlage fertiggestellt. Heute befinden sich hier einige der bedeutendsten Kunstausstellungen der Stadt in der <strong>Cranach-Galerie<\/strong>. Zu finden sind unter anderem Werke von Cranach, D\u00fcrer sowie Kunstwerke aus der deutschen Romantik und des Klassizismus. <\/p>\n<p style=\"text-align: justify;\">Beeindruckend sind aber auch R\u00e4ume des Schlosses selbst. So geh\u00f6ren der Festsaal, das gro\u00dfe Treppenhaus und die gro\u00dfe Galerie zu den sch\u00f6nsten Prunkr\u00e4umen Europas. <\/p>\n<p style=\"text-align: justify;\">Direkt hinter dem Schloss erstreckt sich der Park an der Ilm mit Goethes ber\u00fchmten Gartenhaus. <\/p>\n<div class=\"tipp_center\"><strong>Achtung!<\/strong> Das Schloss ist voraussichtlich bis Juli 2013 wegen Gesamtinstandsetzung komplett geschlossen.<\/div>\n<hr>\n<h2>Platz 8: Park an der Ilm<\/h2>\n<div align=\"center\">\n<blockquote class=\"instagram-media\" style=\"background: #FFF; border: 0; border-radius: 3px; box-shadow: 0 0 1px 0 rgba(0,0,0,0.5),0 1px 10px 0 rgba(0,0,0,0.15); margin: 1px; max-width: 658px; padding: 0; width: calc(100% - 2px);\" data-instgrm-captioned=\"\" data-instgrm-version=\"7\">\n<div style=\"padding: 8px;\">\n<div style=\"background: #F8F8F8; line-height: 0; margin-top: 40px; padding: 62.4537037037% 0; text-align: center; width: 100%;\">\n<\/div>\n<p style=\"margin: 8px 0 0 0; padding: 0 4px;\"><a style=\"color: #000; font-family: Arial,sans-serif; font-size: 14px; font-style: normal; font-weight: normal; line-height: 17px; text-decoration: none; word-wrap: break-word;\" href=\"https:\/\/www.instagram.com\/p\/BLlEgULhgao\/\" target=\"_blank\" rel=\"noopener noreferrer\"><\/a><\/p>\n<p style=\"color: #c9c8cd; font-family: Arial,sans-serif; font-size: 14px; line-height: 17px; margin-bottom: 0; margin-top: 8px; overflow: hidden; padding: 8px 0 7px; text-align: center; text-overflow: ellipsis; white-space: nowrap;\">Ein von Steve (@decades_of_life) gepostetes Foto am <time style=\"font-family: Arial,sans-serif; font-size: 14px; line-height: 17px;\" datetime=\"2016-10-15T09:52:51+00:00\">15. Okt 2016 um 2:52 Uhr<\/time><\/p>\n<\/div>\n<\/blockquote>\n<p><script async defer src=\"\/\/platform.instagram.com\/en_US\/embeds.js\"><\/script><\/div>\n<p style=\"text-align: justify;\">Gr\u00fcnfl\u00e4chen und Parks gibt es in Weimar reichlich. Schon vor 150 Jahren hielt der Schriftsteller Adolf Stahr fest:<\/p>\n<blockquote><p>\u201eWeimar ist eigentlich ein Park, in welchem eine Stadt liegt\u201c.<\/p><\/blockquote>\n<p style=\"text-align: justify;\">Und noch heute wird deutlich, was er damit meinte. Weimar ist eben nicht nur eine Stadt der Dichter und Denker, sondern auch der G\u00e4rten. In die zog es dann auch Goethe, Schiller und Herder, die hier Inspiration und Ruhe fanden.<\/p>\n<h3>Der gr\u00f6\u00dfte Park Weimers<\/h3>\n<p style=\"text-align: justify;\">Drei Landschaftsparks pr\u00e4gen das Stadtbild rund um die Ilm. Der gr\u00f6\u00dfte und beliebteste unter ihnen ist zweifellos der <strong>Park an der Ilm<\/strong>, auch Goethe-Park genannt. Immerhin war er auch Standort f\u00fcr Goethes Sommerhaus mit Blick auf den Flusslauf. Goethe war auch ma\u00dfgeblich an der Gestaltung des Stadtparks beteiligt, lie\u00df Blumen und Pflanzen einpflanzen und Gehwege erweitern. <\/p>\n<p style=\"text-align: justify;\">Legend\u00e4r ist der Weg, der vom Haus der Frau von Stein bis zu seinem Gartenhaus f\u00fchrte. Aber auch das R\u00f6mische Haus, der erste klassizistische Bau Weimars finden Besucher im Park an der Ilm. <\/p>\n<div class=\"tipp_center\"><strong>Tipp:<\/strong> Wer auf den Geschmack gekommen ist, sollte seine G\u00e4rten-Tour im <strong>Tiefurter Park<\/strong> fortsetzen \u2013 f\u00fcr viele der sch\u00f6nste Landschaftspark Weimars.<\/div>\n<hr>\n<h2>Platz 9: Die Herzogin Anna Amalia Bibliothek<\/h2>\n<div align=\"center\">\n<blockquote class=\"instagram-media\" data-instgrm-permalink=\"https:\/\/www.instagram.com\/p\/BlYVDnwB9CX\/?utm_source=ig_embed\" data-instgrm-version=\"9\" style=\" background:#FFF; border:0; border-radius:3px; box-shadow:0 0 1px 0 rgba(0,0,0,0.5),0 1px 10px 0 rgba(0,0,0,0.15); margin: 1px; max-width:540px; min-width:326px; padding:0; width:99.375%; width:-webkit-calc(100% - 2px); width:calc(100% - 2px);\">\n<div style=\"padding:8px;\">\n<div style=\" background:#F8F8F8; line-height:0; margin-top:40px; padding:37.4537037037037% 0; text-align:center; width:100%;\">\n<div style=\" background:url(data:image\/png;base64,iVBORw0KGgoAAAANSUhEUgAAACwAAAAsCAMAAAApWqozAAAABGdBTUEAALGPC\/xhBQAAAAFzUkdCAK7OHOkAAAAMUExURczMzPf399fX1+bm5mzY9AMAAADiSURBVDjLvZXbEsMgCES5\/P8\/t9FuRVCRmU73JWlzosgSIIZURCjo\/ad+EQJJB4Hv8BFt+IDpQoCx1wjOSBFhh2XssxEIYn3ulI\/6MNReE07UIWJEv8UEOWDS88LY97kqyTliJKKtuYBbruAyVh5wOHiXmpi5we58Ek028czwyuQdLKPG1Bkb4NnM+VeAnfHqn1k4+GPT6uGQcvu2h2OVuIf\/gWUFyy8OWEpdyZSa3aVCqpVoVvzZZ2VTnn2wU8qzVjDDetO90GSy9mVLqtgYSy231MxrY6I2gGqjrTY0L8fxCxfCBbhWrsYYAAAAAElFTkSuQmCC); display:block; height:44px; margin:0 auto -44px; position:relative; top:-22px; width:44px;\"><\/div>\n<\/div>\n<p style=\" color:#c9c8cd; font-family:Arial,sans-serif; font-size:14px; line-height:17px; margin-bottom:0; margin-top:8px; overflow:hidden; padding:8px 0 7px; text-align:center; text-overflow:ellipsis; white-space:nowrap;\"><a href=\"https:\/\/www.instagram.com\/p\/BlYVDnwB9CX\/?utm_source=ig_embed\" style=\" color:#c9c8cd; font-family:Arial,sans-serif; font-size:14px; font-style:normal; font-weight:normal; line-height:17px; text-decoration:none;\" target=\"_blank\" rel=\"noopener noreferrer\">Ein Beitrag geteilt von Harald Alff (@harald_alff)<\/a> am <time style=\" font-family:Arial,sans-serif; font-size:14px; line-height:17px;\" datetime=\"2018-07-18T16:43:36+00:00\">Jul 18, 2018 um 9:43 PDT<\/time><\/p>\n<\/div>\n<\/blockquote>\n<p><script async defer src=\"\/\/www.instagram.com\/embed.js\"><\/script><\/div>\n<p style=\"text-align: justify;\">Nicht nur was f\u00fcr B\u00fccherw\u00fcrmer. Unsere n\u00e4chste <strong>Weimar Sehensw\u00fcrdigkeit<\/strong> ist eine der \u00e4ltesten und bekanntesten Bibliotheken des Landes. <\/p>\n<p style=\"text-align: justify;\">Die <strong>Herzogin Anna Amalia Bibliothek<\/strong> verdankt ihrem Ruhm ihrer Namensgeberin, aber auch Carl August sowie Johann Wolfgang von Goethe, der hier als Bibliothekar arbeitete. <\/p>\n<h3>Das verheerende Feuer<\/h3>\n<p style=\"text-align: justify;\">Bekannt wurde sie aber durch das verheerende Feuer im Jahr 2004, in dem alleine 50.000 B\u00fccher und zahlreiche Kunstwerke den Flammen zum Opfer fielen. Zw\u00f6lf Jahre sp\u00e4ter deutet im Rokokosaal nichts mehr auf dieses Ereignis hin. Stattdessen zieht es wieder Tausende Menschen in das Gr\u00fcne Schloss. <\/p>\n<div class=\"tipp_center\"><strong>Tipp:<\/strong> Die Besucherzahl f\u00fcr Rokokosaal ist aus konservatorischen Gr\u00fcnden limitiert. Es lohnt sich daher die Karten vorzubestellen, da die Nachfrage dennoch sehr gro\u00df ist. Karten f\u00fcr den <strong>Renaissancesaal<\/strong> zu erhalten, ist etwas unkomplizierter, aber auch hier lohnt eine fr\u00fchzeitige Anfrage.<\/div>\n<hr>\n<h2>Platz 10: Weimar-Haus<\/h2>\n<div align=\"center\">\n<blockquote class=\"instagram-media\" data-instgrm-permalink=\"https:\/\/www.instagram.com\/p\/BRqz9HSjH-r\/\" data-instgrm-version=\"12\" style=\" background:#FFF; border:0; border-radius:3px; box-shadow:0 0 1px 0 rgba(0,0,0,0.5),0 1px 10px 0 rgba(0,0,0,0.15); margin: 1px; max-width:540px; min-width:326px; padding:0; width:99.375%; width:-webkit-calc(100% - 2px); width:calc(100% - 2px);\">\n<div style=\"padding:16px;\"> <a href=\"https:\/\/www.instagram.com\/p\/BRqz9HSjH-r\/\" style=\" background:#FFFFFF; line-height:0; padding:0 0; text-align:center; text-decoration:none; width:100%;\" target=\"_blank\" rel=\"noopener noreferrer\"> <\/p>\n<div style=\" display: flex; flex-direction: row; align-items: center;\">\n<div style=\"background-color: #F4F4F4; border-radius: 50%; flex-grow: 0; height: 40px; margin-right: 14px; width: 40px;\"><\/div>\n<div style=\"display: flex; flex-direction: column; flex-grow: 1; justify-content: center;\">\n<div style=\" background-color: #F4F4F4; border-radius: 4px; flex-grow: 0; height: 14px; margin-bottom: 6px; width: 100px;\"><\/div>\n<div style=\" background-color: #F4F4F4; border-radius: 4px; flex-grow: 0; height: 14px; width: 60px;\"><\/div>\n<\/div>\n<\/div>\n<div style=\"padding: 19% 0;\"><\/div>\n<div style=\"display:block; height:50px; margin:0 auto 12px; width:50px;\"><svg width=\"50px\" height=\"50px\" viewBox=\"0 0 60 60\" version=\"1.1\" xmlns=\"https:\/\/www.w3.org\/2000\/svg\" xmlns:xlink=\"https:\/\/www.w3.org\/1999\/xlink\"><g stroke=\"none\" stroke-width=\"1\" fill=\"none\" fill-rule=\"evenodd\"><g transform=\"translate(-511.000000, -20.000000)\" fill=\"#000000\"><g><path d=\"M556.869,30.41 C554.814,30.41 553.148,32.076 553.148,34.131 C553.148,36.186 554.814,37.852 556.869,37.852 C558.924,37.852 560.59,36.186 560.59,34.131 C560.59,32.076 558.924,30.41 556.869,30.41 M541,60.657 C535.114,60.657 530.342,55.887 530.342,50 C530.342,44.114 535.114,39.342 541,39.342 C546.887,39.342 551.658,44.114 551.658,50 C551.658,55.887 546.887,60.657 541,60.657 M541,33.886 C532.1,33.886 524.886,41.1 524.886,50 C524.886,58.899 532.1,66.113 541,66.113 C549.9,66.113 557.115,58.899 557.115,50 C557.115,41.1 549.9,33.886 541,33.886 M565.378,62.101 C565.244,65.022 564.756,66.606 564.346,67.663 C563.803,69.06 563.154,70.057 562.106,71.106 C561.058,72.155 560.06,72.803 558.662,73.347 C557.607,73.757 556.021,74.244 553.102,74.378 C549.944,74.521 548.997,74.552 541,74.552 C533.003,74.552 532.056,74.521 528.898,74.378 C525.979,74.244 524.393,73.757 523.338,73.347 C521.94,72.803 520.942,72.155 519.894,71.106 C518.846,70.057 518.197,69.06 517.654,67.663 C517.244,66.606 516.755,65.022 516.623,62.101 C516.479,58.943 516.448,57.996 516.448,50 C516.448,42.003 516.479,41.056 516.623,37.899 C516.755,34.978 517.244,33.391 517.654,32.338 C518.197,30.938 518.846,29.942 519.894,28.894 C520.942,27.846 521.94,27.196 523.338,26.654 C524.393,26.244 525.979,25.756 528.898,25.623 C532.057,25.479 533.004,25.448 541,25.448 C548.997,25.448 549.943,25.479 553.102,25.623 C556.021,25.756 557.607,26.244 558.662,26.654 C560.06,27.196 561.058,27.846 562.106,28.894 C563.154,29.942 563.803,30.938 564.346,32.338 C564.756,33.391 565.244,34.978 565.378,37.899 C565.522,41.056 565.552,42.003 565.552,50 C565.552,57.996 565.522,58.943 565.378,62.101 M570.82,37.631 C570.674,34.438 570.167,32.258 569.425,30.349 C568.659,28.377 567.633,26.702 565.965,25.035 C564.297,23.368 562.623,22.342 560.652,21.575 C558.743,20.834 556.562,20.326 553.369,20.18 C550.169,20.033 549.148,20 541,20 C532.853,20 531.831,20.033 528.631,20.18 C525.438,20.326 523.257,20.834 521.349,21.575 C519.376,22.342 517.703,23.368 516.035,25.035 C514.368,26.702 513.342,28.377 512.574,30.349 C511.834,32.258 511.326,34.438 511.181,37.631 C511.035,40.831 511,41.851 511,50 C511,58.147 511.035,59.17 511.181,62.369 C511.326,65.562 511.834,67.743 512.574,69.651 C513.342,71.625 514.368,73.296 516.035,74.965 C517.703,76.634 519.376,77.658 521.349,78.425 C523.257,79.167 525.438,79.673 528.631,79.82 C531.831,79.965 532.853,80.001 541,80.001 C549.148,80.001 550.169,79.965 553.369,79.82 C556.562,79.673 558.743,79.167 560.652,78.425 C562.623,77.658 564.297,76.634 565.965,74.965 C567.633,73.296 568.659,71.625 569.425,69.651 C570.167,67.743 570.674,65.562 570.82,62.369 C570.966,59.17 571,58.147 571,50 C571,41.851 570.966,40.831 570.82,37.631\"><\/path><\/g><\/g><\/g><\/svg><\/div>\n<div style=\"padding-top: 8px;\">\n<div style=\" color:#3897f0; font-family:Arial,sans-serif; font-size:14px; font-style:normal; font-weight:550; line-height:18px;\"> Sieh dir diesen Beitrag auf Instagram an<\/div>\n<\/div>\n<div style=\"padding: 12.5% 0;\"><\/div>\n<div style=\"display: flex; flex-direction: row; margin-bottom: 14px; align-items: center;\">\n<div>\n<div style=\"background-color: #F4F4F4; border-radius: 50%; height: 12.5px; width: 12.5px; transform: translateX(0px) translateY(7px);\"><\/div>\n<div style=\"background-color: #F4F4F4; height: 12.5px; transform: rotate(-45deg) translateX(3px) translateY(1px); width: 12.5px; flex-grow: 0; margin-right: 14px; margin-left: 2px;\"><\/div>\n<div style=\"background-color: #F4F4F4; border-radius: 50%; height: 12.5px; width: 12.5px; transform: translateX(9px) translateY(-18px);\"><\/div>\n<\/div>\n<div style=\"margin-left: 8px;\">\n<div style=\" background-color: #F4F4F4; border-radius: 50%; flex-grow: 0; height: 20px; width: 20px;\"><\/div>\n<div style=\" width: 0; height: 0; border-top: 2px solid transparent; border-left: 6px solid #f4f4f4; border-bottom: 2px solid transparent; transform: translateX(16px) translateY(-4px) rotate(30deg)\"><\/div>\n<\/div>\n<div style=\"margin-left: auto;\">\n<div style=\" width: 0px; border-top: 8px solid #F4F4F4; border-right: 8px solid transparent; transform: translateY(16px);\"><\/div>\n<div style=\" background-color: #F4F4F4; flex-grow: 0; height: 12px; width: 16px; transform: translateY(-4px);\"><\/div>\n<div style=\" width: 0; height: 0; border-top: 8px solid #F4F4F4; border-left: 8px solid transparent; transform: translateY(-4px) translateX(8px);\"><\/div>\n<\/div>\n<\/div>\n<div style=\"display: flex; flex-direction: column; flex-grow: 1; justify-content: center; margin-bottom: 24px;\">\n<div style=\" background-color: #F4F4F4; border-radius: 4px; flex-grow: 0; height: 14px; margin-bottom: 6px; width: 224px;\"><\/div>\n<div style=\" background-color: #F4F4F4; border-radius: 4px; flex-grow: 0; height: 14px; width: 144px;\"><\/div>\n<\/div>\n<p><\/a><\/p>\n<p style=\" color:#c9c8cd; font-family:Arial,sans-serif; font-size:14px; line-height:17px; margin-bottom:0; margin-top:8px; overflow:hidden; padding:8px 0 7px; text-align:center; text-overflow:ellipsis; white-space:nowrap;\"><a href=\"https:\/\/www.instagram.com\/p\/BRqz9HSjH-r\/\" style=\" color:#c9c8cd; font-family:Arial,sans-serif; font-size:14px; font-style:normal; font-weight:normal; line-height:17px; text-decoration:none;\" target=\"_blank\" rel=\"noopener noreferrer\">Ein Beitrag geteilt von Yana Che Guevara (@cherevataya)<\/a> am <time style=\" font-family:Arial,sans-serif; font-size:14px; line-height:17px;\" datetime=\"2017-03-15T18:32:02+00:00\">M\u00e4r 15, 2017 um 11:32 PDT<\/time><\/p>\n<\/div>\n<\/blockquote>\n<p> <script async src=\"\/\/www.instagram.com\/embed.js\"><\/script><\/p>\n<h3>Das etwas andere Geschichtsmuseum<\/h3>\n<p style=\"text-align: justify;\">Auf eine Zeitreise in die Zeit der Klassiker begeben sich die Besucher dieser <strong>Weimar Sehensw\u00fcrdigkeit<\/strong>. <\/p>\n<p style=\"text-align: justify;\">Das <strong>Weimar-Haus<\/strong> macht Geschichte wieder lebendig. Das erleben Weimar-Besucher ab der ersten Sekunde. Dabei geht es von der Fr\u00fchzeit bis in das Weimar Goethes. <\/p>\n<h3>Mittendrin statt nur dabei<\/h3>\n<p style=\"text-align: justify;\">W\u00e4hrend des Programmablaufes durchlaufen Sie verschiedene Szenerien, in denen mit Hilfe von Rundumkulissen mit Wachsfiguren von Madame Tussauds und Spezialeffekten die Geschichte der Stadt erlebbar wird. Von der ersten Sekunde befinden Sie sich hier scheinbar inmitten der wichtigsten Ereignisse der Stadt Weimar aus 5000 Jahren.  <\/p>\n<p style=\"text-align: justify;\"><span style=\"color: #20A894;\">\u00d6ffnungszeiten: T\u00e4glich von 09.30 \u2013 18.00 Uhr | Eintritt: Familien bekommen eine erhebliche Erm\u00e4\u00dfigung.<\/span><\/p>\n<div class=\"tipp_center\"><strong>Tipp: <\/strong>Im Museum befindet sich ein gro\u00dfer Souvenir-Shop, in dem Sie zahlreiche Andenken an Ihren Besuch in Weimar k\u00e4uflich erwerbe k\u00f6nnen. <\/div>\n<hr>\n<p>&nbsp;<\/p>\n<h2>Die Top 10 Weimar Sehensw\u00fcrdigkeiten auf den Punkt gebracht<\/h2>\n<p>Weimar ist eine gro\u00dfartige deutsche Stadt mit sehr viel Geschichte, die Sie in zahlreichen Museen und historischen Geb\u00e4uden der Stadt entdecken k\u00f6nnen. Doch die &#8222;Gr\u00fcne Stadt&#8220; \u00fcberrascht auch mit wundervollen Parks und Gartenanlagen, an den auch von Goethe mitgestaltet hat. <\/p>\n<p style=\"text-align: justify;\">Der Kontrast zwischen einer beindruckenden Bibliothek und dem ehemaligen Konzentrationslager Buchenwald k\u00f6nnte kaum gr\u00f6\u00dfer sein. Doch gerade dieser Kontrast spiegelt am besten die lange, ereignisreiche Geschichte des alten Weimar wider. <\/p>\n<p style=\"text-align: justify;\">Welche unserer Top 10 Sehensw\u00fcrdigkeiten Weimar k\u00f6nnte Ihre werden? Besuchen Sie die Stadt und finden Sie es heraus. <\/p>\n<div id=\"gyg-widget-2\"><\/div>\n<p><script async defer src=\"\/\/widget.getyourguide.com\/v2\/core.js\" onload=\"GYG.Widget(document.getElementById('gyg-widget-2'),{'q':'Weimar','cmp':'Weimar_bottom','currency':'EUR','localeCode':'de-DE','numberOfItems':'3','partnerId':'RYV446M'});\"><\/script><a href=\"https:\/\/www.getyourguide.de\/s\/?partner_id=RYV446M&#038;cmp=Weimar_seemore&#038;q=Weimar\" target=\"_blank\" rel=\"nofollow noopener noreferrer\" class=\"gyg-see-all\">\u00bb Alle Angebote ansehen<\/a><br \/>\n&nbsp;<\/p>\n<h2>Weimar: Die wichtigsten Zahlen und Fakten im \u00dcberblick<\/h2>\n<div class=\"intro\">\n<ul>\n<li><strong>Bundesland:<\/strong> Th\u00fcringen  <\/li>\n<li><strong>Einwohner:<\/strong> ca. 64.500 <\/li>\n<li><strong>Gr\u00f6\u00dfe:<\/strong> 84,48 km\u00b2<\/li>\n<li><strong>Sprache:<\/strong> deutsch <\/li>\n<li><strong>W\u00e4hrung:<\/strong> Euro <\/li>\n<li><strong>Zeitzone:<\/strong> Westeurop\u00e4ische Sommerzeit (UTC +1) <\/li>\n<li><strong>Durchschnittstemperatur im Sommer:<\/strong> 14\u00b0C <\/li>\n<li><strong>Durchschnittstemperatur im Winter:<\/strong> 2,7\u00b0C <\/li>\n<\/ul>\n<\/div>\n<p>&nbsp;<\/p>\n<h2>Diese Sehensw\u00fcrdigkeiten in der Umgebung k\u00f6nnten Sie auch interessieren:<\/h2>\n<ol>\n1. <a href=\"https:\/\/www.travelcircus.de\/urlaubsziele\/sehenswuerdigkeiten-erfurt\/\" rel=\"noopener noreferrer\" target=\"_blank\">Sehensw\u00fcrdigkeiten Erfurt<\/a><br \/>\n2. <a href=\"https:\/\/www.travelcircus.de\/urlaubsziele\/top-10-sehenswuerdigkeiten-leipzig\/\" rel=\"noopener noreferrer\" target=\"_blank\">Sehensw\u00fcrdigkeiten in Leipzig<\/a><br \/>\n3. <a href=\"https:\/\/www.travelcircus.de\/urlaubsziele\/ausflugsziel-thueringen\/\" rel=\"noopener noreferrer\" target=\"_blank\">Ausflugsziel Th\u00fcringen<\/a>\n<\/ol>\n","protected":false},"excerpt":{"rendered":"<p>Th\u00fcringer Wurst, gr\u00fcne Parklandschaften und immer wieder Goethe. Das alles erwartet Urlauber bei einer St\u00e4dtereise in der Universit\u00e4tsstadt Weimar. Weimar lockt seit jeher nicht nur K\u00fcnstler und Literaten, sondern auch zahlreiche Touristen, die sich von den Sehensw\u00fcrdigkeiten und dem unaufgeregten Charme der Stad gefangen nehmen lassen. Vor allem Goethes Geburtshaus, das Bauhaus Museum und das &#8230; <a title=\"Weimar Sehensw\u00fcrdigkeiten: Die Top 10 der Kulturstadt\" class=\"read-more\" href=\"https:\/\/www.travelcircus.de\/urlaubsziele\/weimar-sehenswuerdigkeiten\/\" aria-label=\"Mehr Informationen \u00fcber Weimar Sehensw\u00fcrdigkeiten: Die Top 10 der Kulturstadt\">mehr lesen.<\/a><\/p>\n","protected":false},"author":5,"featured_media":9352,"comment_status":"open","ping_status":"open","sticky":false,"template":"","format":"standard","meta":{"footnotes":""},"categories":[5,6],"tags":[95],"class_list":["post-9343","post","type-post","status-publish","format-standard","has-post-thumbnail","hentry","category-sehenswuerdigkeiten","category-sehenswuerdigkeiten-deutschland","tag-gyg"],"_links":{"self":[{"href":"https:\/\/www.travelcircus.de\/urlaubsziele\/wp-json\/wp\/v2\/posts\/9343","targetHints":{"allow":["GET"]}}],"collection":[{"href":"https:\/\/www.travelcircus.de\/urlaubsziele\/wp-json\/wp\/v2\/posts"}],"about":[{"href":"https:\/\/www.travelcircus.de\/urlaubsziele\/wp-json\/wp\/v2\/types\/post"}],"author":[{"embeddable":true,"href":"https:\/\/www.travelcircus.de\/urlaubsziele\/wp-json\/wp\/v2\/users\/5"}],"replies":[{"embeddable":true,"href":"https:\/\/www.travelcircus.de\/urlaubsziele\/wp-json\/wp\/v2\/comments?post=9343"}],"version-history":[{"count":0,"href":"https:\/\/www.travelcircus.de\/urlaubsziele\/wp-json\/wp\/v2\/posts\/9343\/revisions"}],"wp:featuredmedia":[{"embeddable":true,"href":"https:\/\/www.travelcircus.de\/urlaubsziele\/wp-json\/wp\/v2\/media\/9352"}],"wp:attachment":[{"href":"https:\/\/www.travelcircus.de\/urlaubsziele\/wp-json\/wp\/v2\/media?parent=9343"}],"wp:term":[{"taxonomy":"category","embeddable":true,"href":"https:\/\/www.travelcircus.de\/urlaubsziele\/wp-json\/wp\/v2\/categories?post=9343"},{"taxonomy":"post_tag","embeddable":true,"href":"https:\/\/www.travelcircus.de\/urlaubsziele\/wp-json\/wp\/v2\/tags?post=9343"}],"curies":[{"name":"wp","href":"https:\/\/api.w.org\/{rel}","templated":true}]}}