{"id":9631,"date":"2017-01-03T09:43:53","date_gmt":"2017-01-03T08:43:53","guid":{"rendered":"https:\/\/www.travelcircus.de\/urlaubsziele\/?p=9631"},"modified":"2024-06-09T12:26:03","modified_gmt":"2024-06-09T12:26:03","slug":"ulm-sehenswuerdigkeiten","status":"publish","type":"post","link":"https:\/\/www.travelcircus.de\/urlaubsziele\/ulm-sehenswuerdigkeiten\/","title":{"rendered":"Ulm Sehensw\u00fcrdigkeiten &#8211; Die Top 10 der beliebtesten Attraktionen"},"content":{"rendered":"<p style=\"text-align: justify;\">\u201eIn Ulm, um Ulm und um Ulm herum!\u201c Der ber\u00fchmte Zungenbrecher beschreibt bereits sehr gut, dass Ulm sowohl innerhalb als auch au\u00dferhalb seiner Stadtgrenzen jede Menge zu bieten hat. <\/p>\n<p style=\"text-align: justify;\">Hier treffen zum Beispiel ein beeindruckender Architekturmix auf historische St\u00e4tten und zahlreiche G\u00e4rten und Parks. Diese werden von tollen Museen, Theatern sowie Sammlungen von Weltrang ideal erg\u00e4nzt. <\/p>\n<p style=\"text-align: justify;\">Welche Attraktionen Sie w\u00e4hrend einer <a href=\"https:\/\/www.travelcircus.de\/staedtereisen\" rel=\"noopener\" target=\"_blank\">St\u00e4dtereise <\/a> auf keinen Fall verpassen d\u00fcrfen, verr\u00e4t Ihnen unsere <b>Top 10 der beliebtesten Ulm Sehensw\u00fcrdigkeiten<\/b>. \u00a0Also los geht\u2019s!<\/p>\n<h2>Die Top 10 Ulm Sehensw\u00fcrdigkeiten auf einen Blick<\/h2>\n<p><iframe src=\"https:\/\/www.google.com\/maps\/d\/u\/0\/embed?mid=1ZGzyDqmm09uB01JzasC_DpXglerZKkmd\" width=\"640\" height=\"480\"><\/iframe><br \/>\n&nbsp;<\/p>\n<h2>Platz 1: Ulmer M\u00fcnster<\/h2>\n<div align=\"center\">\n<blockquote class=\"instagram-media\" style=\"background: #FFF; border: 0; border-radius: 3px; box-shadow: 0 0 1px 0 rgba(0,0,0,0.5),0 1px 10px 0 rgba(0,0,0,0.15); margin: 1px; max-width: 500px; padding: 0; width: calc(100% - 2px);\" data-instgrm-version=\"7\">\n<div style=\"padding: 8px;\">\n<div style=\"background: #F8F8F8; line-height: 0; margin-top: 40px; padding: 62.5% 0; text-align: center; width: 100%;\"><\/div>\n<p style=\"color: #c9c8cd; font-family: Arial,sans-serif; font-size: 14px; line-height: 17px; margin-bottom: 0; margin-top: 8px; overflow: hidden; padding: 8px 0 7px; text-align: center; text-overflow: ellipsis; white-space: nowrap;\"><a style=\"color: #c9c8cd; font-family: Arial,sans-serif; font-size: 14px; font-style: normal; font-weight: normal; line-height: 17px; text-decoration: none;\" href=\"https:\/\/www.instagram.com\/p\/BIDi6mLDWvp\/\" target=\"_blank\" rel=\"noopener\">Ein von Sachse (@sachse.z) gepostetes Foto<\/a> am <time style=\"font-family: Arial,sans-serif; font-size: 14px; line-height: 17px;\" datetime=\"2016-07-19T19:50:13+00:00\">19. Jul 2016 um 12:50 Uhr<\/time><\/p>\n<\/div>\n<\/blockquote>\n<p><script async defer src=\"\/\/platform.instagram.com\/en_US\/embeds.js\"><\/script><\/div>\n<h3>Der h\u00f6chste Kirchenturm der Welt<\/h3>\n<p style=\"text-align: justify;\">Hoch, h\u00f6her, Ulmer M\u00fcnster! F\u00fcr Platz 1 unserer Travelcircus Top 10 Ulm Sehensw\u00fcrdigkeiten m\u00fcssen Sie hoch hinaus. <\/p>\n<p style=\"text-align: justify;\">Mit 162 m besitzt das Ulmer M\u00fcnster den h\u00f6chsten Kirchturm der Welt. Zugleich stellt das Ulmer M\u00fcnster die gr\u00f6\u00dfte evangelische Kirche Deutschlands dar. <\/p>\n<h3>Von B\u00fcrgern finanziert<\/h3>\n<p style=\"text-align: justify;\">Der Bau der imposanten Kirche begann im Jahr 1377 und verteilte sich auf eine Zeitspanne von ganzen 500 Jahren. Der profane Grund daf\u00fcr: Im Jahr 1543 fehlte das Geld f\u00fcr den Weiterbau. Denn das Ulmer M\u00fcnster wurde nicht von kirchlichen oder weltlichen Herrschern finanziert. Ausschlie\u00dflich die B\u00fcrger der Stadt kamen f\u00fcr den Bau auf. <\/p>\n<p style=\"text-align: justify;\">Allerdings war der Kirchenbau bis zu diesem Jahr beinahe abgeschlossen. Bis heute ist sie in ihrer Originalsubstanz erhalten geblieben.<\/p>\n<div class=\"tipp_center\">\n<p style=\"text-align: justify;\"><strong>Tipp:<\/strong> Wer den h\u00f6chsten Kirchturm der Welt erklimmen m\u00f6chte, muss daf\u00fcr <b>768 Stufen<\/b> zur\u00fccklegen. Zwar erreichen Sie auch dann noch nicht die Kirchturmspitze, aber die <b>Aussichtsplattform in 143 m H\u00f6he<\/b>. Der Blick von hier oben ist sagenhaft. <\/p>\n<\/div>\n<hr>\n<h2>Platz 2: Fischerviertel<\/h2>\n<div align=\"center\">\n<blockquote class=\"instagram-media\" style=\"background: #FFF; border: 0; border-radius: 3px; box-shadow: 0 0 1px 0 rgba(0,0,0,0.5),0 1px 10px 0 rgba(0,0,0,0.15); margin: 1px; max-width: 500px; padding: 0; width: calc(100% - 2px);\" data-instgrm-version=\"7\">\n<div style=\"padding: 8px;\">\n<div style=\"background: #F8F8F8; line-height: 0; margin-top: 40px; padding: 50.0% 0; text-align: center; width: 100%;\"><\/div>\n<p style=\"color: #c9c8cd; font-family: Arial,sans-serif; font-size: 14px; line-height: 17px; margin-bottom: 0; margin-top: 8px; overflow: hidden; padding: 8px 0 7px; text-align: center; text-overflow: ellipsis; white-space: nowrap;\"><a style=\"color: #c9c8cd; font-family: Arial,sans-serif; font-size: 14px; font-style: normal; font-weight: normal; line-height: 17px; text-decoration: none;\" href=\"https:\/\/www.instagram.com\/p\/3i_Qusj6kg\/\" target=\"_blank\" rel=\"noopener\">Ein von Ulm\/Neu-Ulm Touristik GmbH (@ulm_touristinfo) gepostetes Foto<\/a> am <time style=\"font-family: Arial,sans-serif; font-size: 14px; line-height: 17px;\" datetime=\"2015-06-05T12:00:40+00:00\">5. Jun 2015 um 5:00 Uhr<\/time><\/p>\n<\/div>\n<\/blockquote>\n<p><script async defer src=\"\/\/platform.instagram.com\/en_US\/embeds.js\"><\/script><\/div>\n<p style=\"text-align: justify;\">Einen Hauch von l\u00e4ngst vergangenen Zeiten verspr\u00fcht Platz 2 unserer <strong>Ulm Sehensw\u00fcrdigkeiten<\/strong>. Die Rede ist vom <b>Fischerviertel Ulm<\/b>, das das bedeutendste Altstadtensemble Ulms darstellt. <\/p>\n<p style=\"text-align: justify;\">An der M\u00fcndung der Blau in die Donau gelegen, verzaubert das Fischerviertel mit Fachwerkromantik, alten G\u00e4sschen und verwinkelten Durchg\u00e4ngen sowie seinen Br\u00fccken und Stegen im \u00dcberfluss. <\/p>\n<h3>Dort wo fr\u00fcher die Fischer lebten<\/h3>\n<p style=\"text-align: justify;\">Einst lebten und arbeiteten hier vor allem Handwerker, deren Arbeit im Zusammenhang mit dem Wasser stand. Zu ihnen z\u00e4hlten u.a. Fischer, Gerber, Seifensieder oder M\u00fcller.<\/p>\n<p style=\"text-align: justify;\">Heute finden sich im restaurierten Fischerviertel hingegen vor allem Restaurants, Galerien und kleine Gesch\u00e4fte. Sie laden zum Schlendern, Genie\u00dfen und Verweilen ein. Wer f\u00fcr einen kurzen Moment in der Geschichte der Stadt schwelgen m\u00f6chte, ist im Fischerviertel also genau richtig.<\/p>\n<hr>\n<h2>Platz 3: Architektur<\/h2>\n<div align=\"center\">\n<blockquote class=\"instagram-media\" style=\"background: #FFF; border: 0; border-radius: 3px; box-shadow: 0 0 1px 0 rgba(0,0,0,0.5),0 1px 10px 0 rgba(0,0,0,0.15); margin: 1px; max-width: 500px; padding: 0; width: calc(100% - 2px);\" data-instgrm-version=\"7\">\n<div style=\"padding: 8px;\">\n<div style=\"background: #F8F8F8; line-height: 0; margin-top: 40px; padding: 50.0% 0; text-align: center; width: 100%;\"><\/div>\n<p style=\"color: #c9c8cd; font-family: Arial,sans-serif; font-size: 14px; line-height: 17px; margin-bottom: 0; margin-top: 8px; overflow: hidden; padding: 8px 0 7px; text-align: center; text-overflow: ellipsis; white-space: nowrap;\"><a style=\"color: #c9c8cd; font-family: Arial,sans-serif; font-size: 14px; font-style: normal; font-weight: normal; line-height: 17px; text-decoration: none;\" href=\"https:\/\/www.instagram.com\/p\/BFWbTjlyhQh\/\" target=\"_blank\" rel=\"noopener\">Ein von Stadt Ulm (@stadtulm) gepostetes Foto<\/a> am <time style=\"font-family: Arial,sans-serif; font-size: 14px; line-height: 17px;\" datetime=\"2016-05-13T14:15:06+00:00\">13. Mai 2016 um 7:15 Uhr<\/time><\/p>\n<\/div>\n<\/blockquote>\n<p><script async defer src=\"\/\/platform.instagram.com\/en_US\/embeds.js\"><\/script><\/div>\n<p style=\"text-align: justify;\">Gegens\u00e4tze ziehen sich an! Das gilt besonders f\u00fcr die Architektur Ulms und unseren dritten Platz der Top 10 Ulm Sehensw\u00fcrdigkeiten. <\/p>\n<p style=\"text-align: justify;\">Beherbergt die Stadt auf der einen Seite beeindruckende historische Geb\u00e4udeensembles, zeigt sie mit super modernen Bauten auf der anderen Seite ein spannendes architektonisches Zusammenspiel. <\/p>\n<h3>Altes und neues Ulm<\/h3>\n<p style=\"text-align: justify;\">So\u00a0gibt es in Ulms Stadtmitte zum Beispiel historische Bauten wie das Rathaus, den Marktplatz und das Ulmer M\u00fcnster zu bestaunen, w\u00e4hrend in Neu-Ulm so moderne Bauten wie das Wei\u00dfe Stadthaus und die pyramidale, gl\u00e4serne Zentralbibliothek warten.<\/p>\n<p style=\"text-align: justify;\">Dort wo einst eine vierspurige Stra\u00dfe durch die Stadtmitte f\u00fchrte, ist in den vergangenen Jahren viel Neues entstanden. So erwuchs in Ulms Stadtzentrum unter dem Motto \u201eMittelalter trifft Moderne\u201c ein beeindruckendes architektonisches Ensemble aus Alt und Neu. <\/p>\n<hr>\n<h2>Platz 4: Ulms Museen<\/h2>\n<div align=\"center\">\n<blockquote class=\"instagram-media\" style=\"background: #FFF; border: 0; border-radius: 3px; box-shadow: 0 0 1px 0 rgba(0,0,0,0.5),0 1px 10px 0 rgba(0,0,0,0.15); margin: 1px; max-width: 500px; padding: 0; width: calc(100% - 2px);\" data-instgrm-version=\"7\">\n<div style=\"padding: 8px;\">\n<div style=\"background: #F8F8F8; line-height: 0; margin-top: 40px; padding: 50.0% 0; text-align: center; width: 100%;\"><\/div>\n<p style=\"color: #c9c8cd; font-family: Arial,sans-serif; font-size: 14px; line-height: 17px; margin-bottom: 0; margin-top: 8px; overflow: hidden; padding: 8px 0 7px; text-align: center; text-overflow: ellipsis; white-space: nowrap;\"><a style=\"color: #c9c8cd; font-family: Arial,sans-serif; font-size: 14px; font-style: normal; font-weight: normal; line-height: 17px; text-decoration: none;\" href=\"https:\/\/www.instagram.com\/p\/9A4pHNw9FK\/\" target=\"_blank\" rel=\"noopener\">Ein von Bengisu Akbil (@elixirolife) gepostetes Foto<\/a> am <time style=\"font-family: Arial,sans-serif; font-size: 14px; line-height: 17px;\" datetime=\"2015-10-19T09:17:01+00:00\">19. Okt 2015 um 2:17 Uhr<\/time><\/p>\n<\/div>\n<\/blockquote>\n<p><script async defer src=\"\/\/platform.instagram.com\/en_US\/embeds.js\"><\/script><\/div>\n<p style=\"text-align: justify;\">Wer zu einem Urlaub nach Ulm an der Donau aufbricht, wird \u00fcberrascht sein \u00fcber das Spektrum der Museen und Ausstellungen. <\/p>\n<p style=\"text-align: justify;\">Beispielsweise\u00a0erhalten Sie in den Kultureinrichtungen der Stadt Einblick in die Zeit der Ur- und Fr\u00fchgeschichte oder in die Kunst der Moderne. Sich f\u00fcr eines der Museen zu entscheiden, ist in Ulm daher alles andere als leicht.<\/p>\n<h3>Das Museum der Brotkultur<\/h3>\n<p style=\"text-align: justify;\">Wie w\u00e4re es zum Beispiel mit dem Besuch des <a href=\"http:\/\/www.museum-brotkultur.de\" target=\"_blank\" rel=\"nofollow noopener\">Museums der Brotkultur<\/a>? Es gibt Ihnen unter anderem einen spannenden Einblick in die Bedeutung von Getreide und Brot f\u00fcr die kulturelle Entwicklung der Menschheit. Ein Fokus liegt dabei auf der Darstellung von Mangel an Brot bzw. seiner Geschichte und Gegenwart.<\/p>\n<h3>Weitere Museen in Ulm<\/h3>\n<ul>\n<li style=\"font-size:15px!important;line-height:26px!important;\">Das Wassermuseum Ulm<\/li>\n<li style=\"font-size:15px!important;line-height:26px!important;\">Das Frisurenmuseum Neu-Ulm<\/li>\n<li style=\"font-size:15px!important;line-height:26px!important;\">Die gedenkst\u00e4tte wei\u00dfe Rose<\/li>\n<li style=\"font-size:15px!important;line-height:26px!important;\">Der Kunstpfad Universit\u00e4t Ulm<\/li>\n<li style=\"font-size:15px!important;line-height:26px!important;\">Das Haus der Stadtgeschichte.<\/li>\n<\/ul>\n<p style=\"text-align: justify;\">In Ulm gibt es also immer etwas zu entdecken. Erleben Sie Kultur pur mit den Top 10 Ulm Sehensw\u00fcrdigkeiten!<\/p>\n<hr>\n<h2>Platz 5: Schiefe Haus<\/h2>\n<div align=\"center\">\n<blockquote class=\"instagram-media\" style=\"background: #FFF; border: 0; border-radius: 3px; box-shadow: 0 0 1px 0 rgba(0,0,0,0.5),0 1px 10px 0 rgba(0,0,0,0.15); margin: 1px; max-width: 500px; padding: 0; width: calc(100% - 2px);\" data-instgrm-version=\"7\">\n<div style=\"padding: 8px;\">\n<div style=\"background: #F8F8F8; line-height: 0; margin-top: 40px; padding: 37.5% 0; text-align: center; width: 100%;\"><\/div>\n<p style=\"color: #c9c8cd; font-family: Arial,sans-serif; font-size: 14px; line-height: 17px; margin-bottom: 0; margin-top: 8px; overflow: hidden; padding: 8px 0 7px; text-align: center; text-overflow: ellipsis; white-space: nowrap;\"><a style=\"color: #c9c8cd; font-family: Arial,sans-serif; font-size: 14px; font-style: normal; font-weight: normal; line-height: 17px; text-decoration: none;\" href=\"https:\/\/www.instagram.com\/p\/BETqlaJR0BC\/\" target=\"_blank\" rel=\"noopener\">Ein von Toni Mart\u00edn (@burjatoni) gepostetes Foto<\/a> am <time style=\"font-family: Arial,sans-serif; font-size: 14px; line-height: 17px;\" datetime=\"2016-04-17T15:59:30+00:00\">17. Apr 2016 um 8:59 Uhr<\/time><\/p>\n<\/div>\n<\/blockquote>\n<p><script async defer src=\"\/\/platform.instagram.com\/en_US\/embeds.js\"><\/script><\/div>\n<p style=\"text-align: justify;\">Schiefstes Haus der Welt! Diesen kuriosen Titel tr\u00e4gt das <strong>Schiefe Haus<\/strong> in der Ulmer Altstadt. <\/p>\n<p style=\"text-align: justify;\">Es befindet sich am Fu\u00dfe der <strong>Staufermauer<\/strong>, an und \u00fcber der malerischen Blau. Hervor geht der schiefe Bau aus einem kleinen, Mitte des 14. Jahrhundert entstandenen sp\u00e4tgotischen Fachwerkhaus, dessen einstige Gr\u00f6\u00dfe bis in die Gegenwart erhalten geblieben ist.<\/p>\n<h3>Warum ist das Haus Schief?<\/h3>\n<p style=\"text-align: justify;\">Seine Schieflage von 9 bis 10 Grad ist auf die enorm weite, schr\u00e4g unterstrebte Verkragung \u00fcber die Blau zur\u00fcckzuf\u00fchren. Was auf den ersten Blick ziemlich beeindruckend anzusehen ist, musste im 17. Jahrhundert allerdings bereits durch eine grundlegende Erneuerung abgefangen werden, da das Haus einzust\u00fcrzen drohte.<\/p>\n<p style=\"text-align: justify;\">Seit rund 20 Jahren befindet sich im Schiefen Haus nun ein Hotel. Platz 5 der Ulm Sehensw\u00fcrdigkeiten sollten Sie sich nicht entgehen lassen!<\/p>\n<hr>\n<h2>Platz 6: Rathaus Ulm<\/h2>\n<div align=\"center\">\n<blockquote class=\"instagram-media\" style=\"background: #FFF; border: 0; border-radius: 3px; box-shadow: 0 0 1px 0 rgba(0,0,0,0.5),0 1px 10px 0 rgba(0,0,0,0.15); margin: 1px; max-width: 500px; padding: 0; width: calc(100% - 2px);\" data-instgrm-version=\"7\">\n<div style=\"padding: 8px;\">\n<div style=\"background: #F8F8F8; line-height: 0; margin-top: 40px; padding: 62.5% 0; text-align: center; width: 100%;\"><\/div>\n<p style=\"color: #c9c8cd; font-family: Arial,sans-serif; font-size: 14px; line-height: 17px; margin-bottom: 0; margin-top: 8px; overflow: hidden; padding: 8px 0 7px; text-align: center; text-overflow: ellipsis; white-space: nowrap;\"><a style=\"color: #c9c8cd; font-family: Arial,sans-serif; font-size: 14px; font-style: normal; font-weight: normal; line-height: 17px; text-decoration: none;\" href=\"https:\/\/www.instagram.com\/p\/BHgpi2DD7rl\/\" target=\"_blank\" rel=\"noopener\">Ein von Fabrizia (@cuoritaly) gepostetes Foto<\/a> am <time style=\"font-family: Arial,sans-serif; font-size: 14px; line-height: 17px;\" datetime=\"2016-07-06T06:34:43+00:00\">5. Jul 2016 um 23:34 Uhr<\/time><\/p>\n<\/div>\n<\/blockquote>\n<p><script async defer src=\"\/\/platform.instagram.com\/en_US\/embeds.js\"><\/script><\/div>\n<p style=\"text-align: justify;\">Das Ulmer Rathaus sichert sich in unserer Liste der Ulmer Sehensw\u00fcrdigkeiten den sechsten Platz. <\/p>\n<h3>Imposante Fassade<\/h3>\n<p style=\"text-align: justify;\">Es  befindet sich nahe des Ulmer M\u00fcnsters und ist gut an seiner beeindruckenden Au\u00dfenbemalung aus der Zeit der Fr\u00fchrenaissance zu erkennen. Die Malereien bilden lehrhafte Darstellungen von Geboten, Tugenden und Lastern ab und stammen aus dem Jahr 1900. <\/p>\n<p style=\"text-align: justify;\">Eigentlich sind sie aber wesentlich \u00e4lter. Sie mussten jedoch aufgrund der Witterung neu aufgetragen werden.<\/p>\n<p style=\"text-align: justify;\">Die \u00e4ltesten Geb\u00e4udeteile stammen aus dem Jahr 1370. Damals geh\u00f6rten sie allerdings noch zum \u201eneuen Kaufhaus\u201c. Erst 1417 fand das Geb\u00e4ude dann erstmals als Rathaus von Ulm Erw\u00e4hnung.<\/p>\n<h3>Astronomische Uhr in Ulm<\/h3>\n<p style=\"text-align: justify;\">Einen besonderen Augenschmaus erhielt das Rathaus zudem im Jahr 1520 mit seiner reich verzierten <strong>astronomischen Uhr<\/strong>, die ein beliebtes Fotomotiv ist. <\/p>\n<p style=\"text-align: justify;\">Und im Inneren? Im Jahr 1944 brannte das Rathaus zu gro\u00dfen Teilen aus. Nur das Erdgeschoss und das 1. Obergeschoss des S\u00fcdfl\u00fcgels blieben unbeschadet.<\/p>\n<hr>\n<h2>Platz 7: Theater Ulm<\/h2>\n<div align=\"center\">\n<blockquote class=\"instagram-media\" data-instgrm-permalink=\"https:\/\/www.instagram.com\/p\/BfQk2YGgI-p\/?utm_source=ig_embed\" data-instgrm-version=\"9\" style=\" background:#FFF; border:0; border-radius:3px; box-shadow:0 0 1px 0 rgba(0,0,0,0.5),0 1px 10px 0 rgba(0,0,0,0.15); margin: 1px; max-width:540px; min-width:326px; padding:0; width:99.375%; width:-webkit-calc(100% - 2px); width:calc(100% - 2px);\">\n<div style=\"padding:8px;\">\n<div style=\" background:#F8F8F8; line-height:0; margin-top:40px; padding:50.0% 0; text-align:center; width:100%;\">\n<div style=\" background:url(data:image\/png;base64,iVBORw0KGgoAAAANSUhEUgAAACwAAAAsCAMAAAApWqozAAAABGdBTUEAALGPC\/xhBQAAAAFzUkdCAK7OHOkAAAAMUExURczMzPf399fX1+bm5mzY9AMAAADiSURBVDjLvZXbEsMgCES5\/P8\/t9FuRVCRmU73JWlzosgSIIZURCjo\/ad+EQJJB4Hv8BFt+IDpQoCx1wjOSBFhh2XssxEIYn3ulI\/6MNReE07UIWJEv8UEOWDS88LY97kqyTliJKKtuYBbruAyVh5wOHiXmpi5we58Ek028czwyuQdLKPG1Bkb4NnM+VeAnfHqn1k4+GPT6uGQcvu2h2OVuIf\/gWUFyy8OWEpdyZSa3aVCqpVoVvzZZ2VTnn2wU8qzVjDDetO90GSy9mVLqtgYSy231MxrY6I2gGqjrTY0L8fxCxfCBbhWrsYYAAAAAElFTkSuQmCC); display:block; height:44px; margin:0 auto -44px; position:relative; top:-22px; width:44px;\"><\/div>\n<\/div>\n<p style=\" color:#c9c8cd; font-family:Arial,sans-serif; font-size:14px; line-height:17px; margin-bottom:0; margin-top:8px; overflow:hidden; padding:8px 0 7px; text-align:center; text-overflow:ellipsis; white-space:nowrap;\"><a href=\"https:\/\/www.instagram.com\/p\/BfQk2YGgI-p\/?utm_source=ig_embed\" style=\" color:#c9c8cd; font-family:Arial,sans-serif; font-size:14px; font-style:normal; font-weight:normal; line-height:17px; text-decoration:none;\" target=\"_blank\" rel=\"noopener\">Ein Beitrag geteilt von Zweilandstadt (@zweilandstadt)<\/a> am <time style=\" font-family:Arial,sans-serif; font-size:14px; line-height:17px;\" datetime=\"2018-02-16T13:19:19+00:00\">Feb 16, 2018 um 5:19 PST<\/time><\/p>\n<\/div>\n<\/blockquote>\n<p><script async defer src=\"\/\/www.instagram.com\/embed.js\"><\/script><\/div>\n<p style=\"text-align: justify;\">Wer Lust auf Kultur hat, sollte unseren 7. Platz der beliebtesten Ulm Sehensw\u00fcrdigkeiten nicht verpassen! Diesen sichert sich n\u00e4mlich das <strong>Theater Ulm<\/strong>. Das kulturelle Zentrum der Donaustadt bietet seinem Publikum erstklassige Auff\u00fchrungen in den folgenden Sparten:<\/p>\n<ul>\n<li style=\"font-size:15px!important;line-height:26px!important;\">Musiktheater<\/li>\n<li style=\"font-size:15px!important;line-height:26px!important;\">Schauspiel<\/li>\n<li style=\"font-size:15px!important;line-height:26px!important;\">Ballett<\/li>\n<\/ul>\n<p style=\"text-align: justify;\">Wer sich Karten f\u00fcr eine Auff\u00fchrung gesichert hat, findet das Dreispartentheater auf dem Herbert-von-Karajan-Platz 1. Der gro\u00dfe Dirigent  Herbert von Karajan war lange Zeit im Theater Ulm als Erster Kapellmeister t\u00e4tig. <\/p>\n<h3>Das \u00e4lteste Stadttheater Deutschlands<\/h3>\n<p style=\"text-align: justify;\">Mit einer mehr als 375 Jahre w\u00e4hrenden Geschichte kann sich das Theater Ulm zudem als <b>\u00e4ltestes Stadttheater Deutschlands<\/b> bezeichnen. Der heutige Theaterbau entstand \u00fcbrigens Ende der 1970er Jahre.<\/p>\n<div class=\"tipp_center\"><strong>Tipp:<\/strong> Das Theater ist verdienterma\u00dfen eine der gefragtesten Ulm Sehensw\u00fcrdigkeiten. Wer jedoch Musik und Schauspiel auch bei einem <strong>Musical<\/strong> erleben m\u00f6chte, sollte unbedingt einen <a href=\"https:\/\/www.travelcircus.de\/musical-stuttgart\" target=\"_blank\" rel=\"noopener\">Musicaltripp nach Stuttgart<\/a> unternehmen.<\/p>\n<\/div>\n<hr>\n<h2>Platz 8: Einstein-Brunnen<\/h2>\n<div align=\"center\">\n<blockquote class=\"instagram-media\" data-instgrm-permalink=\"https:\/\/www.instagram.com\/p\/BYNn4QTFPpn\/?utm_source=ig_embed\" data-instgrm-version=\"9\" style=\" background:#FFF; border:0; border-radius:3px; box-shadow:0 0 1px 0 rgba(0,0,0,0.5),0 1px 10px 0 rgba(0,0,0,0.15); margin: 1px; max-width:540px; min-width:326px; padding:0; width:99.375%; width:-webkit-calc(100% - 2px); width:calc(100% - 2px);\">\n<div style=\"padding:8px;\">\n<div style=\" background:#F8F8F8; line-height:0; margin-top:40px; padding:50.0% 0; text-align:center; width:100%;\">\n<div style=\" background:url(data:image\/png;base64,iVBORw0KGgoAAAANSUhEUgAAACwAAAAsCAMAAAApWqozAAAABGdBTUEAALGPC\/xhBQAAAAFzUkdCAK7OHOkAAAAMUExURczMzPf399fX1+bm5mzY9AMAAADiSURBVDjLvZXbEsMgCES5\/P8\/t9FuRVCRmU73JWlzosgSIIZURCjo\/ad+EQJJB4Hv8BFt+IDpQoCx1wjOSBFhh2XssxEIYn3ulI\/6MNReE07UIWJEv8UEOWDS88LY97kqyTliJKKtuYBbruAyVh5wOHiXmpi5we58Ek028czwyuQdLKPG1Bkb4NnM+VeAnfHqn1k4+GPT6uGQcvu2h2OVuIf\/gWUFyy8OWEpdyZSa3aVCqpVoVvzZZ2VTnn2wU8qzVjDDetO90GSy9mVLqtgYSy231MxrY6I2gGqjrTY0L8fxCxfCBbhWrsYYAAAAAElFTkSuQmCC); display:block; height:44px; margin:0 auto -44px; position:relative; top:-22px; width:44px;\"><\/div>\n<\/div>\n<p style=\" color:#c9c8cd; font-family:Arial,sans-serif; font-size:14px; line-height:17px; margin-bottom:0; margin-top:8px; overflow:hidden; padding:8px 0 7px; text-align:center; text-overflow:ellipsis; white-space:nowrap;\"><a href=\"https:\/\/www.instagram.com\/p\/BYNn4QTFPpn\/?utm_source=ig_embed\" style=\" color:#c9c8cd; font-family:Arial,sans-serif; font-size:14px; font-style:normal; font-weight:normal; line-height:17px; text-decoration:none;\" target=\"_blank\" rel=\"noopener\">Ein Beitrag geteilt von Salvo Russo (@salvoruss)<\/a> am <time style=\" font-family:Arial,sans-serif; font-size:14px; line-height:17px;\" datetime=\"2017-08-25T10:08:18+00:00\">Aug 25, 2017 um 3:08 PDT<\/time><\/p>\n<\/div>\n<\/blockquote>\n<p><script async defer src=\"\/\/www.instagram.com\/embed.js\"><\/script><\/div>\n<h3>Ulm und Albert Einstein<\/h3>\n<p style=\"text-align: justify;\">Einmal Ulmer, immer Ulmer! Einer der ber\u00fchmtesten S\u00f6hne Ulms ist kein geringerer als <b>Albert Einstein<\/b>. Am 14. M\u00e4rz 1879 kam das weltbekannte Genie in Ulm zur Welt. <\/p>\n<p style=\"text-align: justify;\">Obwohl Einstein nur 15 Monate in der Stadt lebte, f\u00fchlte er sich der Stadt aber bis zu seinem Tod verbunden.<\/p>\n<h3>Brunnen zu Ehren Einsteins<\/h3>\n<p style=\"text-align: justify;\">Im Jahr 1984 erstellte die Stadt Ulm ihm zu Ehren eine Bronzeguss-Plastik, die vom Bildhauer J\u00fcrgen Goertz stammt. Diese befindet sich auf dem Gel\u00e4nde des historischen Zeughauses und besteht aus insgesamt drei Elementen:<\/p>\n<ul>\n<li style=\"font-size:15px!important;line-height:26px!important;\">einem <strong>Raketenstumpf<\/strong>, der f\u00fcr die Technik, Eroberung des Alls und atomare Bedrohung steht<\/li>\n<li style=\"font-size:15px!important;line-height:26px!important;\">einem <strong>Schneckenhaus<\/strong>, das die Natur, Weisheit und Skepsis im Gegensatz zur menschlichen Beherrschung der Technik symbolisiert<\/li>\n<li style=\"font-size:15px!important;line-height:26px!important;\">dem <strong>Kopf Einsteins<\/strong>, welcher aus dem Schneckenhaus herausragt und die Zunge herausstreckt<\/li>\n<\/ul>\n<p style=\"text-align: justify;\">Auf diese Weise hat die Stadt ihrem ber\u00fchmtesten Sohn ein geniales Denkmal gesetzt. Und ferner ein interessantes Ausflugsziel in Ulm geschaffen. Somit geh\u00f6rt der <strong>Einstein-Brunnen<\/strong> definitiv zu unserer Top 10 der beliebtesten Ulm Sehensw\u00fcrdigkeiten.<\/p>\n<hr>\n<h2>Platz 9: Donau-Aquarium<\/h2>\n<div align=\"center\">\n<blockquote class=\"instagram-media\" style=\"background: #FFF; border: 0; border-radius: 3px; box-shadow: 0 0 1px 0 rgba(0,0,0,0.5),0 1px 10px 0 rgba(0,0,0,0.15); margin: 1px; max-width: 500px; padding: 0; width: calc(100% - 2px);\" data-instgrm-version=\"7\">\n<div style=\"padding: 8px;\">\n<div style=\"background: #F8F8F8; line-height: 0; margin-top: 40px; padding: 50.0% 0; text-align: center; width: 100%;\"><\/div>\n<p style=\"color: #c9c8cd; font-family: Arial,sans-serif; font-size: 14px; line-height: 17px; margin-bottom: 0; margin-top: 8px; overflow: hidden; padding: 8px 0 7px; text-align: center; text-overflow: ellipsis; white-space: nowrap;\"><a style=\"color: #c9c8cd; font-family: Arial,sans-serif; font-size: 14px; font-style: normal; font-weight: normal; line-height: 17px; text-decoration: none;\" href=\"https:\/\/www.instagram.com\/p\/BL0hlWojrD7\/\" target=\"_blank\" rel=\"noopener\">Ein von Stadt Ulm (@stadtulm) gepostetes Foto<\/a> am <time style=\"font-family: Arial,sans-serif; font-size: 14px; line-height: 17px;\" datetime=\"2016-10-21T09:55:33+00:00\">21. Okt 2016 um 2:55 Uhr<\/time><\/p>\n<\/div>\n<\/blockquote>\n<p><script async defer src=\"\/\/platform.instagram.com\/en_US\/embeds.js\"><\/script><\/div>\n<p style=\"text-align: justify;\">Mit Platz 9 wird\u2019s tierisch! Ein Besuch des Tiergartens mit <strong>Donau-Aquarium<\/strong> sollte auf Ihrer To-do-Liste der spannendsten Attraktionen in Ulm auf keinen Fall fehlen.<\/p>\n<h3>Der Tiergarten<\/h3>\n<p style=\"text-align: justify;\">Denn im Tiergarten erleben Sie mehr als 2.000 Tiere hautnah. Dabei gibt es sowohl zahlreiche heimische Arten als auch exotische Bewohner zu bestaunen. Entdecken Sie bei einem Besuch des Tiergarten zum Beispiel Pfeilgiftfr\u00f6sche und Leguane. Im Tropenhaus warten dann Affen, Krokodile und farbenpr\u00e4chtige V\u00f6gel.<\/p>\n<h3>Die Unterwasserwelt der Donau<\/h3>\n<p style=\"text-align: justify;\">Ein Highlight im <strong>Tiergarten Ulm<\/strong> ist unter anderem das Donau-Aquarium. Dabei handelt es sich um ein 250.000 Liter fassendes Kaltwasserbecken, das einem \u00fcberdachten Schaukasten f\u00fcr heimische Fischarten gleichkommt. <\/p>\n<p style=\"text-align: justify;\">Im Donau-Aquarium Ulm haben Sie die Gelegenheit, in die Flusswelt der Donau einzutauchen und viele ihrer Bewohner kennenzulernen. Durchlaufen Sie doch den gl\u00e4sernen Tunnel, der von Flussbarschen, Hechten oder Rotaugen umschwommen wird. <\/p>\n<p style=\"text-align: justify;\"><span style=\"color: #20A894;\">\u00d6ffnungszeiten: t\u00e4glich April &#8211; September: 10.00 \u2013 18.00 Uhr | Oktober \u2013 M\u00e4rz: 10.00 \u2013 17. 00 Uhr<\/p>\n<hr>\n<h2>Platz 10: Botanischer Garten Ulm<\/h2>\n<div align=\"center\">\n<blockquote class=\"instagram-media\" style=\"background: #FFF; border: 0; border-radius: 3px; box-shadow: 0 0 1px 0 rgba(0,0,0,0.5),0 1px 10px 0 rgba(0,0,0,0.15); margin: 1px; max-width: 500px; padding: 0; width: calc(100% - 2px);\" data-instgrm-version=\"7\">\n<div style=\"padding: 8px;\">\n<div style=\"background: #F8F8F8; line-height: 0; margin-top: 40px; padding: 50.0% 0; text-align: center; width: 100%;\"><\/div>\n<p style=\"color: #c9c8cd; font-family: Arial,sans-serif; font-size: 14px; line-height: 17px; margin-bottom: 0; margin-top: 8px; overflow: hidden; padding: 8px 0 7px; text-align: center; text-overflow: ellipsis; white-space: nowrap;\"><a style=\"color: #c9c8cd; font-family: Arial,sans-serif; font-size: 14px; font-style: normal; font-weight: normal; line-height: 17px; text-decoration: none;\" href=\"https:\/\/www.instagram.com\/p\/BITGIqZB3pc\/\" target=\"_blank\" rel=\"noopener\">Ein von Tante Jana (@zumnaehenindenkeller) gepostetes Foto<\/a> am <time style=\"font-family: Arial,sans-serif; font-size: 14px; line-height: 17px;\" datetime=\"2016-07-25T20:46:35+00:00\">25. Jul 2016 um 13:46 Uhr<\/time><\/p>\n<\/div>\n<\/blockquote>\n<p><script async defer src=\"\/\/platform.instagram.com\/en_US\/embeds.js\"><\/script><\/div>\n<p style=\"text-align: justify;\">Festhalten, jetzt wird\u2019s gr\u00fcn! Den 10. Platz unserer Top 10 Ulm Sehensw\u00fcrdigkeiten hat sich eine gr\u00fcne Lunge Ulms gesichert. Die Rede ist vom <strong>Botanischen Garten<\/strong> der Stadt. <\/p>\n<p style=\"text-align: justify;\">Er wurde 1981 gegr\u00fcndet und geh\u00f6rt zur Universit\u00e4t Ulm. Mit einer Fl\u00e4che von ganzen 28 Hektar z\u00e4hlt er zu den gr\u00f6\u00dften Universit\u00e4tsg\u00e4rten Deutschlands. Dabei erstreckt er sich vom Oberen Eselsberg bis zum Lehrer Tal.<\/p>\n<h3>Eine abwechslungsreiche Pflanzenwelt<\/h3>\n<p style=\"text-align: justify;\">Bei einem Besuch des Botanischen Gartens erwartet Sie zum Beispiel die Gew\u00e4chshausanlage. Sie beheimatet zahlreiche tropische Nutz-, Heil- und Zierpflanzen. Weiter in Richtung Lehrer Tal durchqueren Sie verschiedene Themeng\u00e4rten wie das Farntal, den Apothekergarten oder den Tagliniengarten. <\/p>\n<p style=\"text-align: justify;\">Im Anschluss daran f\u00fchrt Sie der Weg durch schattige W\u00e4lder und saftige Wiesen in den s\u00fcdlichen Teil des Botanischen Gartens. Dort warten ferner zum Beispiel der Bauerngarten, das Rosarium oder aber die biologische Abteilung. <\/p>\n<p style=\"text-align: justify;\">Freuen Sie sich auf eine der beeindruckendsten Ulm Sehensw\u00fcrdigkeiten!<\/p>\n<p style=\"text-align: justify;\"><span style=\"color: #20A894;\">\u00d6ffnungszeiten: t\u00e4glich 1. M\u00e4rz \u2013 15. Oktober: 09.00 \u2013 20.00 Uhr | 16. Oktober \u2013 28. Februar: 09.00 \u2013 16.30 Uhr<\/span><\/p>\n<hr>\n<p>&nbsp;<\/p>\n<h2>Die Top 10 Ulm Sehensw\u00fcrdigkeiten auf den Punkt gebracht<\/h2>\n<p>Ein <strong>Urlaub in Ulm<\/strong> ist mehr als lohnenswert. Denn die Donaustadt h\u00e4lt sowohl f\u00fcr Abenteurer und Entdecker als auch f\u00fcr Kultur- und Naturfans das Richtige bereit. <\/p>\n<p style=\"text-align: justify;\">Unsere Top 10 der beliebtesten Ulm Sehensw\u00fcrdigkeiten verspricht Ihnen einen bunten Mix, der deutlich macht, wie vielseitig die Stadt ist. Freuen Sie sich daher auf ein beeindruckendes Zusammenspiel aus Tradition und Moderne, aus Historie und Innovation sowie spannendem Erlebnis.<\/p>\n<p style=\"text-align: justify;\">Gibt es Sehensw\u00fcrdigkeiten in Ulm, die Sie selbst schon besucht und unbedingt weiterempfehlen wollen? Etwas, das Reisende bei einem Rundgang nicht verpassen d\u00fcrfen?<\/p>\n<\/p>\n<h2>Ulm: Die wichtigsten Zahlen und Fakten im \u00dcberblick<\/h2>\n<div class=\"intro\">\n<ul>\n<li><strong>Bundesland:<\/strong> Baden-W\u00fcrttemberg <\/li>\n<li><strong>Einwohner:<\/strong> ca. 124.000  <\/li>\n<li><strong>Gr\u00f6\u00dfe:<\/strong> 118,69 km\u00b2<\/li>\n<li><strong>Sprache:<\/strong> deutsch <\/li>\n<li><strong>W\u00e4hrung:<\/strong> Euro <\/li>\n<li><strong>Zeitzone:<\/strong> Mitteleurop\u00e4ische Zeit (UTC +1) <\/li>\n<li><strong>Durchschnittstemperatur im Sommer:<\/strong> 14,3 \u00b0C <\/li>\n<li><strong>Durchschnittstemperatur im Winter:<\/strong> 2,4 \u00b0C <\/li>\n<\/ul>\n<\/div>\n<p>&nbsp;<\/p>\n<h2>Diese Sehensw\u00fcrdigkeiten in der Umgebung k\u00f6nnten Sie auch interessieren:<\/h2>\n<ol>\n1. <a href=\"https:\/\/www.travelcircus.de\/urlaubsziele\/augsburg-sehenswuerdigkeiten\/\" rel=\"noopener\" target=\"_blank\">Sehensw\u00fcrdigkeiten Augsburg<\/a><br \/>\n2. <a href=\"https:\/\/www.travelcircus.de\/urlaubsziele\/top-10-sehenswuerdigkeiten-muenchen\/\" rel=\"noopener\" target=\"_blank\">Sehensw\u00fcrdigkeiten M\u00fcnchen<\/a><br \/>\n3. <a href=\"https:\/\/www.travelcircus.de\/urlaubsziele\/top-10-sehenswuerdigkeiten-stuttgart\/\" rel=\"noopener\" target=\"_blank\">Sehensw\u00fcrdigkeiten Stuttgart<\/a>\n<\/ol>\n","protected":false},"excerpt":{"rendered":"<p>\u201eIn Ulm, um Ulm und um Ulm herum!\u201c Der ber\u00fchmte Zungenbrecher beschreibt bereits sehr gut, dass Ulm sowohl innerhalb als auch au\u00dferhalb seiner Stadtgrenzen jede Menge zu bieten hat. Hier treffen zum Beispiel ein beeindruckender Architekturmix auf historische St\u00e4tten und zahlreiche G\u00e4rten und Parks. Diese werden von tollen Museen, Theatern sowie Sammlungen von Weltrang ideal &#8230; <a title=\"Ulm Sehensw\u00fcrdigkeiten &#8211; Die Top 10 der beliebtesten Attraktionen\" class=\"read-more\" href=\"https:\/\/www.travelcircus.de\/urlaubsziele\/ulm-sehenswuerdigkeiten\/\" aria-label=\"Mehr Informationen \u00fcber Ulm Sehensw\u00fcrdigkeiten &#8211; Die Top 10 der beliebtesten Attraktionen\">mehr lesen.<\/a><\/p>\n","protected":false},"author":6,"featured_media":9668,"comment_status":"open","ping_status":"open","sticky":false,"template":"","format":"standard","meta":{"footnotes":""},"categories":[5,6],"tags":[231,239,240],"class_list":["post-9631","post","type-post","status-publish","format-standard","has-post-thumbnail","hentry","category-sehenswuerdigkeiten","category-sehenswuerdigkeiten-deutschland","tag-top-10","tag-ulm","tag-ulm-sehenswuerdigkeiten"],"_links":{"self":[{"href":"https:\/\/www.travelcircus.de\/urlaubsziele\/wp-json\/wp\/v2\/posts\/9631","targetHints":{"allow":["GET"]}}],"collection":[{"href":"https:\/\/www.travelcircus.de\/urlaubsziele\/wp-json\/wp\/v2\/posts"}],"about":[{"href":"https:\/\/www.travelcircus.de\/urlaubsziele\/wp-json\/wp\/v2\/types\/post"}],"author":[{"embeddable":true,"href":"https:\/\/www.travelcircus.de\/urlaubsziele\/wp-json\/wp\/v2\/users\/6"}],"replies":[{"embeddable":true,"href":"https:\/\/www.travelcircus.de\/urlaubsziele\/wp-json\/wp\/v2\/comments?post=9631"}],"version-history":[{"count":0,"href":"https:\/\/www.travelcircus.de\/urlaubsziele\/wp-json\/wp\/v2\/posts\/9631\/revisions"}],"wp:featuredmedia":[{"embeddable":true,"href":"https:\/\/www.travelcircus.de\/urlaubsziele\/wp-json\/wp\/v2\/media\/9668"}],"wp:attachment":[{"href":"https:\/\/www.travelcircus.de\/urlaubsziele\/wp-json\/wp\/v2\/media?parent=9631"}],"wp:term":[{"taxonomy":"category","embeddable":true,"href":"https:\/\/www.travelcircus.de\/urlaubsziele\/wp-json\/wp\/v2\/categories?post=9631"},{"taxonomy":"post_tag","embeddable":true,"href":"https:\/\/www.travelcircus.de\/urlaubsziele\/wp-json\/wp\/v2\/tags?post=9631"}],"curies":[{"name":"wp","href":"https:\/\/api.w.org\/{rel}","templated":true}]}}