{"id":9804,"date":"2017-01-10T15:09:07","date_gmt":"2017-01-10T14:09:07","guid":{"rendered":"https:\/\/www.travelcircus.de\/urlaubsziele\/?p=9804"},"modified":"2024-06-03T16:08:17","modified_gmt":"2024-06-03T16:08:17","slug":"eroeffnung-der-elbphilharmonie","status":"publish","type":"post","link":"https:\/\/www.travelcircus.de\/urlaubsziele\/eroeffnung-der-elbphilharmonie\/","title":{"rendered":"Er\u00f6ffnung der Elbphilharmonie"},"content":{"rendered":"<p style=\"text-align: justify;\">Lange Zeit sorgte der Bau des neuen Kultur-Wahrzeichens Hamburgs f\u00fcr \u00c4rger. 10 Jahre um genau zu sein. Doch heute, einen Tag vor der gro\u00df geplanten Er\u00f6ffnung der <strong>Elbphilharmonie<\/strong> ist von der Skepsis der letzten Jahre nicht mehr viel zu sp\u00fcren. Stattdessen macht sich Euphorie breit. Kein Wunder, verspricht die zweit\u00e4gige Er\u00f6ffnungsfeier doch ein Spektakel der Extraklasse, zu dem auch die Bundeskanzlerin und der Bundespr\u00e4sident geladen werden. Schon seit einigen Tagen erstrahlt die Elbphilharmonie im Licht der Hochleistungsscheinwerfer. Aber nicht nur bei den Lichttechnikern steigt die Aufregung. Alles zur Er\u00f6ffnung des architektonischen Highlights in Hamburgs<strong> HafenCity<\/strong>.<\/p>\n<p><!--more--><\/p>\n<h3>Die Elbphilharmonie-Er\u00f6ffnung<\/h3>\n<p style=\"text-align: justify;\">Bisher machte die <strong>Elbphilharmonie<\/strong> vor allem durch die lange Bauzeit von sich reden. Die Fertigstellung des Geb\u00e4udes war urspr\u00fcnglich f\u00fcr das Jahr 2010 vorgesehen, verz\u00f6gerte sich aber um knapp sechs Jahre. Nun wird das Synonym des Berliner Flughafenbauchaos endlich er\u00f6ffnet und sorgt gleichwohl f\u00fcr Begeisterung und Skepsis unter Hamburgern. Die Mehrzahl aber, so scheint es zumindest, freut sich auf die Er\u00f6ffnung der Konzerthalle. Die soll die Hamburger und die deutsche Kulturlandschaft bereichern und gilt mit ihrem modernen Design in Form einer Wasserwelle, zwei Konzerts\u00e4len, einem Hotel und der zentralen Plattform auf 37 Metern H\u00f6he l\u00e4ngst als neues <strong>Wahrzeichen<\/strong> der Hansestadt. Die <strong>Er\u00f6ffnung<\/strong> soll mindestens so spektakul\u00e4r werden wie das Geb\u00e4ude selbst. Im gro\u00dfen Konzertsaal, der \u00fcbrigens Platz f\u00fcr bis zu 2.100 Menschen bietet, spielen zur Er\u00f6ffnung Geigen und Trompeten, Kanzlerin Merkel und Bundespr\u00e4sident Gauck mischen sich unter die 2.100 G\u00e4ste.<\/p>\n<p style=\"text-align: justify;\">Darunter auch knapp 1.000 Besucher, die ein Ticket bei der Verlosung ergattern konnten. Und drau\u00dfen verwandelt eine Lichtshow das Konzert in Bilder, die das n\u00e4chtliche Hamburg erleuchten. Nat\u00fcrlich werden auch die Ideengeber und Architekten hinter dem Mammutprojekt dabei sein. Darunter der Akusitker Ayuhisa Toyota, die Architekten Pierre de Meuron, Jacques Herzog und Ascan Mergenthaler. Durch die Er\u00f6ffnungsfeier f\u00fchrt dann Moderatorin Barbara Sch\u00f6neberger.<\/p>\n<blockquote class=\"instagram-media\" style=\"background: #FFF; border: 0; border-radius: 3px; box-shadow: 0 0 1px 0 rgba(0,0,0,0.5),0 1px 10px 0 rgba(0,0,0,0.15); margin: 1px; max-width: 658px; padding: 0; width: calc(100% - 2px);\" data-instgrm-captioned=\"\" data-instgrm-version=\"7\">\n<div style=\"padding: 8px;\">\n<div style=\"background: #F8F8F8; line-height: 0; margin-top: 40px; padding: 61.442516269% 0; text-align: center; width: 100%;\"><\/div>\n<p style=\"margin: 8px 0 0 0; padding: 0 4px;\"><a style=\"color: #000; font-family: Arial,sans-serif; font-size: 14px; font-style: normal; font-weight: normal; line-height: 17px; text-decoration: none; word-wrap: break-word;\" href=\"https:\/\/www.instagram.com\/p\/BOonTGAA53K\/\" target=\"_blank\" rel=\"noopener\">Crystal clear. ? ___ Repost via @tomtehh #elbphilharmonie #hamburg #architecture<\/a><\/p>\n<p style=\"color: #c9c8cd; font-family: Arial,sans-serif; font-size: 14px; line-height: 17px; margin-bottom: 0; margin-top: 8px; overflow: hidden; padding: 8px 0 7px; text-align: center; text-overflow: ellipsis; white-space: nowrap;\">Ein von Elbphilharmonie Hamburg (@elbphilharmonie) gepostetes Foto am <time style=\"font-family: Arial,sans-serif; font-size: 14px; line-height: 17px;\" datetime=\"2016-12-30T08:28:47+00:00\">30. Dez 2016 um 0:28 Uhr<\/time><\/p>\n<\/div>\n<\/blockquote>\n<p><script async defer src=\"\/\/platform.instagram.com\/en_US\/embeds.js\"><\/script><\/p>\n<div class=\"tipp_center\">F\u00fcr alle, die nicht dabei sein k\u00f6nnen, \u00fcbertr\u00e4gt NDR.de Festakt, Lichtshow und das Er\u00f6ffnungskonzert live. Hamburger und Hamburg-Besucher k\u00f6nnen zumindest die Lichtshow aber auch drau\u00dfen erleben. Den besten Blick haben Sie im Hafen oder von den Landungsbr\u00fccke aus.<\/div>\n<p style=\"text-align: justify;\">Aber auch nach der pomp\u00f6sen Er\u00f6ffnung soll \u201e<strong>Elphi<\/strong>\u201c, wie das Konzerthaus auch genannt wird, f\u00fcr Aufsehen sorgen, Mit klassischen und modernen Konzerten, einem Luxus-Hotel und einer einmaligen Architektur. Die Tickets f\u00fcr die erste Saison sind seit langem ausverkauft. Wie sich die <strong>Elbphilharmonie<\/strong> nach Abklingen der gro\u00dfen Euphoriewelle entwickelt, bleibt abzuwarten.<\/p>\n<h3>Vom Lagerhaus zum Design-Wahrzeichen<\/h3>\n<blockquote class=\"instagram-media\" style=\"background: #FFF; border: 0; border-radius: 3px; box-shadow: 0 0 1px 0 rgba(0,0,0,0.5),0 1px 10px 0 rgba(0,0,0,0.15); margin: 1px; max-width: 658px; padding: 0; width: calc(100% - 2px);\" data-instgrm-captioned=\"\" data-instgrm-version=\"7\">\n<div style=\"padding: 8px;\">\n<div style=\"background: #F8F8F8; line-height: 0; margin-top: 40px; padding: 50.0% 0; text-align: center; width: 100%;\"><\/div>\n<p style=\"margin: 8px 0 0 0; padding: 0 4px;\"><a style=\"color: #000; font-family: Arial,sans-serif; font-size: 14px; font-style: normal; font-weight: normal; line-height: 17px; text-decoration: none; word-wrap: break-word;\" href=\"https:\/\/www.instagram.com\/p\/BOxYSqQAkXd\/\" target=\"_blank\" rel=\"noopener\">Reeperbahn nachts um halb eins &#8211; fast. ? Danke Klubhaus St. Pauli, dass ihr mit uns den Count-Town feiert. ?? ___ Thank you Klubhaus St. Pauli for celebrating the Count-Town with us. ?? #elbphilharmonie #hamburg #reeperbahn<\/a><\/p>\n<p style=\"color: #c9c8cd; font-family: Arial,sans-serif; font-size: 14px; line-height: 17px; margin-bottom: 0; margin-top: 8px; overflow: hidden; padding: 8px 0 7px; text-align: center; text-overflow: ellipsis; white-space: nowrap;\">Ein von Elbphilharmonie Hamburg (@elbphilharmonie) gepostetes Foto am <time style=\"font-family: Arial,sans-serif; font-size: 14px; line-height: 17px;\" datetime=\"2017-01-02T18:10:49+00:00\">2. Jan 2017 um 10:10 Uhr<\/time><\/p>\n<\/div>\n<\/blockquote>\n<p><script async defer src=\"\/\/platform.instagram.com\/en_US\/embeds.js\"><\/script><\/p>\n<p>Die <strong>Elbphilharmonie<\/strong> entstand an einem historischen Ort, in der heutigen HafenCity. 1875 wurde hier das gr\u00f6\u00dfte Lagerhaus des Hamburger Hafens errichtet. Im Kaiserspeicher wurden bis in die 90er Jahre hinein Kakao, Tee und Tabak gelagert. 2007 wurden die Au\u00dfenmauern des Speichers in den Bau der neuen Elbphilharmonie integriert. Damals war die Er\u00f6ffnung des gr\u00f6\u00dften Hamburger Konzerthauses noch f\u00fcr 2010 vorgesehen, die Gesamtkosten sollten sich auf 186 Millionen Euro belaufen. Mit knapp sieben Jahren Versp\u00e4tung und 800 Millionen Euro Kosten \u00f6ffnet <strong>Elphi<\/strong> nun endlich die T\u00fcren f\u00fcr Klassikfans aus aller Welt.<\/p>\n<p>Das Herzst\u00fcck der Philharmonie bildet der gro\u00dfe Konzertsaal, der neben einmaliger Akustik auch auf allen Pl\u00e4tzen eine gute Sicht auf die B\u00fchne gew\u00e4hrt. Die Verkleidung besteht aus 10.000 Gipsfaserplatten, die die \u201eWei\u00dfe Haut\u201c des Saales bilden. Die Glasfassade, schon von Weitem gut sichtbar, besteht aus 1.100 unterschiedlich gebogenen Glaselementen, die die Sonnenstrahlung nach Au\u00dfen reflektieren. F\u00fcr die Innenausstattung waren die Designer Marcel Besau und Eva Marguerre zust\u00e4ndig. Das junge Hamburger Design-Duo setzte dabei auf ausgew\u00e4hlte M\u00f6bel und modernes Design. Alles im Einklang mit der Architektur des Geb\u00e4udes.<\/p>\n<p style=\"text-align: justify;\">\u00dcbrigens: Angeblich sind die Kosten f\u00fcr den Elphi-Bau auch deshalb so in die H\u00f6he geschossen, weil es zu architektonischen Fehleinsch\u00e4tzungen und \u00fcberfl\u00fcssigen Ausgaben kam. Bei der Toiletten-Ausstattung zum Beispiel. Hier ist von Klob\u00fcrsten im Wert von 292 Euro und Handtuchspendern f\u00fcr 957 Euro die Rede. Die Verantwortlichen korrigierten den Klob\u00fcrsten-Betrag \u00fcbrigens sp\u00e4ter auf 41 Euro pro St\u00fcck.<\/p>\n<h3>Zu Besuch in der Elphi<\/h3>\n<blockquote class=\"instagram-media\" style=\"background: #FFF; border: 0; border-radius: 3px; box-shadow: 0 0 1px 0 rgba(0,0,0,0.5),0 1px 10px 0 rgba(0,0,0,0.15); margin: 1px; max-width: 658px; padding: 0; width: calc(100% - 2px);\" data-instgrm-captioned=\"\" data-instgrm-version=\"7\">\n<div style=\"padding: 8px;\">\n<div style=\"background: #F8F8F8; line-height: 0; margin-top: 40px; padding: 61.758360302% 0; text-align: center; width: 100%;\"><\/div>\n<p style=\"margin: 8px 0 0 0; padding: 0 4px;\"><a style=\"color: #000; font-family: Arial,sans-serif; font-size: 14px; font-style: normal; font-weight: normal; line-height: 17px; text-decoration: none; word-wrap: break-word;\" href=\"https:\/\/www.instagram.com\/p\/BMhWemYgQDJ\/\" target=\"_blank\" rel=\"noopener\">So this happens when you get the best Instagrammers together. ? @berlinstagram just took a beautiful pic of the #Elbphilharmonie. ___ #hamburgahoi #welovehh #hamburg #archtitecture #architecturelover #archidaily<\/a><\/p>\n<p style=\"color: #c9c8cd; font-family: Arial,sans-serif; font-size: 14px; line-height: 17px; margin-bottom: 0; margin-top: 8px; overflow: hidden; padding: 8px 0 7px; text-align: center; text-overflow: ellipsis; white-space: nowrap;\">Ein von Elbphilharmonie Hamburg (@elbphilharmonie) gepostetes Foto am <time style=\"font-family: Arial,sans-serif; font-size: 14px; line-height: 17px;\" datetime=\"2016-11-07T19:44:20+00:00\">7. Nov 2016 um 11:44 Uhr<\/time><\/p>\n<\/div>\n<\/blockquote>\n<p><script async defer src=\"\/\/platform.instagram.com\/en_US\/embeds.js\"><\/script><\/p>\n<p style=\"text-align: justify;\">Wer sich kein Ticket f\u00fcr <strong>Er\u00f6ffnungsfeier<\/strong> und die erste, bereits ausverkaufte, Saison sichern konnte, hat trotzdem die M\u00f6glichkeit die Elbphilharmonie zu entdecken. In der <a href=\"https:\/\/www.elbphilharmonie.de\/de\/elbphilharmonie\" target=\"_blank\" rel=\"noopener\">Plaza <\/a>zum Beispiel. Sie bildet die Nahtstelle zwischen dem traditionsreichen <strong>Hafenspeicher<\/strong> und dem gl\u00e4sernen Neubau \u2013 und gew\u00e4hrt auf 37 Metern H\u00f6he einen Rundumblick auf den Hamburger Hafen und die Sehensw\u00fcrdigkeiten der Hansestadt. F\u00fcr alle, die noch mehr Luxus wollen, gibt es au\u00dferdem ein integriertes Sterne-Hotel, das <strong>Westin Hamburg<\/strong>. Neben einer 1.300 m\u00b2 gro\u00dfen Wellnesslandschaft gibt es auch einen Fitnessbereich, 244 Zimmer und Suiten und ein Restaurant. In der gegen\u00fcberliegenden Westspitze stehen 45 Apartments zum Verkauf. Der Gro\u00dfteil der extravaganten Wohnungen soll bereits verkauft sein. Und das bei Preisen von rund 35.000 Euro pro Quadratmeter.<\/p>\n<p style=\"text-align: justify;\">Dar\u00fcber hinaus finden Sie im Elphi ein Restaurant, futuristische Foyers, den kleinen Saal, der aber mit 550 Pl\u00e4tzen immer noch gro\u00df genug ist f\u00fcr Kammermusik und Jazz-Konzerte und die <strong>Kaistudios<\/strong>. Hier sollen Proben, Musikprogramme und Workshops stattfinden. Der beste Weg hinauf auf die Plaza und zu den Konzerts\u00e4len ist \u00fcbrigens die Tube, eine 82 Meter lange, leicht gew\u00f6lbte Rolltreppe, die quer durch das Geb\u00e4ude f\u00fchrt. Erstmal k\u00f6nnen Sie sich aber auf die Er\u00f6ffnungsfeier samt Konzert freuen, das nicht nur auf NDR.de, sondern auch von einigen Radiosendern \u00fcbertragen wird.<\/p>\n","protected":false},"excerpt":{"rendered":"<p>Lange Zeit sorgte der Bau des neuen Kultur-Wahrzeichens Hamburgs f\u00fcr \u00c4rger. 10 Jahre um genau zu sein. Doch heute, einen Tag vor der gro\u00df geplanten Er\u00f6ffnung der Elbphilharmonie ist von der Skepsis der letzten Jahre nicht mehr viel zu sp\u00fcren. Stattdessen macht sich Euphorie breit. Kein Wunder, verspricht die zweit\u00e4gige Er\u00f6ffnungsfeier doch ein Spektakel der &#8230; <a title=\"Er\u00f6ffnung der Elbphilharmonie\" class=\"read-more\" href=\"https:\/\/www.travelcircus.de\/urlaubsziele\/eroeffnung-der-elbphilharmonie\/\" aria-label=\"Mehr Informationen \u00fcber Er\u00f6ffnung der Elbphilharmonie\">mehr lesen.<\/a><\/p>\n","protected":false},"author":5,"featured_media":9809,"comment_status":"open","ping_status":"open","sticky":false,"template":"","format":"standard","meta":{"footnotes":""},"categories":[4,10],"tags":[],"class_list":["post-9804","post","type-post","status-publish","format-standard","has-post-thumbnail","hentry","category-reisetipps","category-urlaub-in-deutschland"],"_links":{"self":[{"href":"https:\/\/www.travelcircus.de\/urlaubsziele\/wp-json\/wp\/v2\/posts\/9804","targetHints":{"allow":["GET"]}}],"collection":[{"href":"https:\/\/www.travelcircus.de\/urlaubsziele\/wp-json\/wp\/v2\/posts"}],"about":[{"href":"https:\/\/www.travelcircus.de\/urlaubsziele\/wp-json\/wp\/v2\/types\/post"}],"author":[{"embeddable":true,"href":"https:\/\/www.travelcircus.de\/urlaubsziele\/wp-json\/wp\/v2\/users\/5"}],"replies":[{"embeddable":true,"href":"https:\/\/www.travelcircus.de\/urlaubsziele\/wp-json\/wp\/v2\/comments?post=9804"}],"version-history":[{"count":0,"href":"https:\/\/www.travelcircus.de\/urlaubsziele\/wp-json\/wp\/v2\/posts\/9804\/revisions"}],"wp:featuredmedia":[{"embeddable":true,"href":"https:\/\/www.travelcircus.de\/urlaubsziele\/wp-json\/wp\/v2\/media\/9809"}],"wp:attachment":[{"href":"https:\/\/www.travelcircus.de\/urlaubsziele\/wp-json\/wp\/v2\/media?parent=9804"}],"wp:term":[{"taxonomy":"category","embeddable":true,"href":"https:\/\/www.travelcircus.de\/urlaubsziele\/wp-json\/wp\/v2\/categories?post=9804"},{"taxonomy":"post_tag","embeddable":true,"href":"https:\/\/www.travelcircus.de\/urlaubsziele\/wp-json\/wp\/v2\/tags?post=9804"}],"curies":[{"name":"wp","href":"https:\/\/api.w.org\/{rel}","templated":true}]}}