{"id":9900,"date":"2017-01-19T15:05:53","date_gmt":"2017-01-19T14:05:53","guid":{"rendered":"https:\/\/www.travelcircus.de\/urlaubsziele\/?p=9900"},"modified":"2026-03-17T13:09:30","modified_gmt":"2026-03-17T13:09:30","slug":"gruene-woche","status":"publish","type":"post","link":"https:\/\/www.travelcircus.de\/urlaubsziele\/gruene-woche\/","title":{"rendered":"Internationale Gr\u00fcne Woche Berlin 2018"},"content":{"rendered":"<h3>Startschuss f\u00fcr eine kulinarische Weltreise &#8211; die Gr\u00fcne Woche<\/h3>\n<p style=\"text-align: justify;\">Gr\u00fcn, gr\u00fcner, Gr\u00fcne Woche Berlin! Endlich ist es wieder so weit. Am 19. Januar 2018 wird die <b>83. Internationale Gr\u00fcne Woche<\/b> auf dem Messegel\u00e4nde Berlin feierlich er\u00f6ffnet. Seit jeher stehen die Themen Ern\u00e4hrung, Landwirtschaft und Gartenbau im Fokus der einzigartigen Messe, die die weltweit gr\u00f6\u00dfte ihrer Art ist. In diesem Jahr pr\u00e4sentieren\u00a0\u00fcber\u00a0<b>1.600 Aussteller aus 66 L\u00e4ndern<\/b> ihre Produkte. Diese reichen von innovativem Street Food \u00fcber schwarze Bratwurst bis hin zu veganem Eis. Kulinarisch l\u00e4sst die Gr\u00fcne Woche Berlin also definitiv keine W\u00fcnsche offen. Partnerland ist in diesem Jahr Bulgarien.<\/p>\n<p style=\"text-align: justify;\">Warum sich eine <a href=\"https:\/\/www.travelcircus.de\/gourmetreisen\" target=\"_blank\" rel=\"noopener noreferrer\">kulinarische Reise<\/a> zu der einzigartigen Ausstellung lohnt, erfahren Sie jetzt!<\/p>\n<div class=\"yt-video\"><iframe src=\"https:\/\/www.youtube-nocookie.com\/embed\/XG6JfZHwoxE?rel=0\" width=\"560\" height=\"315\" frameborder=\"0\" allowfullscreen=\"allowfullscreen\"><\/iframe><\/div>\n<h3>Was ist die Internationale Gr\u00fcne Woche?<\/h3>\n<p style=\"text-align: justify;\">Die Internationale Gr\u00fcne Woche (kurz IGW) ist die <b>weltweit gr\u00f6\u00dfte Messe f\u00fcr Ern\u00e4hrung, Landwirtschaft und Gartenbau<\/b>. In diesem Jahr findet sie vom 19. bis 28. Januar 2018 statt. Sie ist Ausgangspunkt f\u00fcr das sogenannte \u201eGlobal Forum for Food an Agriculture\u201c (kurz GFFA). In diesem Zusammenhang treffen sich w\u00e4hrend der Gr\u00fcnen Woche mehr als 60 internationale Ministerien und Nahrungsmittelproduzenten, die sowohl ein Fachpublikum als auch alle Interessierten in die Welt der Nahrungs- und Genussmittel eintauchen lassen.<\/p>\n<p style=\"text-align: justify;\">Dabei pr\u00e4sentieren L\u00e4nder wie Litauen, Thailand, Chile oder aber Vietnam <strong>landestypische Spezialit\u00e4ten<\/strong>. Aber auch viele deutsche Bundesl\u00e4nder sind mit eigenen Hallen vertreten und stellen ihre Produkte vor.<\/p>\n<div align=\"center\">\n<blockquote class=\"instagram-media\" style=\"background: #FFF; border: 0; border-radius: 3px; box-shadow: 0 0 1px 0 rgba(0,0,0,0.5),0 1px 10px 0 rgba(0,0,0,0.15); margin: 1px; max-width: 500px; padding: 0; width: calc(100% - 2px);\" data-instgrm-version=\"7\">\n<div style=\"padding: 8px;\">\n<div style=\"background: #F8F8F8; line-height: 0; margin-top: 40px; padding: 50.0% 0; text-align: center; width: 100%;\"><\/div>\n<p style=\"color: #c9c8cd; font-family: Arial,sans-serif; font-size: 14px; line-height: 17px; margin-bottom: 0; margin-top: 8px; overflow: hidden; padding: 8px 0 7px; text-align: center; text-overflow: ellipsis; white-space: nowrap;\"><a style=\"color: #c9c8cd; font-family: Arial,sans-serif; font-size: 14px; font-style: normal; font-weight: normal; line-height: 17px; text-decoration: none;\" href=\"https:\/\/www.instagram.com\/p\/wLpdp7HM3m\/\" target=\"_blank\" rel=\"noopener noreferrer\">Ein von Alexander Nu\u00dfbaum (@mralexnuss) gepostetes Foto<\/a> am <time style=\"font-family: Arial,sans-serif; font-size: 14px; line-height: 17px;\" datetime=\"2014-12-04T10:47:54+00:00\">4. Dez 2014 um 2:47 Uhr<\/time><\/p>\n<\/div>\n<\/blockquote>\n<p><script async defer src=\"\/\/platform.instagram.com\/en_US\/embeds.js\"><\/script><\/p>\n<\/div>\n<p style=\"text-align: justify;\">Neben traditionellen und innovativen Lebensmittelerzeugnissen setzt sich die Gr\u00fcne Woche aber auch mit Schwerpunkten wie Bio-Energie, nachwachsenden Rohstoffen oder l\u00e4ndlichen R\u00e4umen der Zukunft auseinander. Zudem werden praktische und wissenschaftliche Erkenntnisse aus den Bereichen Land- und Forstwirtschaft sowie Gartenbau vorgestellt. Begleitet wird die Gr\u00fcne Woche dar\u00fcber hinaus von einem <strong>gro\u00dfen Rahmenprogramm<\/strong> aus mehr als 300 Symposien, Seminaren, und Kongressen sowie tollen Sonderschauen.<\/p>\n<p style=\"text-align: justify;\">Im Jahr 2016 z\u00e4hlte die Gr\u00fcne Woche in Berlin bereits 380.000 Besucher. Und auch in diesem Jahr wird mit rund 400.000 Besuchern aus aller Welt gerechnet, die das 118.000 m\u00b2 gro\u00dfe Messegel\u00e4nde unter dem Funkturm erobern.<\/p>\n<h3>Wann findet die Gr\u00fcne Woche 2018 statt?<\/h3>\n<p style=\"text-align: justify;\">2018 haben Sie vom 19. bis 28. Januar die Gelegenheit auf eine kulinarische Weltreise zu gehen. Im kommenden Jahr ist die Gr\u00fcne Woche dann vom 18. bis 27. Januar geplant. Einen Gel\u00e4ndeplan mit Hallen\u00fcbersicht erhalten Sie <a href=\"http:\/\/www.gruenewoche.de\/FuerBesucher\/Gelaendeplan\/\" target=\"_blank\" rel=\"nofollow noopener noreferrer\">hier<\/a>.<\/p>\n<h3>Was bietet die Erlebniswelt Gr\u00fcne Woche genau an?<\/h3>\n<p style=\"text-align: justify;\">Auf der Gr\u00fcnen Woche 2018 in Berlin erfahren Sie viel Wissenswertes \u00fcber die Bereiche Landwirtschaft, Ern\u00e4hrung und Gartenbau. Daf\u00fcr k\u00f6nnen Sie in bunte Blumenwelten eintauchen, in der Tierhalle einen Blick auf seltene Fjordpferde werfen oder sich beim Mahlen von Mehl auf dem M\u00fchlenfahrrad ausprobieren.<\/p>\n<div align=\"center\">\n<blockquote class=\"instagram-media\" style=\"background: #FFF; border: 0; border-radius: 3px; box-shadow: 0 0 1px 0 rgba(0,0,0,0.5),0 1px 10px 0 rgba(0,0,0,0.15); margin: 1px; max-width: 500px; padding: 0; width: calc(100% - 2px);\" data-instgrm-version=\"7\">\n<div style=\"padding: 8px;\">\n<div style=\"background: #F8F8F8; line-height: 0; margin-top: 40px; padding: 45.0% 0; text-align: center; width: 100%;\"><\/div>\n<p style=\"color: #c9c8cd; font-family: Arial,sans-serif; font-size: 14px; line-height: 17px; margin-bottom: 0; margin-top: 8px; overflow: hidden; padding: 8px 0 7px; text-align: center; text-overflow: ellipsis; white-space: nowrap;\"><a style=\"color: #c9c8cd; font-family: Arial,sans-serif; font-size: 14px; font-style: normal; font-weight: normal; line-height: 17px; text-decoration: none;\" href=\"https:\/\/www.instagram.com\/p\/BA57-Fpolti\/\" target=\"_blank\" rel=\"noopener noreferrer\">Ein von Anastasia (@anastasiafantasiaaa) gepostetes Foto<\/a> am <time style=\"font-family: Arial,sans-serif; font-size: 14px; line-height: 17px;\" datetime=\"2016-01-24T02:36:59+00:00\">23. Jan 2016 um 18:36 Uhr<\/time><\/p>\n<\/div>\n<\/blockquote>\n<p><script async defer src=\"\/\/platform.instagram.com\/en_US\/embeds.js\"><\/script><\/p>\n<\/div>\n<p>Freuen Sie sich zum Beispiel auf:<\/p>\n<ul>\n<li>ein breit gef\u00e4chertes Angebot von Nahrungs- und Genussmitteln aus aller Welt<\/li>\n<li>bunte M\u00e4rkte, z.B. zu Wein, Bier, Wurst, Seafood, Gew\u00fcrzen oder Kr\u00e4utern<\/li>\n<li>Produkte aus den Bereichen Haushaltstechnik, K\u00fcchenger\u00e4te und -einrichtungen<\/li>\n<li>alles rund ums Jagen und Angeln<\/li>\n<li>Gartenbedarf und Heimtiere<\/li>\n<li>die Ausstellung von Ger\u00e4ten, Maschinen und Ausstattung f\u00fcr Landwirtschaft und Gartenbau<\/li>\n<li>S\u00e4mereien und Gew\u00e4chsh\u00e4user<\/li>\n<\/ul>\n<h3>Wer geh\u00f6rt zu den Ausstellern auf der Gr\u00fcnen Woche 2018?<\/h3>\n<p style=\"text-align: justify;\">In diesem Jahr gibt es mehr als 1.650 Aussteller aus 66 verschiedenen L\u00e4ndern auf der IGW. Zu den internationalen Ausstellern geh\u00f6ren zum Beispiel:<\/p>\n<ul>\n<li>Afrika: Kenia und Madagaskar<\/li>\n<li>Asien: Vietnam und Kambodscha<\/li>\n<li>Europa: Finnland und\u00a0Lettland<\/li>\n<li>Nordamerika: Kanada und USA<\/li>\n<li>Ozeanien: Neuseeland<\/li>\n<li>S\u00fcdamerika: Chile und Kolumbien<\/li>\n<\/ul>\n<p style=\"text-align: justify;\">Dar\u00fcber hinaus gibt es viele nationale Aussteller. Daran nehmen bis auf das Saarland und Hamburg alle Bundesl\u00e4nder teil. Zu den ausstellenden Firmen bzw. Manufakturen geh\u00f6ren zum Beispiel <i>Quarki, Bananen-Fred, Bauer Fruchtsaft <\/i> oder das <i>Belgian Waffle House<\/i>.<\/p>\n<h3>Welche Sonderausstellungen gibt es auf der Messe?<\/h3>\n<p style=\"text-align: justify;\">Wie jedes Jahr gibt es auf dem Messegel\u00e4nde Berlin zahlreiche tolle Sonderausstellungen. Einige von ihnen stellen wir Ihnen im Folgenden vor.<\/p>\n<h4>Die Biohalle:<\/h4>\n<p style=\"text-align: justify;\">In Halle 1.2 B erleben Sie zum Beispiel <b>Bio in gro\u00dfer Vielfalt<\/b>. Hier erfahren Sie beispielsweise wie Bio-H\u00fchner artgerecht gehalten werden und warum K\u00fche \u00fcberhaupt H\u00f6rner haben. Sie k\u00f6nnen aber auch auf dem M\u00fchlenfahrrad Mehl mahlen. Kulinarische K\u00f6stlichkeiten in bester Bioqualit\u00e4t zum Naschen stehen nat\u00fcrlich auch bereit.<\/p>\n<h4>Die Blumenhalle:<\/h4>\n<p style=\"text-align: justify;\">In Halle 2.2 l\u00e4sst der Fr\u00fchling gr\u00fc\u00dfen. Hier tauchen Sie bei einem Besuch in ein <b>buntes Blumenmeer aus zehntausenden Fr\u00fchlingsbl\u00fchern<\/b> ein. Dazu geh\u00f6ren u.a. Tulpen sowie Narzissen. Aber auch Lavendel, Rosen und Orchideen gibt es hier zu bestaunen. F\u00fcr ein gartenfachliches B\u00fchnenprogramm ist auch hier gesorgt.<\/p>\n<div align=\"center\">\n<blockquote class=\"instagram-media\" style=\"background: #FFF; border: 0; border-radius: 3px; box-shadow: 0 0 1px 0 rgba(0,0,0,0.5),0 1px 10px 0 rgba(0,0,0,0.15); margin: 1px; max-width: 500px; padding: 0; width: calc(100% - 2px);\" data-instgrm-version=\"7\">\n<div style=\"padding: 8px;\">\n<div style=\"background: #F8F8F8; line-height: 0; margin-top: 40px; padding: 50.0% 0; text-align: center; width: 100%;\"><\/div>\n<p style=\"color: #c9c8cd; font-family: Arial,sans-serif; font-size: 14px; line-height: 17px; margin-bottom: 0; margin-top: 8px; overflow: hidden; padding: 8px 0 7px; text-align: center; text-overflow: ellipsis; white-space: nowrap;\"><a style=\"color: #c9c8cd; font-family: Arial,sans-serif; font-size: 14px; font-style: normal; font-weight: normal; line-height: 17px; text-decoration: none;\" href=\"https:\/\/www.instagram.com\/p\/BAsCPZpHhOv\/\" target=\"_blank\" rel=\"noopener noreferrer\">Ein von Isa (@laceandfreakles) gepostetes Foto<\/a> am <time style=\"font-family: Arial,sans-serif; font-size: 14px; line-height: 17px;\" datetime=\"2016-01-18T17:02:24+00:00\">18. Jan 2016 um 9:02 Uhr<\/time><\/p>\n<\/div>\n<\/blockquote>\n<p><script async defer src=\"\/\/platform.instagram.com\/en_US\/embeds.js\"><\/script>&gt;<\/p>\n<\/div>\n<h4>Der Erlebnisbauernhof:<\/h4>\n<p style=\"text-align: justify;\">Anfassen und entdecken. So lautet das Motto in Halle 3.2. Im Erlebnisbauernhof erwartet Sie eine <b>interaktive Schau zur modernen Landwirtschaft<\/b>. Im Mittelpunkt steht dabei das Thema Fr\u00fchst\u00fcck. Erfahren Sie, wie tagt\u00e4glich Lebensmittel, Rohstoffe und Energie sicher erzeugt werden k\u00f6nnen und erhalten Sie Einblick in die Produktionsbereiche Brot &amp; Getreide, Milchprodukte &amp; K\u00e4se, Zucker sowie Wurst &amp; Fleisch.<\/p>\n<h4>Die Markthalle Street Food:<\/h4>\n<p style=\"text-align: justify;\">In Halle 12 hei\u00dft es st\u00f6bern, entdecken und probieren. Hier gibt es angefangen vom Street Food \u00fcber Craftbeer bis hin zu den Eigenkreationen kleiner Manufakturen so gut wie alles. Freuen Sie sich zum Beispiel auf <b>koreanische Delimanjoo (kleine gef\u00fcllte Pfannkuchen), veganes Eis der Berliner Eismanufaktur oder aber \u201eSchwarzes Essen\u201c<\/b>. Letzteres ist mit medizinischer Pflanzenkohle und Sepia-Tinten schwarz gef\u00e4rbt. Angeboten werden etwa schwarze Pommes oder schwarzes Chili con Carne. Und, trauen Sie sich?<\/p>\n<div align=\"center\">\n<blockquote class=\"instagram-media\" style=\"background: #FFF; border: 0; border-radius: 3px; box-shadow: 0 0 1px 0 rgba(0,0,0,0.5),0 1px 10px 0 rgba(0,0,0,0.15); margin: 1px; max-width: 500px; padding: 0; width: calc(100% - 2px);\" data-instgrm-version=\"7\">\n<div style=\"padding: 8px;\">\n<div style=\"background: #F8F8F8; line-height: 0; margin-top: 40px; padding: 50.0% 0; text-align: center; width: 100%;\"><\/div>\n<p style=\"color: #c9c8cd; font-family: Arial,sans-serif; font-size: 14px; line-height: 17px; margin-bottom: 0; margin-top: 8px; overflow: hidden; padding: 8px 0 7px; text-align: center; text-overflow: ellipsis; white-space: nowrap;\"><a style=\"color: #c9c8cd; font-family: Arial,sans-serif; font-size: 14px; font-style: normal; font-weight: normal; line-height: 17px; text-decoration: none;\" href=\"https:\/\/www.instagram.com\/p\/BA27hDcmcFq\/\" target=\"_blank\" rel=\"noopener noreferrer\">Ein von Bianca (@biancagelink) gepostetes Foto<\/a> am <time style=\"font-family: Arial,sans-serif; font-size: 14px; line-height: 17px;\" datetime=\"2016-01-22T22:35:18+00:00\">22. Jan 2016 um 14:35 Uhr<\/time><\/p>\n<\/div>\n<\/blockquote>\n<p><script async defer src=\"\/\/platform.instagram.com\/en_US\/embeds.js\"><\/script><\/p>\n<\/div>\n<h4>Garten und Lebensart:<\/h4>\n<p style=\"text-align: justify;\">In Halle 26 (und auch 25) wird\u2019s tierisch! Tauchen Sie auf der Gr\u00fcnen Woche in die Erlebniswelt der Heimtiere ein und bestaunen Sie tolle Aquarien- und Terrarienschauen. In der Halle warten auch Alpakas, Rassenkatzen und -kaninchen auf Sie. Gerne k\u00f6nnen Sie auch bei einer Hundevorf\u00fchrung dabeisein. Experten geben vor Ort auch Tipps zur artgerechten Haltung. In der benachbarten Tierhalle haben Sie zudem die M\u00f6glichkeit Fjordpferde oder Rasseenten kennenzulernen.<\/p>\n<h3>Wo findet die Ausstellung statt und wie reise ich an?<\/h3>\n<p style=\"text-align: justify;\">Die Internationale Gr\u00fcne Woche finden Besucher auf dem <b>Messegel\u00e4nde Berlin<\/b> in den Hallen 1 bis 26. Eing\u00e4nge finden Sie am Eingang S\u00fcd, Halle 7, Ost Halle 14, Nord Halle 19 sowie Halle 25\/26.<\/p>\n<p style=\"text-align: justify;\">Um auf die Gr\u00fcne Woche zu kommen, empfiehlt es sich, <b>mit \u00f6ffentlichen Verkehrsmitteln anzureisen<\/b>. Mit der S-Bahn steuern Sie daher am besten die Bahnh\u00f6fe Messe S\u00fcd, Messe Nord oder Westkreuz an. Bei Fahrt mit der U-Bahn den Theodor-Heuss-Platz oder den Kaiserdamm. Reisen Sie mit dem Auto an, finden Sie <b>Parkpl\u00e4tze<\/b> in der Jaff\u00e9stra\u00dfe, der Masurenallee, im Parkhaus ICC, der Neuen Kantstra\u00dfe oder am Olympiastadion (kostenloser Shuttleservice zum Messegel\u00e4nde).<\/p>\n<div align=\"center\">\n<blockquote class=\"instagram-media\" style=\"background: #FFF; border: 0; border-radius: 3px; box-shadow: 0 0 1px 0 rgba(0,0,0,0.5),0 1px 10px 0 rgba(0,0,0,0.15); margin: 1px; max-width: 500px; padding: 0; width: calc(100% - 2px);\" data-instgrm-version=\"7\">\n<div style=\"padding: 8px;\">\n<div style=\"background: #F8F8F8; line-height: 0; margin-top: 40px; padding: 62.5% 0; text-align: center; width: 100%;\"><\/div>\n<p style=\"color: #c9c8cd; font-family: Arial,sans-serif; font-size: 14px; line-height: 17px; margin-bottom: 0; margin-top: 8px; overflow: hidden; padding: 8px 0 7px; text-align: center; text-overflow: ellipsis; white-space: nowrap;\"><a style=\"color: #c9c8cd; font-family: Arial,sans-serif; font-size: 14px; font-style: normal; font-weight: normal; line-height: 17px; text-decoration: none;\" href=\"https:\/\/www.instagram.com\/p\/BRrMmiZgB95\/\" target=\"_blank\" rel=\"noopener noreferrer\">Ein Beitrag geteilt von Edward Binder (@edy_b42)<\/a> am <time style=\"font-family: Arial,sans-serif; font-size: 14px; line-height: 17px;\" datetime=\"2017-03-15T22:07:24+00:00\">15. M\u00e4r 2017 um 15:07 Uhr<\/time><\/p>\n<\/div>\n<\/blockquote>\n<p><script async defer src=\"\/\/platform.instagram.com\/en_US\/embeds.js\"><\/script><\/p>\n<\/div>\n<p style=\"text-align: justify;\">Exklusive Unterk\u00fcnfte finden Sie w\u00e4hrend Ihres Berlin-Urlaubes im breit gef\u00e4cherten <a href=\"https:\/\/www.travelcircus.de\/staedtereisen-berlin\" target=\"_blank\" rel=\"noopener noreferrer\">Angebot von Travelcircus<\/a>.<\/p>\n<h3>Wie viel kostet ein Ticket f\u00fcr die Gr\u00fcne Woche?<\/h3>\n<p style=\"text-align: justify;\">Die Ticketpreise f\u00fcr die Gr\u00fcne Woche liegen zwischen 10 und 15 \u20ac. Eine Tageskarte kostet f\u00fcr Erwachsene 15 \u20ac. In der Happy Hour, die von Montag bis Freitag ab 14 Uhr gilt, reduziert sich der Preis \u00fcbrigens auf 10 \u20ac. Ebenfalls 10 \u20ac Eintritt zahlen Besucher an den beiden Sonntagen. Das Dauerticket, das f\u00fcr den gesamten Zeitraum g\u00fcltig ist, kostet 42 \u20ac. Die Tickets f\u00fcr die Gr\u00fcne Woche Berlin erwerben Sie <b>online oder an den Tageskassen<\/b>. Eintrittskarten k\u00f6nnen nicht reserviert werden.<\/p>\n","protected":false},"excerpt":{"rendered":"<p>Startschuss f\u00fcr eine kulinarische Weltreise &#8211; die Gr\u00fcne Woche Gr\u00fcn, gr\u00fcner, Gr\u00fcne Woche Berlin! Endlich ist es wieder so weit. Am 19. Januar 2018 wird die 83. Internationale Gr\u00fcne Woche auf dem Messegel\u00e4nde Berlin feierlich er\u00f6ffnet. Seit jeher stehen die Themen Ern\u00e4hrung, Landwirtschaft und Gartenbau im Fokus der einzigartigen Messe, die die weltweit gr\u00f6\u00dfte ihrer &#8230; <a title=\"Internationale Gr\u00fcne Woche Berlin 2018\" class=\"read-more\" href=\"https:\/\/www.travelcircus.de\/urlaubsziele\/gruene-woche\/\" aria-label=\"Mehr Informationen \u00fcber Internationale Gr\u00fcne Woche Berlin 2018\">mehr lesen.<\/a><\/p>\n","protected":false},"author":6,"featured_media":9907,"comment_status":"open","ping_status":"open","sticky":false,"template":"","format":"standard","meta":{"footnotes":""},"categories":[4],"tags":[93],"class_list":["post-9900","post","type-post","status-publish","format-standard","has-post-thumbnail","hentry","category-reisetipps","tag-gruene-woche-berlin"],"_links":{"self":[{"href":"https:\/\/www.travelcircus.de\/urlaubsziele\/wp-json\/wp\/v2\/posts\/9900","targetHints":{"allow":["GET"]}}],"collection":[{"href":"https:\/\/www.travelcircus.de\/urlaubsziele\/wp-json\/wp\/v2\/posts"}],"about":[{"href":"https:\/\/www.travelcircus.de\/urlaubsziele\/wp-json\/wp\/v2\/types\/post"}],"author":[{"embeddable":true,"href":"https:\/\/www.travelcircus.de\/urlaubsziele\/wp-json\/wp\/v2\/users\/6"}],"replies":[{"embeddable":true,"href":"https:\/\/www.travelcircus.de\/urlaubsziele\/wp-json\/wp\/v2\/comments?post=9900"}],"version-history":[{"count":1,"href":"https:\/\/www.travelcircus.de\/urlaubsziele\/wp-json\/wp\/v2\/posts\/9900\/revisions"}],"predecessor-version":[{"id":25168,"href":"https:\/\/www.travelcircus.de\/urlaubsziele\/wp-json\/wp\/v2\/posts\/9900\/revisions\/25168"}],"wp:featuredmedia":[{"embeddable":true,"href":"https:\/\/www.travelcircus.de\/urlaubsziele\/wp-json\/wp\/v2\/media\/9907"}],"wp:attachment":[{"href":"https:\/\/www.travelcircus.de\/urlaubsziele\/wp-json\/wp\/v2\/media?parent=9900"}],"wp:term":[{"taxonomy":"category","embeddable":true,"href":"https:\/\/www.travelcircus.de\/urlaubsziele\/wp-json\/wp\/v2\/categories?post=9900"},{"taxonomy":"post_tag","embeddable":true,"href":"https:\/\/www.travelcircus.de\/urlaubsziele\/wp-json\/wp\/v2\/tags?post=9900"}],"curies":[{"name":"wp","href":"https:\/\/api.w.org\/{rel}","templated":true}]}}